{"id":10408,"date":"2022-10-11T18:51:48","date_gmt":"2022-10-11T21:51:48","guid":{"rendered":"https:\/\/corrientesdetarde.com\/?p=10408"},"modified":"2022-10-11T18:57:19","modified_gmt":"2022-10-11T21:57:19","slug":"la-municipalidad-ofrece-formacion-gratuitaen-canto-actuacion-danza-y-cine","status":"publish","type":"post","link":"https:\/\/corrientesdetarde.com\/index.php\/cultura\/la-municipalidad-ofrece-formacion-gratuitaen-canto-actuacion-danza-y-cine\/","title":{"rendered":"La Municipalidad ofrece formaci\u00f3n gratuita en canto, actuaci\u00f3n, danza y cine"},"content":{"rendered":"\n<p><em>Este s\u00e1bado y domingo tendr\u00e1n lugar en la Sociedad Libanesa, las jornadas intensivas de formaci\u00f3n a cargo del director teatral y core\u00f3grafo, Ricky Pashkus. Por otra parte, se dictar\u00e1 desde ma\u00f1ana el taller \u201cCine en Comunidad\u201d en casa del Bicentenario. Las actividades son gratuitas y los interesados en participar deber\u00e1n inscribirse a trav\u00e9s del tel\u00e9fono 3794279020.<\/em><\/p>\n\n\n\n<p>&nbsp;<br>Corrientes es una ciudad de eventos, un espacio donde las distintas expresiones culturales y art\u00edsticas est\u00e1n siempre presentes y se convierten en un verdadero atractivo para locales y visitantes. Es as\u00ed que en el marco del Corrientes Baila 2022, la Municipalidad invita a participar de las jornadas intensivas de canto, actuaci\u00f3n y danza con Ricky Pashkus que se realizar\u00e1n los d\u00edas 15 y 16 de octubre en la Sociedad Libanesa, ubicada en San Lorenzo 1341, donde acompa\u00f1ar\u00e1n los maestros Ver\u00f3nica Pecollo y Mat\u00edas Ibarra.<br>&nbsp;<br>Se trata de una cl\u00ednica coordinada por la Secretar\u00eda de Cultura y Educaci\u00f3n de la Comuna y est\u00e1 destinada a personas mayores de 15 a\u00f1os, en todos sus niveles de desempe\u00f1o art\u00edstico. Ser\u00e1n jornadas de entrenamiento intensivo con interacci\u00f3n en todas las disciplinas. Para poder participar deber\u00e1n comunicarse al tel\u00e9fono 379 4279020.<br>&nbsp;<br>Al respecto, el secretario de Cultura y Educaci\u00f3n, Jos\u00e9 Sand, se\u00f1al\u00f3 que \u201cesta cl\u00ednica es una propuesta de formaci\u00f3n para artistas que forman parte de las expresiones y disciplinas de arte esc\u00e9nico de nuestra ciudad y traer a un referente internacional como Ricky Pashkus es para nosotros muy importante porque buscamos mejorar las propuestas y producciones locales&#8221;.<br>&nbsp;<br>\u201cEsta actividad est\u00e1 abierta a todos los niveles, es un entrenamiento intensivo donde se pondr\u00e1n en interacci\u00f3n todas las disciplinas. Recibir\u00e1n informaci\u00f3n que los estimule, permita crear nuevos objetivos, reconocer l\u00edmites y aptitudes para mejorar el trabajo que realizan los artistas habitualmente con sus propios maestros. Por lo tanto, implicar\u00e1 recibir nuevos aportes\u201d, concluy\u00f3 el secretario.<br>&nbsp;<br>Vale recordar que la cl\u00ednica con Ricky Pashkus se enmarca en lo que se adelant\u00f3 en la presentaci\u00f3n de esta edici\u00f3n 2022 del &#8220;Corrientes Baila&#8221; donde estaba previsto la realizaci\u00f3n de charlas, conversatorios, capacitaciones destinadas a estudiantes, cantantes, directores y profesores de instituciones del medio, con el objetivo de enriquecer la ense\u00f1anza integral a quienes se est\u00e1n formando en estas disciplinas art\u00edsticas.<br>&nbsp;<br>TALLER \u201cCINE EN COMUNIDAD\u201d<br>En marco de las m\u00faltiples opciones que la Municipalidad ofrece como espacio de promoci\u00f3n de arte y cultura, invita adem\u00e1s al taller \u201cCine en Comunidad\u201d organizado a trav\u00e9s de la Secretar\u00eda de Cultura y Educaci\u00f3n junto al Instituto Nacional de Cine y Artes Audiovisuales (INCAA). Se realizar\u00e1 los d\u00edas mi\u00e9rcoles 12, jueves 13 y viernes 14 de octubre en Casa del Bicentenario, ubicada en Caracas al 3400.<br>&nbsp;<br>La Municipalidad y el INCAA pondr\u00e1n a disposici\u00f3n de los participantes todas las herramientas que sean necesarias para el desarrollo del mismo. Comenzar\u00e1 el mi\u00e9rcoles 12, de 14,30 a 21, y continuar\u00e1 en los mismos horarios las siguientes dos jornadas. Durante todo el taller se llevar\u00e1 a cabo la producci\u00f3n integral de un cortometraje realizado y actuado por los vecinos que se inscriban y participen de la actividad. El trabajo final se proyectar\u00e1 el viernes 14, a las 20, en casa del Bicentenario.<br>&nbsp;<br>Referente al tema, el secretario de Cultura y Educaci\u00f3n, Jos\u00e9 Sand, indic\u00f3: \u201cTenemos como objetivo acercar las herramientas necesarias a los vecinos de nuestra ciudad para que puedan vivir una experiencia cinematogr\u00e1fica guiados por profesionales\u201d y a\u00f1adi\u00f3 que \u201cesto es posible gracias a la articulaci\u00f3n del trabajo en conjunto con instituciones nacionales que nos permita un trabajo sociocultural programado en el tiempo\u201d.<br>&nbsp;<br>Sobre la importancia de la realizaci\u00f3n de este tipo de encuentros en Corrientes, Sand agreg\u00f3: \u201cNos parece fundamental visibilizar la actividad audiovisual en la ciudad siendo est\u00e1 una industria cultural emergente que en los \u00faltimos a\u00f1os tuvo un gran crecimiento\u201d.<br>&nbsp;<br>Para participar del taller, la inscripci\u00f3n continuar\u00e1 abierta hasta el 15 de octubre. Est\u00e1 destinado a mayores de 18 a\u00f1os y cuenta con cupos limitados. Contar\u00e1 con m\u00f3dulos de capacitaci\u00f3n, realizaci\u00f3n integral de un cortometraje y la presentaci\u00f3n del proyecto finalizado. Los interesados deber\u00e1n anotarse llamando al 379 4279020.<\/p>\n\n\n\n<figure class=\"wp-block-image size-large\"><img loading=\"lazy\" decoding=\"async\" width=\"576\" height=\"1024\" src=\"https:\/\/corrientesdetarde.com\/wp-content\/uploads\/2022\/10\/image-108-576x1024.png\" alt=\"\" class=\"wp-image-10409\" srcset=\"https:\/\/corrientesdetarde.com\/wp-content\/uploads\/2022\/10\/image-108-576x1024.png 576w, https:\/\/corrientesdetarde.com\/wp-content\/uploads\/2022\/10\/image-108-169x300.png 169w, https:\/\/corrientesdetarde.com\/wp-content\/uploads\/2022\/10\/image-108-768x1365.png 768w, https:\/\/corrientesdetarde.com\/wp-content\/uploads\/2022\/10\/image-108-864x1536.png 864w, https:\/\/corrientesdetarde.com\/wp-content\/uploads\/2022\/10\/image-108-1152x2048.png 1152w, https:\/\/corrientesdetarde.com\/wp-content\/uploads\/2022\/10\/image-108.png 1440w\" sizes=\"auto, (max-width: 576px) 100vw, 576px\" \/><\/figure>\n\n\n\n<figure class=\"wp-block-image size-full\"><img loading=\"lazy\" decoding=\"async\" width=\"720\" height=\"522\" src=\"https:\/\/corrientesdetarde.com\/wp-content\/uploads\/2022\/10\/image-109.png\" alt=\"\" class=\"wp-image-10410\" srcset=\"https:\/\/corrientesdetarde.com\/wp-content\/uploads\/2022\/10\/image-109.png 720w, https:\/\/corrientesdetarde.com\/wp-content\/uploads\/2022\/10\/image-109-300x218.png 300w\" sizes=\"auto, (max-width: 720px) 100vw, 720px\" \/><\/figure>\n","protected":false},"excerpt":{"rendered":"<p>Este s\u00e1bado y domingo tendr\u00e1n lugar en la Sociedad Libanesa, las jornadas intensivas de formaci\u00f3n a cargo del director teatral y core\u00f3grafo, Ricky Pashkus. Por otra parte, se dictar\u00e1 desde&hellip; <\/p>\n","protected":false},"author":8,"featured_media":10411,"comment_status":"closed","ping_status":"open","sticky":false,"template":"","format":"standard","meta":{"footnotes":""},"categories":[15],"tags":[],"class_list":["post-10408","post","type-post","status-publish","format-standard","has-post-thumbnail","hentry","category-cultura"],"_links":{"self":[{"href":"https:\/\/corrientesdetarde.com\/index.php\/wp-json\/wp\/v2\/posts\/10408","targetHints":{"allow":["GET"]}}],"collection":[{"href":"https:\/\/corrientesdetarde.com\/index.php\/wp-json\/wp\/v2\/posts"}],"about":[{"href":"https:\/\/corrientesdetarde.com\/index.php\/wp-json\/wp\/v2\/types\/post"}],"author":[{"embeddable":true,"href":"https:\/\/corrientesdetarde.com\/index.php\/wp-json\/wp\/v2\/users\/8"}],"replies":[{"embeddable":true,"href":"https:\/\/corrientesdetarde.com\/index.php\/wp-json\/wp\/v2\/comments?post=10408"}],"version-history":[{"count":2,"href":"https:\/\/corrientesdetarde.com\/index.php\/wp-json\/wp\/v2\/posts\/10408\/revisions"}],"predecessor-version":[{"id":10422,"href":"https:\/\/corrientesdetarde.com\/index.php\/wp-json\/wp\/v2\/posts\/10408\/revisions\/10422"}],"wp:featuredmedia":[{"embeddable":true,"href":"https:\/\/corrientesdetarde.com\/index.php\/wp-json\/wp\/v2\/media\/10411"}],"wp:attachment":[{"href":"https:\/\/corrientesdetarde.com\/index.php\/wp-json\/wp\/v2\/media?parent=10408"}],"wp:term":[{"taxonomy":"category","embeddable":true,"href":"https:\/\/corrientesdetarde.com\/index.php\/wp-json\/wp\/v2\/categories?post=10408"},{"taxonomy":"post_tag","embeddable":true,"href":"https:\/\/corrientesdetarde.com\/index.php\/wp-json\/wp\/v2\/tags?post=10408"}],"curies":[{"name":"wp","href":"https:\/\/api.w.org\/{rel}","templated":true}]}}