{"id":104121,"date":"2023-11-22T08:27:00","date_gmt":"2023-11-22T11:27:00","guid":{"rendered":"https:\/\/corrientesdetarde.com\/?p=104121"},"modified":"2023-11-22T08:27:12","modified_gmt":"2023-11-22T11:27:12","slug":"algunas-localidades-de-corrientes-tienen-sectores-inundados","status":"publish","type":"post","link":"https:\/\/corrientesdetarde.com\/index.php\/sociales\/algunas-localidades-de-corrientes-tienen-sectores-inundados\/","title":{"rendered":"algunas localidades de Corrientes tienen sectores inundados"},"content":{"rendered":"\n<p>Varias localidades del interior provincial est\u00e1n sufriendo el embate de intensas lluvias desde anoche. En Goya (videos y fotos) varios sectores de la ciudad est\u00e1n anegados. Aunque el agua escurre relativamente r\u00e1pido, el inconveniente se agrava por el estado de los r\u00edos y riachos que est\u00e1n en suba.\u00a0<\/p>\n\n\n\n<div class=\"wp-block-group is-nowrap is-layout-flex wp-container-core-group-is-layout-ad2f72ca wp-block-group-is-layout-flex\">\n<figure class=\"wp-block-image size-full\"><img loading=\"lazy\" decoding=\"async\" width=\"540\" height=\"720\" src=\"https:\/\/corrientesdetarde.com\/wp-content\/uploads\/2023\/11\/image-489.png\" alt=\"\" class=\"wp-image-104125\" srcset=\"https:\/\/corrientesdetarde.com\/wp-content\/uploads\/2023\/11\/image-489.png 540w, https:\/\/corrientesdetarde.com\/wp-content\/uploads\/2023\/11\/image-489-225x300.png 225w\" sizes=\"auto, (max-width: 540px) 100vw, 540px\" \/><\/figure>\n\n\n\n<figure class=\"wp-block-image size-full\"><img loading=\"lazy\" decoding=\"async\" width=\"540\" height=\"720\" src=\"https:\/\/corrientesdetarde.com\/wp-content\/uploads\/2023\/11\/image-490.png\" alt=\"\" class=\"wp-image-104126\" srcset=\"https:\/\/corrientesdetarde.com\/wp-content\/uploads\/2023\/11\/image-490.png 540w, https:\/\/corrientesdetarde.com\/wp-content\/uploads\/2023\/11\/image-490-225x300.png 225w\" sizes=\"auto, (max-width: 540px) 100vw, 540px\" \/><\/figure>\n<\/div>\n\n\n\n<div class=\"wp-block-group is-nowrap is-layout-flex wp-container-core-group-is-layout-ad2f72ca wp-block-group-is-layout-flex\">\n<div class=\"wp-block-group is-nowrap is-layout-flex wp-container-core-group-is-layout-ad2f72ca wp-block-group-is-layout-flex\">\n<figure class=\"wp-block-image size-full\"><img loading=\"lazy\" decoding=\"async\" width=\"540\" height=\"720\" src=\"https:\/\/corrientesdetarde.com\/wp-content\/uploads\/2023\/11\/image-493.png\" alt=\"\" class=\"wp-image-104129\" srcset=\"https:\/\/corrientesdetarde.com\/wp-content\/uploads\/2023\/11\/image-493.png 540w, https:\/\/corrientesdetarde.com\/wp-content\/uploads\/2023\/11\/image-493-225x300.png 225w\" sizes=\"auto, (max-width: 540px) 100vw, 540px\" \/><\/figure>\n<\/div>\n\n\n\n<figure class=\"wp-block-image size-full\"><img loading=\"lazy\" decoding=\"async\" width=\"540\" height=\"720\" src=\"https:\/\/corrientesdetarde.com\/wp-content\/uploads\/2023\/11\/image-494.png\" alt=\"\" class=\"wp-image-104130\" srcset=\"https:\/\/corrientesdetarde.com\/wp-content\/uploads\/2023\/11\/image-494.png 540w, https:\/\/corrientesdetarde.com\/wp-content\/uploads\/2023\/11\/image-494-225x300.png 225w\" sizes=\"auto, (max-width: 540px) 100vw, 540px\" \/><\/figure>\n<\/div>\n","protected":false},"excerpt":{"rendered":"<p>Varias localidades del interior provincial est\u00e1n sufriendo el embate de intensas lluvias desde anoche. En Goya (videos y fotos) varios sectores de la ciudad est\u00e1n anegados. Aunque el agua escurre&hellip; <\/p>\n","protected":false},"author":1,"featured_media":104131,"comment_status":"closed","ping_status":"open","sticky":false,"template":"","format":"standard","meta":{"footnotes":""},"categories":[29,17],"tags":[],"class_list":["post-104121","post","type-post","status-publish","format-standard","has-post-thumbnail","hentry","category-clima","category-sociales"],"_links":{"self":[{"href":"https:\/\/corrientesdetarde.com\/index.php\/wp-json\/wp\/v2\/posts\/104121","targetHints":{"allow":["GET"]}}],"collection":[{"href":"https:\/\/corrientesdetarde.com\/index.php\/wp-json\/wp\/v2\/posts"}],"about":[{"href":"https:\/\/corrientesdetarde.com\/index.php\/wp-json\/wp\/v2\/types\/post"}],"author":[{"embeddable":true,"href":"https:\/\/corrientesdetarde.com\/index.php\/wp-json\/wp\/v2\/users\/1"}],"replies":[{"embeddable":true,"href":"https:\/\/corrientesdetarde.com\/index.php\/wp-json\/wp\/v2\/comments?post=104121"}],"version-history":[{"count":1,"href":"https:\/\/corrientesdetarde.com\/index.php\/wp-json\/wp\/v2\/posts\/104121\/revisions"}],"predecessor-version":[{"id":104132,"href":"https:\/\/corrientesdetarde.com\/index.php\/wp-json\/wp\/v2\/posts\/104121\/revisions\/104132"}],"wp:featuredmedia":[{"embeddable":true,"href":"https:\/\/corrientesdetarde.com\/index.php\/wp-json\/wp\/v2\/media\/104131"}],"wp:attachment":[{"href":"https:\/\/corrientesdetarde.com\/index.php\/wp-json\/wp\/v2\/media?parent=104121"}],"wp:term":[{"taxonomy":"category","embeddable":true,"href":"https:\/\/corrientesdetarde.com\/index.php\/wp-json\/wp\/v2\/categories?post=104121"},{"taxonomy":"post_tag","embeddable":true,"href":"https:\/\/corrientesdetarde.com\/index.php\/wp-json\/wp\/v2\/tags?post=104121"}],"curies":[{"name":"wp","href":"https:\/\/api.w.org\/{rel}","templated":true}]}}