{"id":10413,"date":"2022-10-11T18:55:40","date_gmt":"2022-10-11T21:55:40","guid":{"rendered":"https:\/\/corrientesdetarde.com\/?p=10413"},"modified":"2022-10-11T18:55:45","modified_gmt":"2022-10-11T21:55:45","slug":"alumnos-correntinos-visitaron-a-la-ministra-praxedes-lopez-mientras-se-preparan-para-el-desafio-eco-ypf","status":"publish","type":"post","link":"https:\/\/corrientesdetarde.com\/index.php\/locales\/alumnos-correntinos-visitaron-a-la-ministra-praxedes-lopez-mientras-se-preparan-para-el-desafio-eco-ypf\/","title":{"rendered":"Alumnos Correntinos visitaron a la ministra Pr\u00e1xedes L\u00f3pez mientras se preparan para el Desaf\u00edo ECO YPF &nbsp; &nbsp;"},"content":{"rendered":"\n<p>La ministra de Educaci\u00f3n Pr\u00e1xedes L\u00f3pez se reuni\u00f3 esta tarde con alumnos de la Escuela T\u00e9cnica Juan Manso para interiorizarse sobre la participaci\u00f3n correntina en el Desaf\u00edo ECO YPF que tendr\u00e1 lugar el 2, 3 y 4 de diciembre en San Carlos de Bariloche.&nbsp;<\/p>\n\n\n\n<p>\u201cCorrientes a trav\u00e9s de la Escuela T\u00e9cnica Juan Manso, present\u00f3 un proyecto&nbsp;y ahora estamos trabajando para plasmar ese prototipo proyectado\u201d, cont\u00f3 tras el encuentro, el director de Educaci\u00f3n T\u00e9cnica Horacio Mart\u00ednez y resalt\u00f3 tambi\u00e9n \u201cesta gesti\u00f3n tiene la particularidad de que la Ministra de Educaci\u00f3n hizo gran parte de su carrera dentro de lo que es la escuela t\u00e9cnica, entonces entiende de lo que hablamos, entiende el mensaje y las caracter\u00edsticas y l\u00f3gicamente hay un apoyo incondicional para esta propuesta\u201d.&nbsp;<\/p>\n\n\n\n<p>Adem\u00e1s de la ministra Pr\u00e1xedes L\u00f3pez y el director Horacio Mart\u00ednez, la reuni\u00f3n cont\u00f3 con la participaci\u00f3n del subsecretario de Gesti\u00f3n Educativa Julio Navias, la subsecretaria de Contenidos Audiovisuales Paula Buontempo, el director de Secundaria Sergio Guti\u00e9rrez&nbsp;<\/p>\n\n\n\n<p>Y la contadora del Inet Virginia Ram\u00edrez.&nbsp;<\/p>\n\n\n\n<p>Los alumnos que participaron son Alsina Tania, Cabrera Valeria, Usinger Guadalupe, Medina Genaro, L\u00f3pez Maximiliano y Paz Catriel. Estuvieron acompa\u00f1ados por el docente Coordinador (creador del proyecto becado desafio eco 2022) Ram\u00edrez Cesar Augusto, el docente Colaborador Loricchio Hector Horacio y el docente Colaborador-Jefe de taller- Rodr\u00edguez Leandro.\u00a0<\/p>\n\n\n\n<figure class=\"wp-block-image size-large\"><img loading=\"lazy\" decoding=\"async\" width=\"1024\" height=\"682\" src=\"https:\/\/corrientesdetarde.com\/wp-content\/uploads\/2022\/10\/image-110-1024x682.png\" alt=\"\" class=\"wp-image-10414\" srcset=\"https:\/\/corrientesdetarde.com\/wp-content\/uploads\/2022\/10\/image-110-1024x682.png 1024w, https:\/\/corrientesdetarde.com\/wp-content\/uploads\/2022\/10\/image-110-300x200.png 300w, https:\/\/corrientesdetarde.com\/wp-content\/uploads\/2022\/10\/image-110-768x512.png 768w, https:\/\/corrientesdetarde.com\/wp-content\/uploads\/2022\/10\/image-110-272x182.png 272w, https:\/\/corrientesdetarde.com\/wp-content\/uploads\/2022\/10\/image-110.png 1280w\" sizes=\"auto, (max-width: 1024px) 100vw, 1024px\" \/><\/figure>\n\n\n\n<figure class=\"wp-block-image size-large\"><img loading=\"lazy\" decoding=\"async\" width=\"1024\" height=\"682\" src=\"https:\/\/corrientesdetarde.com\/wp-content\/uploads\/2022\/10\/image-111-1024x682.png\" alt=\"\" class=\"wp-image-10415\" srcset=\"https:\/\/corrientesdetarde.com\/wp-content\/uploads\/2022\/10\/image-111-1024x682.png 1024w, https:\/\/corrientesdetarde.com\/wp-content\/uploads\/2022\/10\/image-111-300x200.png 300w, https:\/\/corrientesdetarde.com\/wp-content\/uploads\/2022\/10\/image-111-768x512.png 768w, https:\/\/corrientesdetarde.com\/wp-content\/uploads\/2022\/10\/image-111-272x182.png 272w, https:\/\/corrientesdetarde.com\/wp-content\/uploads\/2022\/10\/image-111.png 1280w\" sizes=\"auto, (max-width: 1024px) 100vw, 1024px\" \/><\/figure>\n\n\n\n<figure class=\"wp-block-image size-large\"><img loading=\"lazy\" decoding=\"async\" width=\"1024\" height=\"684\" src=\"https:\/\/corrientesdetarde.com\/wp-content\/uploads\/2022\/10\/image-112-1024x684.png\" alt=\"\" class=\"wp-image-10416\" srcset=\"https:\/\/corrientesdetarde.com\/wp-content\/uploads\/2022\/10\/image-112-1024x684.png 1024w, https:\/\/corrientesdetarde.com\/wp-content\/uploads\/2022\/10\/image-112-300x200.png 300w, https:\/\/corrientesdetarde.com\/wp-content\/uploads\/2022\/10\/image-112-768x513.png 768w, https:\/\/corrientesdetarde.com\/wp-content\/uploads\/2022\/10\/image-112-272x182.png 272w, https:\/\/corrientesdetarde.com\/wp-content\/uploads\/2022\/10\/image-112.png 1280w\" sizes=\"auto, (max-width: 1024px) 100vw, 1024px\" \/><\/figure>\n\n\n\n<figure class=\"wp-block-image size-large\"><img loading=\"lazy\" decoding=\"async\" width=\"1024\" height=\"684\" src=\"https:\/\/corrientesdetarde.com\/wp-content\/uploads\/2022\/10\/image-113-1024x684.png\" alt=\"\" class=\"wp-image-10417\" srcset=\"https:\/\/corrientesdetarde.com\/wp-content\/uploads\/2022\/10\/image-113-1024x684.png 1024w, https:\/\/corrientesdetarde.com\/wp-content\/uploads\/2022\/10\/image-113-300x200.png 300w, https:\/\/corrientesdetarde.com\/wp-content\/uploads\/2022\/10\/image-113-768x513.png 768w, https:\/\/corrientesdetarde.com\/wp-content\/uploads\/2022\/10\/image-113-272x182.png 272w, https:\/\/corrientesdetarde.com\/wp-content\/uploads\/2022\/10\/image-113.png 1280w\" sizes=\"auto, (max-width: 1024px) 100vw, 1024px\" \/><\/figure>\n\n\n\n<figure class=\"wp-block-image size-large\"><img loading=\"lazy\" decoding=\"async\" width=\"1024\" height=\"684\" src=\"https:\/\/corrientesdetarde.com\/wp-content\/uploads\/2022\/10\/image-114-1024x684.png\" alt=\"\" class=\"wp-image-10418\" srcset=\"https:\/\/corrientesdetarde.com\/wp-content\/uploads\/2022\/10\/image-114-1024x684.png 1024w, https:\/\/corrientesdetarde.com\/wp-content\/uploads\/2022\/10\/image-114-300x200.png 300w, https:\/\/corrientesdetarde.com\/wp-content\/uploads\/2022\/10\/image-114-768x513.png 768w, https:\/\/corrientesdetarde.com\/wp-content\/uploads\/2022\/10\/image-114-272x182.png 272w, https:\/\/corrientesdetarde.com\/wp-content\/uploads\/2022\/10\/image-114.png 1280w\" sizes=\"auto, (max-width: 1024px) 100vw, 1024px\" \/><\/figure>\n\n\n\n<figure class=\"wp-block-image size-large\"><img loading=\"lazy\" decoding=\"async\" width=\"1024\" height=\"684\" src=\"https:\/\/corrientesdetarde.com\/wp-content\/uploads\/2022\/10\/image-115-1024x684.png\" alt=\"\" class=\"wp-image-10419\" srcset=\"https:\/\/corrientesdetarde.com\/wp-content\/uploads\/2022\/10\/image-115-1024x684.png 1024w, https:\/\/corrientesdetarde.com\/wp-content\/uploads\/2022\/10\/image-115-300x200.png 300w, https:\/\/corrientesdetarde.com\/wp-content\/uploads\/2022\/10\/image-115-768x513.png 768w, https:\/\/corrientesdetarde.com\/wp-content\/uploads\/2022\/10\/image-115-272x182.png 272w, https:\/\/corrientesdetarde.com\/wp-content\/uploads\/2022\/10\/image-115.png 1280w\" sizes=\"auto, (max-width: 1024px) 100vw, 1024px\" \/><\/figure>\n","protected":false},"excerpt":{"rendered":"<p>La ministra de Educaci\u00f3n Pr\u00e1xedes L\u00f3pez se reuni\u00f3 esta tarde con alumnos de la Escuela T\u00e9cnica Juan Manso para interiorizarse sobre la participaci\u00f3n correntina en el Desaf\u00edo ECO YPF que&hellip; <\/p>\n","protected":false},"author":8,"featured_media":10420,"comment_status":"closed","ping_status":"open","sticky":false,"template":"","format":"standard","meta":{"footnotes":""},"categories":[8],"tags":[],"class_list":["post-10413","post","type-post","status-publish","format-standard","has-post-thumbnail","hentry","category-locales"],"_links":{"self":[{"href":"https:\/\/corrientesdetarde.com\/index.php\/wp-json\/wp\/v2\/posts\/10413","targetHints":{"allow":["GET"]}}],"collection":[{"href":"https:\/\/corrientesdetarde.com\/index.php\/wp-json\/wp\/v2\/posts"}],"about":[{"href":"https:\/\/corrientesdetarde.com\/index.php\/wp-json\/wp\/v2\/types\/post"}],"author":[{"embeddable":true,"href":"https:\/\/corrientesdetarde.com\/index.php\/wp-json\/wp\/v2\/users\/8"}],"replies":[{"embeddable":true,"href":"https:\/\/corrientesdetarde.com\/index.php\/wp-json\/wp\/v2\/comments?post=10413"}],"version-history":[{"count":1,"href":"https:\/\/corrientesdetarde.com\/index.php\/wp-json\/wp\/v2\/posts\/10413\/revisions"}],"predecessor-version":[{"id":10421,"href":"https:\/\/corrientesdetarde.com\/index.php\/wp-json\/wp\/v2\/posts\/10413\/revisions\/10421"}],"wp:featuredmedia":[{"embeddable":true,"href":"https:\/\/corrientesdetarde.com\/index.php\/wp-json\/wp\/v2\/media\/10420"}],"wp:attachment":[{"href":"https:\/\/corrientesdetarde.com\/index.php\/wp-json\/wp\/v2\/media?parent=10413"}],"wp:term":[{"taxonomy":"category","embeddable":true,"href":"https:\/\/corrientesdetarde.com\/index.php\/wp-json\/wp\/v2\/categories?post=10413"},{"taxonomy":"post_tag","embeddable":true,"href":"https:\/\/corrientesdetarde.com\/index.php\/wp-json\/wp\/v2\/tags?post=10413"}],"curies":[{"name":"wp","href":"https:\/\/api.w.org\/{rel}","templated":true}]}}