{"id":104313,"date":"2023-11-22T16:40:41","date_gmt":"2023-11-22T19:40:41","guid":{"rendered":"https:\/\/corrientesdetarde.com\/?p=104313"},"modified":"2023-11-22T16:40:53","modified_gmt":"2023-11-22T19:40:53","slug":"el-sabado-se-define-el-pro-y-lla-preparan-una-reunion-para-resolver-la-conformacion-del-gabinete-de-milei","status":"publish","type":"post","link":"https:\/\/corrientesdetarde.com\/index.php\/nacionales\/el-sabado-se-define-el-pro-y-lla-preparan-una-reunion-para-resolver-la-conformacion-del-gabinete-de-milei\/","title":{"rendered":"\u201cEl s\u00e1bado se define\u201d: el PRO y LLA preparan una reuni\u00f3n para resolver la conformaci\u00f3n del gabinete de Milei"},"content":{"rendered":"\n<p>En la fuerza de Mauricio Macri dicen que \u201cel s\u00e1bado se define todo\u201d y en el espacio de Javier Milei no niegan el evento del s\u00e1bado. La idea es que sea de segundas l\u00edneas y se clarifique la forma de apoyo que dar\u00e1n los exfuncionarios macristas.<\/p>\n\n\n\n<p><strong>El PRO y la Libertad Avanza preparan una reuni\u00f3n para definir la divisi\u00f3n de cargos en el futuro gabinete de Javier Milei<\/strong>. El exsecretario general de Presidencia Fernando De Andreis pas\u00f3 este mediod\u00eda por el Hotel Libertador para definir el espacio que tendr\u00e1 la fuerza de Mauricio Macri en el eventual Gobierno.<\/p>\n\n\n\n<p>Seg\u00fan pudo saber,\u00a0<strong>el s\u00e1bado se resuelve si sientan las bases de un cogobierno o si el PRO queda exento de cargos p\u00fablicos<\/strong>. \u201cHay que aclarar que la decisi\u00f3n es de ellos, nosotros no queremos presionar, pero\u00a0<strong>hay que definir si quieren que los ayudemos o no. Sino, es un caos<\/strong>\u201d, expres\u00f3 un dirigente del PRO.<\/p>\n","protected":false},"excerpt":{"rendered":"<p>En la fuerza de Mauricio Macri dicen que \u201cel s\u00e1bado se define todo\u201d y en el espacio de Javier Milei no niegan el evento del s\u00e1bado. La idea es que&hellip; <\/p>\n","protected":false},"author":8,"featured_media":104314,"comment_status":"closed","ping_status":"open","sticky":false,"template":"","format":"standard","meta":{"footnotes":""},"categories":[10],"tags":[],"class_list":["post-104313","post","type-post","status-publish","format-standard","has-post-thumbnail","hentry","category-nacionales"],"_links":{"self":[{"href":"https:\/\/corrientesdetarde.com\/index.php\/wp-json\/wp\/v2\/posts\/104313","targetHints":{"allow":["GET"]}}],"collection":[{"href":"https:\/\/corrientesdetarde.com\/index.php\/wp-json\/wp\/v2\/posts"}],"about":[{"href":"https:\/\/corrientesdetarde.com\/index.php\/wp-json\/wp\/v2\/types\/post"}],"author":[{"embeddable":true,"href":"https:\/\/corrientesdetarde.com\/index.php\/wp-json\/wp\/v2\/users\/8"}],"replies":[{"embeddable":true,"href":"https:\/\/corrientesdetarde.com\/index.php\/wp-json\/wp\/v2\/comments?post=104313"}],"version-history":[{"count":1,"href":"https:\/\/corrientesdetarde.com\/index.php\/wp-json\/wp\/v2\/posts\/104313\/revisions"}],"predecessor-version":[{"id":104315,"href":"https:\/\/corrientesdetarde.com\/index.php\/wp-json\/wp\/v2\/posts\/104313\/revisions\/104315"}],"wp:featuredmedia":[{"embeddable":true,"href":"https:\/\/corrientesdetarde.com\/index.php\/wp-json\/wp\/v2\/media\/104314"}],"wp:attachment":[{"href":"https:\/\/corrientesdetarde.com\/index.php\/wp-json\/wp\/v2\/media?parent=104313"}],"wp:term":[{"taxonomy":"category","embeddable":true,"href":"https:\/\/corrientesdetarde.com\/index.php\/wp-json\/wp\/v2\/categories?post=104313"},{"taxonomy":"post_tag","embeddable":true,"href":"https:\/\/corrientesdetarde.com\/index.php\/wp-json\/wp\/v2\/tags?post=104313"}],"curies":[{"name":"wp","href":"https:\/\/api.w.org\/{rel}","templated":true}]}}