{"id":104331,"date":"2023-11-22T17:13:46","date_gmt":"2023-11-22T20:13:46","guid":{"rendered":"https:\/\/corrientesdetarde.com\/?p=104331"},"modified":"2023-11-22T17:13:57","modified_gmt":"2023-11-22T20:13:57","slug":"censo-2022-cuantos-argentinos-tienen-vivienda-propia-y-cuantos-son-inquilinos","status":"publish","type":"post","link":"https:\/\/corrientesdetarde.com\/index.php\/economia\/censo-2022-cuantos-argentinos-tienen-vivienda-propia-y-cuantos-son-inquilinos\/","title":{"rendered":"Censo 2022: cu\u00e1ntos argentinos tienen vivienda propia y cu\u00e1ntos son inquilinos"},"content":{"rendered":"\n<p>Seg\u00fan el INDEC, hay 31.412.314 personas que residen en hogares propios y 7.925.280 son inquilinos. Cu\u00e1l es la situaci\u00f3n en el Gran Buenos Aires y CABA.<\/p>\n\n\n\n<p>El Instituto Nacional de Estad\u00edstica y Censos (<strong>INDEC<\/strong>) public\u00f3 los resultados definitivos del Censo 2022. Los datos de la encuesta nacional indicaron que en la\u00a0<strong>Argentina<\/strong>\u00a0hay\u00a0<strong>46.234.830 personas\u00a0<\/strong>al 1\u00b0 de julio de 2022. A nivel nacional, el<strong>\u00a069,9%<\/strong>\u00a0de la poblaci\u00f3n cuenta con una\u00a0<strong>vivienda propia<\/strong>\u00a0y un\u00a0<strong>17,4%<\/strong>\u00a0alquila.<\/p>\n\n\n\n<p>En n\u00fameros, hay\u00a0<strong>31.412.314<\/strong>\u00a0<strong>personas\u00a0<\/strong>que se residen en\u00a0<strong>hogares propios<\/strong>\u00a0y\u00a0<strong>7.925.280<\/strong>\u00a0<strong>alquilan<\/strong>. Seg\u00fan los datos del censo, hay 2.918.408 argentinos que viven en una casa prestada (6,4%), 590.999 habitan en hogares cedidos por su trabajo (1,3%) y 2.771.786 que se encuentran en \u201cotra situaci\u00f3n\u201d y representan el 6%.<\/p>\n\n\n\n<h2 class=\"wp-block-heading\">Censo 2022: cu\u00e1ntos inquilinos hay en CABA y Gran Buenos Aires<\/h2>\n\n\n\n<p>En la Ciudad de Buenos Aires (<strong>CABA<\/strong>) hay&nbsp;<strong>1.077.111<\/strong>&nbsp;personas que&nbsp;<strong>alquilan<\/strong>&nbsp;y representan el&nbsp;<strong>34,8%<\/strong>&nbsp;de la poblaci\u00f3n. La&nbsp;<strong>Comuna 1&nbsp;<\/strong>(Retiro, San Nicol\u00e1s, Puerto Madero, San Telmo, Montserrat y Constituci\u00f3n) contempla la mayor proporci\u00f3n de inquilinos con 102.466 y la menor es la&nbsp;<strong>Comuna 9<\/strong>&nbsp;que agrupa los barrios porte\u00f1os de Liniers, Mataderos y Parque Avellaneda con solo 49.896 personas.<\/p>\n\n\n\n<p>Por su parte, en el Gran Buenos Aires hay<strong>&nbsp;2.846.559&nbsp;<\/strong>de inquilinos y representan el 16,4%.&nbsp;<strong>La Mantanza<\/strong>&nbsp;es la localidad con mayor cantidad de personas que habitan una casa alquilada con 297.309 e&nbsp;<strong>Ituzaing\u00f3&nbsp;<\/strong>se ubica en el \u00faltimo lugar con 22.116.<\/p>\n\n\n\n<figure class=\"wp-block-image\"><img decoding=\"async\" src=\"https:\/\/tn.com.ar\/resizer\/8Cz_eScKfb-588pD_ZC5eAlnph4=\/767x0\/smart\/filters:format(webp)\/cloudfront-us-east-1.images.arcpublishing.com\/artear\/QK5U4VRFTNETPK3BDPYOU4QX2M.jpg\" alt=\"En el conurbano bonaerense el 16,4% de la poblaci\u00f3n alquila y en CABA el 34,8% (Foto: REUTERS \/ Agustin Marcarian)\"\/><\/figure>\n\n\n\n<h2 class=\"wp-block-heading\">Cu\u00e1ntas personas tienen una vivienda propia en CABA y el conurbano bonaerense<\/h2>\n\n\n\n<p>En CABA,&nbsp;<strong>1.686.669<\/strong>&nbsp;personas habitan una<strong>&nbsp;vivienda propia<\/strong>&nbsp;(54,5%). Seg\u00fan los datos del INDEC, el barrio porte\u00f1o con mayor poblaci\u00f3n en viviendas particulares propia se distribuyen en los barrios de la Comuna 13 en N\u00fa\u00f1ez, Belgrano y Colegiales con un total de 149.059.<\/p>\n\n\n\n<p>En tanto, la\u00a0<strong>Comuna 3<\/strong>\u00a0(Balvanera y San Crist\u00f3bal) solo cuenta con 80.686 de personas que habitan una casa propia.<\/p>\n\n\n\n<p>En el conurbano bonaerense, hay&nbsp;<strong>2.846.559<\/strong>&nbsp;personas viviendo en&nbsp;<strong>hogares propios&nbsp;<\/strong>(16,4%).&nbsp;<strong>La Matanza<\/strong>&nbsp;tambi\u00e9n se ubica como la localidad con mayor poblaci\u00f3n en viviendas propias con 1.272.536. Mientras que&nbsp;<strong>San Fernando&nbsp;<\/strong>se ubica en el \u00faltimo lugar con 111.113 de personas.<\/p>\n\n\n\n<figure class=\"wp-block-image\"><img decoding=\"async\" src=\"https:\/\/tn.com.ar\/resizer\/1GcAbzC8AvCYeHcBkLDbklWCfE4=\/767x0\/smart\/filters:format(webp)\/cloudfront-us-east-1.images.arcpublishing.com\/artear\/EJI62EZ2ZVHCFDYBFDYQTY3SUA.jpg\" alt=\"En CABA, 1.686.669 personas habitan una vivienda propia (54,5%). (Foto: T\u00e9lam\/ Saravia Hern\u00e1n)\"\/><\/figure>\n\n\n\n<h2 class=\"wp-block-heading\">Provincia por provincia, el ranking de propietarios en Argentina<\/h2>\n\n\n\n<p>Las tres provincias con mayor proporci\u00f3n de propietarios son;:<\/p>\n\n\n\n<ul class=\"wp-block-list\"><li><strong>Santiago del Estero<\/strong>&nbsp;(86%),<\/li><li><strong>Catamarca&nbsp;<\/strong>(81,7%)<\/li><li><strong>Chaco&nbsp;<\/strong>(78,23%).<\/li><\/ul>\n\n\n\n<p>En los \u00faltimos puestos aparecen algunas de las grandes ciudades del pa\u00eds. En \u00faltimo lugar se encuentra\u00a0<strong>CABA<\/strong>\u00a0con 54,9% de propietarios y por encima se posiciona\u00a0<strong>Tierra del Fuego<\/strong>\u00a0(58,6%) y<strong>\u00a0Santa Cruz<\/strong>\u00a0(60,7%).<\/p>\n\n\n\n<p>En cambio,&nbsp;<strong>Catamarca<\/strong>,&nbsp;<strong>Chaco&nbsp;<\/strong>y&nbsp;<strong>Santiago del Estero<\/strong>&nbsp;se ubican en los \u00faltimos escalones del podio del&nbsp;<strong>ranking de poblaci\u00f3n<\/strong>&nbsp;que&nbsp;<strong>alquila<\/strong>&nbsp;con el 8,1%, 8,4% y 4,92% respectivamente. Mientras CABA se ubica en los primeros puestos con el 34,8%, le sigue Tierra del Fuego (28,8%) y Santa Cruz (27%).<\/p>\n","protected":false},"excerpt":{"rendered":"<p>Seg\u00fan el INDEC, hay 31.412.314 personas que residen en hogares propios y 7.925.280 son inquilinos. Cu\u00e1l es la situaci\u00f3n en el Gran Buenos Aires y CABA. El Instituto Nacional de&hellip; <\/p>\n","protected":false},"author":8,"featured_media":104332,"comment_status":"closed","ping_status":"open","sticky":false,"template":"","format":"standard","meta":{"footnotes":""},"categories":[20],"tags":[],"class_list":["post-104331","post","type-post","status-publish","format-standard","has-post-thumbnail","hentry","category-economia"],"_links":{"self":[{"href":"https:\/\/corrientesdetarde.com\/index.php\/wp-json\/wp\/v2\/posts\/104331","targetHints":{"allow":["GET"]}}],"collection":[{"href":"https:\/\/corrientesdetarde.com\/index.php\/wp-json\/wp\/v2\/posts"}],"about":[{"href":"https:\/\/corrientesdetarde.com\/index.php\/wp-json\/wp\/v2\/types\/post"}],"author":[{"embeddable":true,"href":"https:\/\/corrientesdetarde.com\/index.php\/wp-json\/wp\/v2\/users\/8"}],"replies":[{"embeddable":true,"href":"https:\/\/corrientesdetarde.com\/index.php\/wp-json\/wp\/v2\/comments?post=104331"}],"version-history":[{"count":1,"href":"https:\/\/corrientesdetarde.com\/index.php\/wp-json\/wp\/v2\/posts\/104331\/revisions"}],"predecessor-version":[{"id":104333,"href":"https:\/\/corrientesdetarde.com\/index.php\/wp-json\/wp\/v2\/posts\/104331\/revisions\/104333"}],"wp:featuredmedia":[{"embeddable":true,"href":"https:\/\/corrientesdetarde.com\/index.php\/wp-json\/wp\/v2\/media\/104332"}],"wp:attachment":[{"href":"https:\/\/corrientesdetarde.com\/index.php\/wp-json\/wp\/v2\/media?parent=104331"}],"wp:term":[{"taxonomy":"category","embeddable":true,"href":"https:\/\/corrientesdetarde.com\/index.php\/wp-json\/wp\/v2\/categories?post=104331"},{"taxonomy":"post_tag","embeddable":true,"href":"https:\/\/corrientesdetarde.com\/index.php\/wp-json\/wp\/v2\/tags?post=104331"}],"curies":[{"name":"wp","href":"https:\/\/api.w.org\/{rel}","templated":true}]}}