{"id":104339,"date":"2023-11-22T20:32:00","date_gmt":"2023-11-22T23:32:00","guid":{"rendered":"https:\/\/corrientesdetarde.com\/?p=104339"},"modified":"2023-11-22T20:32:04","modified_gmt":"2023-11-22T23:32:04","slug":"catalunya-declaro-la-preemergencia-por-la-sequia","status":"publish","type":"post","link":"https:\/\/corrientesdetarde.com\/index.php\/internacionales\/catalunya-declaro-la-preemergencia-por-la-sequia\/","title":{"rendered":"Catalunya declar\u00f3 la preemergencia por la sequ\u00eda"},"content":{"rendered":"\n<p>La regi\u00f3n se encuentra ante la peor seca de su historia.<\/p>\n\n\n\n<p>El Gobierno de&nbsp;<strong>Catalunya<\/strong>&nbsp;declar\u00f3 este martes la&nbsp;<strong>preemergencia por sequ\u00eda<\/strong>&nbsp;en el sistema Ter-Llobregat, que une a 202 municipios de catorce comarcas, abarcando&nbsp;Barcelona y su \u00e1rea metropolitana, as\u00ed como Girona, lo que incluye&nbsp;a unas&nbsp;<strong>seis millones de personas.<\/strong><\/p>\n\n\n\n<p>De esta manera, se podr\u00e1n intensificar algunas medidas para&nbsp;<strong>forzar la reducci\u00f3n del consumo de agua<\/strong>&nbsp;ante la falta de lluvias:&nbsp;se reducir\u00e1 la dotaci\u00f3n m\u00e1xima de agua por habitante y d\u00eda, que&nbsp;<strong>pasa de los 230 actuales a los 210 litros.<\/strong><\/p>\n\n\n\n<p>El resto de las restricciones se mantiene igual que en la fase&nbsp;de excepcionalidad, salvo la cantidad de agua para el riego de&nbsp;superficies para actividades deportivas, que&nbsp;<strong>pas\u00f3 de 450 a 220&nbsp;metros c\u00fabicos.<\/strong><\/p>\n\n\n\n<p>En tanto,&nbsp;<strong>sigue la reducci\u00f3n del 40 por ciento para usos&nbsp;agr\u00edcolas, del 15 por ciento para usos industriales, para usos&nbsp;l\u00fadicos y la prohibici\u00f3n de riego de zonas verdes, p\u00fablicas y&nbsp;privadas.<\/strong><\/p>\n\n\n\n<p><strong>Tampoco se pueden llenar piscinas privadas de uso individual o&nbsp;unifamiliar<\/strong>&nbsp;y s\u00f3lo se permitir\u00e1 el rellenado parcial o primer&nbsp;llenado de piscinas p\u00fablicas en las cantidades indispensables para&nbsp;garantizar la calidad sanitaria del agua.&nbsp;<strong>No se puede limpiar&nbsp;calles<\/strong>, alcantarillado, pavimentos o fachadas con agua potable. En&nbsp;el caso de los veh\u00edculos, el uso de agua queda limitado a la&nbsp;limpieza en establecimientos comerciales. Tampoco se podr\u00e1n llenar&nbsp;parcial o totalmente fuentes ornamentales, lagos artificiales u&nbsp;otros elementos de uso est\u00e9tico del agua.<\/p>\n\n\n\n<p><strong>Ante la situaci\u00f3n, el gobierno local -conocido como Govern-&nbsp;hizo un llamado a &#8220;forzar&#8221; el ahorro de agua para alejar la fase&nbsp;de emergencia, que implicar\u00eda restricciones que afectar\u00edan al&nbsp;consumo dom\u00e9stico.<\/strong><\/p>\n\n\n\n<p>La&nbsp;<strong>preemergencia<\/strong>&nbsp;es un estadio de transici\u00f3n entre el actual&nbsp;estado de excepcionalidad y el de emergencia. Y se llegar\u00eda a la<strong>&nbsp;fase de emergencia<\/strong>&nbsp;cuando los embalses se&nbsp;encuentren a un 16 por ciento de su capacidad, aunque actualmente&nbsp;est\u00e1n al 18,5.<\/p>\n\n\n\n<p><strong>Catalunya est\u00e1 inmersa en la sequ\u00eda m\u00e1s extrema de toda su&nbsp;historia<\/strong>&nbsp;debido a la falta de precipitaciones, la extensi\u00f3n de las&nbsp;zonas afectadas y la duraci\u00f3n del fen\u00f3meno, y seg\u00fan datos del Servei Meteorol\u00f2gic de Catalunya (SMC), la&nbsp;racha seca acumula ya 31 meses -en la anterior fueron 19- y la&nbsp;mitad del territorio catal\u00e1n se vio afectado de manera&nbsp;persistente.<\/p>\n\n\n\n<p><strong>Para volver a la situaci\u00f3n de normalidad, har\u00eda falta el&nbsp;equivalente a toda la lluvia que cae de media en Barcelona durante&nbsp;un a\u00f1o, pero no se prev\u00e9 ning\u00fan episodio de lluvia abundante en el&nbsp;corto y medio plazo.<\/strong><\/p>\n\n\n\n<p>Por eso, el Govern decidi\u00f3 pasar de la fase de&nbsp;excepcionalidad a la de preemergencia en el \u00e1mbito del sistema&nbsp;Ter-Llobregat, ya que es donde viven m\u00e1s personas y donde hay una&nbsp;mayor concentraci\u00f3n de actividad industrial.<\/p>\n","protected":false},"excerpt":{"rendered":"<p>La regi\u00f3n se encuentra ante la peor seca de su historia. El Gobierno de&nbsp;Catalunya&nbsp;declar\u00f3 este martes la&nbsp;preemergencia por sequ\u00eda&nbsp;en el sistema Ter-Llobregat, que une a 202 municipios de catorce comarcas,&hellip; <\/p>\n","protected":false},"author":4,"featured_media":104340,"comment_status":"closed","ping_status":"open","sticky":false,"template":"","format":"standard","meta":{"footnotes":""},"categories":[11],"tags":[],"class_list":["post-104339","post","type-post","status-publish","format-standard","has-post-thumbnail","hentry","category-internacionales"],"_links":{"self":[{"href":"https:\/\/corrientesdetarde.com\/index.php\/wp-json\/wp\/v2\/posts\/104339","targetHints":{"allow":["GET"]}}],"collection":[{"href":"https:\/\/corrientesdetarde.com\/index.php\/wp-json\/wp\/v2\/posts"}],"about":[{"href":"https:\/\/corrientesdetarde.com\/index.php\/wp-json\/wp\/v2\/types\/post"}],"author":[{"embeddable":true,"href":"https:\/\/corrientesdetarde.com\/index.php\/wp-json\/wp\/v2\/users\/4"}],"replies":[{"embeddable":true,"href":"https:\/\/corrientesdetarde.com\/index.php\/wp-json\/wp\/v2\/comments?post=104339"}],"version-history":[{"count":1,"href":"https:\/\/corrientesdetarde.com\/index.php\/wp-json\/wp\/v2\/posts\/104339\/revisions"}],"predecessor-version":[{"id":104341,"href":"https:\/\/corrientesdetarde.com\/index.php\/wp-json\/wp\/v2\/posts\/104339\/revisions\/104341"}],"wp:featuredmedia":[{"embeddable":true,"href":"https:\/\/corrientesdetarde.com\/index.php\/wp-json\/wp\/v2\/media\/104340"}],"wp:attachment":[{"href":"https:\/\/corrientesdetarde.com\/index.php\/wp-json\/wp\/v2\/media?parent=104339"}],"wp:term":[{"taxonomy":"category","embeddable":true,"href":"https:\/\/corrientesdetarde.com\/index.php\/wp-json\/wp\/v2\/categories?post=104339"},{"taxonomy":"post_tag","embeddable":true,"href":"https:\/\/corrientesdetarde.com\/index.php\/wp-json\/wp\/v2\/tags?post=104339"}],"curies":[{"name":"wp","href":"https:\/\/api.w.org\/{rel}","templated":true}]}}