{"id":104348,"date":"2023-11-22T20:42:12","date_gmt":"2023-11-22T23:42:12","guid":{"rendered":"https:\/\/corrientesdetarde.com\/?p=104348"},"modified":"2023-11-22T20:42:23","modified_gmt":"2023-11-22T23:42:23","slug":"para-el-papa-el-conflicto-en-gaza-es-terrorismo-y-no-guerra","status":"publish","type":"post","link":"https:\/\/corrientesdetarde.com\/index.php\/internacionales\/para-el-papa-el-conflicto-en-gaza-es-terrorismo-y-no-guerra\/","title":{"rendered":"Para el Papa, el conflicto en Gaza es terrorismo y no guerra"},"content":{"rendered":"\n<p>Las reuniones y los comentarios del pont\u00edfice se produjeron horas\u00a0despu\u00e9s de que el gobierno de Israel y Hamas acordaron silenciar\u00a0las armas en Gaza durante al menos cuatro d\u00edas.<\/p>\n\n\n\n<p><strong>El papa&nbsp;Francisco se reuni\u00f3 por separado este mi\u00e9rcoles con familiares&nbsp;israel\u00edes de rehenes retenidos por Hamas y con palestinos que&nbsp;tienen familiares en Gaza<\/strong>&nbsp;y coment\u00f3 que el conflicto hab\u00eda ido m\u00e1s&nbsp;all\u00e1 de la guerra para convertirse en &#8220;terrorismo&#8221;.<\/p>\n\n\n\n<p>En declaraciones improvisadas durante su audiencia general del&nbsp;mi\u00e9rcoles en la Plaza de San Pedro, poco despu\u00e9s de las reuniones&nbsp;matutinas en su residencia,&nbsp;<strong>Francisco asegur\u00f3 que escuch\u00f3&nbsp;directamente c\u00f3mo &#8220;ambas partes est\u00e1n sufriendo&#8221; en el&nbsp;conflicto.&nbsp;<\/strong><strong>&#8220;Esto es lo que hacen las guerras. Pero aqu\u00ed hemos ido m\u00e1s all\u00e1&nbsp;de las guerras. Esto no es guerra. Esto es terrorismo&#8221;,<\/strong>&nbsp;afirm\u00f3. Y pidi\u00f3 oraciones para que ambas partes&nbsp;<strong>&#8220;no sigan adelante con&nbsp;pasiones que al final matan a todos&#8221;.&nbsp;<\/strong><\/p>\n\n\n\n<p>Ambos grupos celebraron conferencias de prensa separadas luego&nbsp;del encuentro con el&nbsp;<strong>Sumo Pont\u00edfice<\/strong>.&nbsp;<\/p>\n\n\n\n<p>Las reuniones y los comentarios del\u00a0<strong>Papa<\/strong>\u00a0se produjeron horas\u00a0despu\u00e9s de que\u00a0el gobierno de Israel y Hamas acordaron silenciar\u00a0las armas en Gaza durante al menos cuatro d\u00edas, permitir la\u00a0entrada de ayuda y liberar al menos a 50 rehenes\u00a0capturados por\u00a0militantes a cambio de al menos 150 palestinos encarcelados en\u00a0Israel.<\/p>\n\n\n\n<p>Israel puso a&nbsp;<strong>Gaza<\/strong>&nbsp;bajo asedio y bombardeos implacables desde&nbsp;un ataque de Hamas el 7 de octubre, que mat\u00f3 a 1.200 personas, en su mayor\u00eda civiles, seg\u00fan recuentos israel\u00edes.<\/p>\n\n\n\n<p>Desde entonces, m\u00e1s de 13.000 habitantes de Gaza fueron&nbsp;asesinados, alrededor del 40% de ellos ni\u00f1os, seg\u00fan funcionarios&nbsp;m\u00e9dicos del territorio gobernado por&nbsp;<strong>Hamas<\/strong>, cifras consideradas&nbsp;confiables por las Naciones Unidas.<\/p>\n\n\n\n<figure class=\"wp-block-image\"><img decoding=\"async\" src=\"https:\/\/noticiasargentinas.com\/images\/NA\/Contenidos\/Escritorio\/VaticanMediaHandout.webp\" alt=\"VaticanMediaHandout\"\/><\/figure>\n\n\n\n<p>El Papa con familiares de palestinos que viven en Gaza &#8211; Foto: Reuters\/Vatican Media Handout.<\/p>\n","protected":false},"excerpt":{"rendered":"<p>Las reuniones y los comentarios del pont\u00edfice se produjeron horas\u00a0despu\u00e9s de que el gobierno de Israel y Hamas acordaron silenciar\u00a0las armas en Gaza durante al menos cuatro d\u00edas. El papa&nbsp;Francisco&hellip; <\/p>\n","protected":false},"author":4,"featured_media":104349,"comment_status":"closed","ping_status":"open","sticky":false,"template":"","format":"standard","meta":{"footnotes":""},"categories":[11],"tags":[],"class_list":["post-104348","post","type-post","status-publish","format-standard","has-post-thumbnail","hentry","category-internacionales"],"_links":{"self":[{"href":"https:\/\/corrientesdetarde.com\/index.php\/wp-json\/wp\/v2\/posts\/104348","targetHints":{"allow":["GET"]}}],"collection":[{"href":"https:\/\/corrientesdetarde.com\/index.php\/wp-json\/wp\/v2\/posts"}],"about":[{"href":"https:\/\/corrientesdetarde.com\/index.php\/wp-json\/wp\/v2\/types\/post"}],"author":[{"embeddable":true,"href":"https:\/\/corrientesdetarde.com\/index.php\/wp-json\/wp\/v2\/users\/4"}],"replies":[{"embeddable":true,"href":"https:\/\/corrientesdetarde.com\/index.php\/wp-json\/wp\/v2\/comments?post=104348"}],"version-history":[{"count":1,"href":"https:\/\/corrientesdetarde.com\/index.php\/wp-json\/wp\/v2\/posts\/104348\/revisions"}],"predecessor-version":[{"id":104350,"href":"https:\/\/corrientesdetarde.com\/index.php\/wp-json\/wp\/v2\/posts\/104348\/revisions\/104350"}],"wp:featuredmedia":[{"embeddable":true,"href":"https:\/\/corrientesdetarde.com\/index.php\/wp-json\/wp\/v2\/media\/104349"}],"wp:attachment":[{"href":"https:\/\/corrientesdetarde.com\/index.php\/wp-json\/wp\/v2\/media?parent=104348"}],"wp:term":[{"taxonomy":"category","embeddable":true,"href":"https:\/\/corrientesdetarde.com\/index.php\/wp-json\/wp\/v2\/categories?post=104348"},{"taxonomy":"post_tag","embeddable":true,"href":"https:\/\/corrientesdetarde.com\/index.php\/wp-json\/wp\/v2\/tags?post=104348"}],"curies":[{"name":"wp","href":"https:\/\/api.w.org\/{rel}","templated":true}]}}