{"id":104740,"date":"2023-11-24T08:38:15","date_gmt":"2023-11-24T11:38:15","guid":{"rendered":"https:\/\/corrientesdetarde.com\/?p=104740"},"modified":"2023-11-24T08:38:51","modified_gmt":"2023-11-24T11:38:51","slug":"docente-denuncio-al-padrastro-de-una-alumna-a-la-que-violo-por-casi-un-ano","status":"publish","type":"post","link":"https:\/\/corrientesdetarde.com\/index.php\/policiales\/docente-denuncio-al-padrastro-de-una-alumna-a-la-que-violo-por-casi-un-ano\/","title":{"rendered":"Docente denunci\u00f3 al padrastro de una alumna a la que viol\u00f3 por casi un a\u00f1o"},"content":{"rendered":"\n<p>Una maestra y directivos de una escuela de la ciudad de Mercedes denunciaron hace un par de d\u00edas al padrastro de una menor de edad, quien le cont\u00f3 a la docente que el sujeto hab\u00eda abusado sexualmente de ella en repetidas ocasiones.<\/p>\n\n\n\n<p>El r\u00e1pido accionar de la Justicia permiti\u00f3 que los efectivos detuvieran al degenerado, el mi\u00e9rcoles por la noche, cuando regresaba de trabajar en un campo cercano a Colonia Carlos Pellegrini, confirmaron ayer fuentes oficiales a diario \u00e9poca.<\/p>\n\n\n\n<p>Todo habr\u00eda ocurrido el martes, cuando una docente not\u00f3 algunos cambios en una de sus alumnas de 12 a\u00f1os y al charlar con ella sobre la situaci\u00f3n, la menor se quebr\u00f3 emocionalmente y le relat\u00f3 el calvario que estaba padeciendo. Su padrastro, a quien la Justicia de Menores le habr\u00eda otorgado en guarda legal, ven\u00eda abusando sexualmente de ella desde el a\u00f1o 2022.<\/p>\n\n\n\n<p>La maestra no perdi\u00f3 tiempo y expuso la situaci\u00f3n ante los directivos de la escuela, quienes de inmediato se contactaron con autoridades judiciales para denunciar formalmente el hecho.<\/p>\n\n\n\n<p>El fiscal Adri\u00e1n Casarrubia analiz\u00f3 las pruebas con las que contaba en ese momento, adem\u00e1s del relato de la menor y emiti\u00f3 una orden de detenci\u00f3n para el sospechoso. All\u00ed se present\u00f3 con el primer obst\u00e1culo, ya que el sujeto vive en Mercedes, pero tiene domicilio en la localidad de Felipe Yofre.<\/p>\n\n\n\n<p>Anoticiados de la situaci\u00f3n, efectivos de la comisar\u00eda de Yofre, comandados por el subcomisario Dom\u00ednguez, montaron un operativo conjunto con personal del PRIAR.<\/p>\n\n\n\n<p>El buscado presta servicio como pe\u00f3n rural en una estancia en cercan\u00edas de Carlos Pellegrini, por lo que la Polic\u00eda lo esper\u00f3 pacientemente en el Control 1, sobre las Rutas Provinciales 40 y 48.<\/p>\n\n\n\n<p>Promediando las 22:30, la fuerza de seguridad demor\u00f3 una camioneta en la que viajaba como acompa\u00f1ante un sujeto de nombre F., alias &#8220;Huevito&#8221;, de 52 a\u00f1os, quien ser\u00eda el degenerado que buscaban y al que pusieron bajo arresto inmediatamente.<\/p>\n\n\n\n<h2 class=\"wp-block-heading\">Un a\u00f1o de horror<\/h2>\n\n\n\n<p>Fuentes cercanas a la investigaci\u00f3n revelaron a diario \u00e9poca, que el acusado llevaba casi un a\u00f1o sometiendo a la menor a vejaciones, aprovech\u00e1ndose que la Justicia le hab\u00eda otorgado a la ni\u00f1a en guarda legal.<\/p>\n\n\n\n<p>Si bien no revelaron qu\u00e9 sucedi\u00f3 con la madre de la menor o cu\u00e1les fueron los motivos que llevaron a un juez de menor a considerar apto al sujeto para criar a la ni\u00f1a, este medio pudo averiguar que desde ayer la menor est\u00e1 a resguardo de familiares cercanos con seguimiento por parte de la Justicia.<\/p>\n\n\n\n<p>La causa est\u00e1 caratulada formalmente como &#8220;abuso sexual con acceso carnal, agravado por la condici\u00f3n de sujeto activo (guardador) y por la convivencia preexistente con la menor de edad y en concurso real&#8221;. Si bien y por los relatos de la v\u00edctima, los abusos habr\u00edan comenzado hace casi un a\u00f1o atr\u00e1s; se espera que en las pr\u00f3ximas horas se realicen una bater\u00eda de estudios m\u00e9dicos y pericias psicol\u00f3gicas, socioambientales, adem\u00e1s de la C\u00e1mara Gesell, para determinar exactamente desde hace cu\u00e1nto viene padeciendo estos abusos sexuales.<\/p>\n\n\n\n<p>El degenerado qued\u00f3 detenido en una dependencia policial, cuya ubicaci\u00f3n no fue suministrada y a disposici\u00f3n de la Justicia que en las pr\u00f3ximas horas llevar\u00e1 adelante la indagatoria del mismo<\/p>\n","protected":false},"excerpt":{"rendered":"<p>Una maestra y directivos de una escuela de la ciudad de Mercedes denunciaron hace un par de d\u00edas al padrastro de una menor de edad, quien le cont\u00f3 a la&hellip; <\/p>\n","protected":false},"author":12,"featured_media":104750,"comment_status":"closed","ping_status":"open","sticky":false,"template":"","format":"standard","meta":{"footnotes":""},"categories":[33],"tags":[],"class_list":["post-104740","post","type-post","status-publish","format-standard","has-post-thumbnail","hentry","category-policiales"],"_links":{"self":[{"href":"https:\/\/corrientesdetarde.com\/index.php\/wp-json\/wp\/v2\/posts\/104740","targetHints":{"allow":["GET"]}}],"collection":[{"href":"https:\/\/corrientesdetarde.com\/index.php\/wp-json\/wp\/v2\/posts"}],"about":[{"href":"https:\/\/corrientesdetarde.com\/index.php\/wp-json\/wp\/v2\/types\/post"}],"author":[{"embeddable":true,"href":"https:\/\/corrientesdetarde.com\/index.php\/wp-json\/wp\/v2\/users\/12"}],"replies":[{"embeddable":true,"href":"https:\/\/corrientesdetarde.com\/index.php\/wp-json\/wp\/v2\/comments?post=104740"}],"version-history":[{"count":2,"href":"https:\/\/corrientesdetarde.com\/index.php\/wp-json\/wp\/v2\/posts\/104740\/revisions"}],"predecessor-version":[{"id":104753,"href":"https:\/\/corrientesdetarde.com\/index.php\/wp-json\/wp\/v2\/posts\/104740\/revisions\/104753"}],"wp:featuredmedia":[{"embeddable":true,"href":"https:\/\/corrientesdetarde.com\/index.php\/wp-json\/wp\/v2\/media\/104750"}],"wp:attachment":[{"href":"https:\/\/corrientesdetarde.com\/index.php\/wp-json\/wp\/v2\/media?parent=104740"}],"wp:term":[{"taxonomy":"category","embeddable":true,"href":"https:\/\/corrientesdetarde.com\/index.php\/wp-json\/wp\/v2\/categories?post=104740"},{"taxonomy":"post_tag","embeddable":true,"href":"https:\/\/corrientesdetarde.com\/index.php\/wp-json\/wp\/v2\/tags?post=104740"}],"curies":[{"name":"wp","href":"https:\/\/api.w.org\/{rel}","templated":true}]}}