{"id":104754,"date":"2023-11-24T08:40:43","date_gmt":"2023-11-24T11:40:43","guid":{"rendered":"https:\/\/corrientesdetarde.com\/?p=104754"},"modified":"2023-11-24T08:41:09","modified_gmt":"2023-11-24T11:41:09","slug":"si-hay-un-brote-de-dengue-la-provincia-esta-preparada","status":"publish","type":"post","link":"https:\/\/corrientesdetarde.com\/index.php\/bienestar-y-salud\/si-hay-un-brote-de-dengue-la-provincia-esta-preparada\/","title":{"rendered":"&#8220;Si hay un brote de dengue, la Provincia est\u00e1 preparada&#8221;"},"content":{"rendered":"\n<p>Corrientes present\u00f3 ayer el &#8220;Plan de Lucha contra el Dengue, Zika y Chikungunya&#8221; para lo que resta del a\u00f1o y 2024. El anuncio fue realizado por Salud P\u00fablica en vista a que la regi\u00f3n tendr\u00e1 un verano con abundantes lluvias e intensas temperaturas, un contexto favorable a la proliferaci\u00f3n de las larvas del mosquito Aedes aegypti, vector del dengue.<\/p>\n\n\n\n<p>&#8220;En lo que va de la temporada tuvimos 1.600 casos, lo que habla de la presencia permanente de estas patolog\u00edas y del riesgo que representan para la poblaci\u00f3n y que se ven agravadas por el cambio clim\u00e1tico&#8221;, manifest\u00f3 en primer t\u00e9rmino el ministro de Salud, Ricardo Cardozo.<\/p>\n\n\n\n<p>De igual modo, el funcionario remarc\u00f3 que desde la cartera se trabaja &#8220;para que en alg\u00fan momento lleguen las vacunas&#8221; para combatir la patolog\u00eda. El plan apunta a desarrollar acciones de saneamiento y promoviendo la eliminaci\u00f3n de los criaderos del mosquito con el fin de disminuir el n\u00famero de casos de esta patolog\u00eda.<\/p>\n\n\n\n<p>Las tareas incluyen la reimplementaci\u00f3n de la mesa de gesti\u00f3n integrada provincial y las capacitaciones y actualizaciones a los equipos de salud, bloqueos vectoriales que incluyen recorrido de la zona, relevamiento, b\u00fasqueda de febriles, fumigaci\u00f3n y control larvario, tareas de descacharrado junto a los municipios y otras instituciones locales.<\/p>\n\n\n\n<p>Adem\u00e1s se hace difusi\u00f3n de medidas de prevenci\u00f3n en medios de comunicaci\u00f3n y recorrida casa por casa de los agentes sanitarios recordando los cuidados para evitar la enfermedad.<\/p>\n\n\n\n<p>Sobre la vacuna contra el dengue se\u00f1al\u00f3 que &#8220;Naci\u00f3n pide determinados indicadores para saber el porcentaje de vulnerabilidad que tiene la poblaci\u00f3n, lo que representa un mapeo serol\u00f3gico&#8221; y coment\u00f3 que de acuerdo a ello &#8220;van a resolver si corresponde o no que se apliquen las vacunas&#8221;.<\/p>\n\n\n\n<p>Para culminar, el titular de Salud P\u00fablica subray\u00f3 que, ante un brote, la Provincia est\u00e1 &#8220;preparada para afrontarlo de la mejor manera&#8221;. El plan comprende un esquema de trabajo interministerial: Educaci\u00f3n, Salud P\u00fablica, Desarrollo Social, Coordinaci\u00f3n y Seguridad.<\/p>\n\n\n\n<p>A su turno, la directora de Enfermedades Zoon\u00f3ticas y Vectoriales, Claudia Ben\u00edtez Sosa, indic\u00f3 que la campa\u00f1a se abordar\u00e1 desde &#8220;lo macro a lo micro&#8221; y se tuvo en cuenta el medio ambiente en raz\u00f3n de los cambios clim\u00e1ticos y en los nichos neoclim\u00e1ticos que traen sequ\u00edas e inundaciones. &#8220;Todo esto hace que el vector se reproduzca con mayor facilidad&#8221;, remarc\u00f3 la funcionaria.<\/p>\n\n\n\n<p>Cabe acotar que la presentaci\u00f3n cont\u00f3 con el acompa\u00f1amiento de la titular de Educaci\u00f3n, Pr\u00e1xedes L\u00f3pez, y el viceintendente de Capital, Emilio Lanari.\u00a0<\/p>\n","protected":false},"excerpt":{"rendered":"<p>Corrientes present\u00f3 ayer el &#8220;Plan de Lucha contra el Dengue, Zika y Chikungunya&#8221; para lo que resta del a\u00f1o y 2024. El anuncio fue realizado por Salud P\u00fablica en vista&hellip; <\/p>\n","protected":false},"author":12,"featured_media":104756,"comment_status":"closed","ping_status":"open","sticky":false,"template":"","format":"standard","meta":{"footnotes":""},"categories":[16],"tags":[],"class_list":["post-104754","post","type-post","status-publish","format-standard","has-post-thumbnail","hentry","category-bienestar-y-salud"],"_links":{"self":[{"href":"https:\/\/corrientesdetarde.com\/index.php\/wp-json\/wp\/v2\/posts\/104754","targetHints":{"allow":["GET"]}}],"collection":[{"href":"https:\/\/corrientesdetarde.com\/index.php\/wp-json\/wp\/v2\/posts"}],"about":[{"href":"https:\/\/corrientesdetarde.com\/index.php\/wp-json\/wp\/v2\/types\/post"}],"author":[{"embeddable":true,"href":"https:\/\/corrientesdetarde.com\/index.php\/wp-json\/wp\/v2\/users\/12"}],"replies":[{"embeddable":true,"href":"https:\/\/corrientesdetarde.com\/index.php\/wp-json\/wp\/v2\/comments?post=104754"}],"version-history":[{"count":2,"href":"https:\/\/corrientesdetarde.com\/index.php\/wp-json\/wp\/v2\/posts\/104754\/revisions"}],"predecessor-version":[{"id":104758,"href":"https:\/\/corrientesdetarde.com\/index.php\/wp-json\/wp\/v2\/posts\/104754\/revisions\/104758"}],"wp:featuredmedia":[{"embeddable":true,"href":"https:\/\/corrientesdetarde.com\/index.php\/wp-json\/wp\/v2\/media\/104756"}],"wp:attachment":[{"href":"https:\/\/corrientesdetarde.com\/index.php\/wp-json\/wp\/v2\/media?parent=104754"}],"wp:term":[{"taxonomy":"category","embeddable":true,"href":"https:\/\/corrientesdetarde.com\/index.php\/wp-json\/wp\/v2\/categories?post=104754"},{"taxonomy":"post_tag","embeddable":true,"href":"https:\/\/corrientesdetarde.com\/index.php\/wp-json\/wp\/v2\/tags?post=104754"}],"curies":[{"name":"wp","href":"https:\/\/api.w.org\/{rel}","templated":true}]}}