{"id":104755,"date":"2023-11-24T08:43:35","date_gmt":"2023-11-24T11:43:35","guid":{"rendered":"https:\/\/corrientesdetarde.com\/?p=104755"},"modified":"2023-11-24T08:43:53","modified_gmt":"2023-11-24T11:43:53","slug":"paro-de-la-uta-dejo-sin-colectivo-urbano-a-toda-la-provincia","status":"publish","type":"post","link":"https:\/\/corrientesdetarde.com\/index.php\/informacion-general\/paro-de-la-uta-dejo-sin-colectivo-urbano-a-toda-la-provincia\/","title":{"rendered":"Paro de la UTA dej\u00f3 sin colectivo urbano a toda la provincia"},"content":{"rendered":"\n<p>Anoche, sindicalistas de la Uni\u00f3n Tranviario Automotor (UTA) seccional Corrientes confirmaron que continuar\u00e1 la medida de fuerza iniciada ayer, desde el primer servicio, que se extendi\u00f3 a todo el sistema de transporte urbano de pasajeros en la provincia de Corrientes.<\/p>\n\n\n\n<p>Los referentes gremiales reclaman que se efectivice la totalidad del aumento salarial acordado para octubre, del 12% (el primero de tres que prev\u00e9 una suba del 10% con los haberes de noviembre y un 8% con los diciembre). Parte del incremento de octubre ya fue cubierto por las empresas pero a\u00fan resta un remanente que no fue depositado en las cuentas de los choferes y que fue lo que motiv\u00f3 el paro que dej\u00f3 sin el servicio a todas las ciudades en las que se lo presta.<\/p>\n\n\n\n<p>Las empresas que llevan adelante el servicio en la provincia de Corrientes argumentaron la falta de recursos para hacer frente a la totalidad del aumento.<\/p>\n\n\n\n<p>El titular de la UTA Corrientes, Jos\u00e9 Luis Sabao, luego de pedir disculpas a los usuarios afectados por la medida, dijo que &#8220;la situaci\u00f3n contin\u00faa igual&#8221;. Y se\u00f1al\u00f3 que los servicios urbanos tanto de Capital como del interior (mencion\u00f3 a las localidades de Bella Vista, Mercedes, Ituzaing\u00f3, Goya y Paso de los Libres) permanecer\u00e1n &#8220;parados&#8221;.<\/p>\n\n\n\n<p>&#8220;Seguimos a la espera de que se haga efectivo nuestro reclamo. Continuaremos con la medida. Es decir, no habr\u00e1 servicio&#8221;, comunic\u00f3 a los afiliados al sindicato que nuclea a los choferes.<\/p>\n\n\n\n<p>Sin embargo, Sabao dej\u00f3 un mensaje con esperanza: &#8220;Seamos optimistas de que en el transcurso de la ma\u00f1ana se pueda destrabar. Que se hagan cargo y tomen carta en el asunto las empresas, y los gobiernos nacional, provincial y municipal&#8221;.<\/p>\n\n\n\n<p>Por \u00faltimo, reconoci\u00f3 que la efectivizaci\u00f3n de las mejoras salariales surge a partir de los aportes de los gobiernos. &#8220;Sabemos que funciona a trav\u00e9s de los subsidios, as\u00ed que alguien se tiene que hacer cargo&#8221;, concluy\u00f3.<\/p>\n","protected":false},"excerpt":{"rendered":"<p>Anoche, sindicalistas de la Uni\u00f3n Tranviario Automotor (UTA) seccional Corrientes confirmaron que continuar\u00e1 la medida de fuerza iniciada ayer, desde el primer servicio, que se extendi\u00f3 a todo el sistema&hellip; <\/p>\n","protected":false},"author":12,"featured_media":104759,"comment_status":"closed","ping_status":"open","sticky":false,"template":"","format":"standard","meta":{"footnotes":""},"categories":[1],"tags":[],"class_list":["post-104755","post","type-post","status-publish","format-standard","has-post-thumbnail","hentry","category-informacion-general"],"_links":{"self":[{"href":"https:\/\/corrientesdetarde.com\/index.php\/wp-json\/wp\/v2\/posts\/104755","targetHints":{"allow":["GET"]}}],"collection":[{"href":"https:\/\/corrientesdetarde.com\/index.php\/wp-json\/wp\/v2\/posts"}],"about":[{"href":"https:\/\/corrientesdetarde.com\/index.php\/wp-json\/wp\/v2\/types\/post"}],"author":[{"embeddable":true,"href":"https:\/\/corrientesdetarde.com\/index.php\/wp-json\/wp\/v2\/users\/12"}],"replies":[{"embeddable":true,"href":"https:\/\/corrientesdetarde.com\/index.php\/wp-json\/wp\/v2\/comments?post=104755"}],"version-history":[{"count":2,"href":"https:\/\/corrientesdetarde.com\/index.php\/wp-json\/wp\/v2\/posts\/104755\/revisions"}],"predecessor-version":[{"id":104761,"href":"https:\/\/corrientesdetarde.com\/index.php\/wp-json\/wp\/v2\/posts\/104755\/revisions\/104761"}],"wp:featuredmedia":[{"embeddable":true,"href":"https:\/\/corrientesdetarde.com\/index.php\/wp-json\/wp\/v2\/media\/104759"}],"wp:attachment":[{"href":"https:\/\/corrientesdetarde.com\/index.php\/wp-json\/wp\/v2\/media?parent=104755"}],"wp:term":[{"taxonomy":"category","embeddable":true,"href":"https:\/\/corrientesdetarde.com\/index.php\/wp-json\/wp\/v2\/categories?post=104755"},{"taxonomy":"post_tag","embeddable":true,"href":"https:\/\/corrientesdetarde.com\/index.php\/wp-json\/wp\/v2\/tags?post=104755"}],"curies":[{"name":"wp","href":"https:\/\/api.w.org\/{rel}","templated":true}]}}