{"id":105281,"date":"2023-11-26T11:02:56","date_gmt":"2023-11-26T14:02:56","guid":{"rendered":"https:\/\/corrientesdetarde.com\/?p=105281"},"modified":"2023-11-26T11:03:07","modified_gmt":"2023-11-26T14:03:07","slug":"en-el-interior-provincial-hay-caminos-que-seguiran-cerrados","status":"publish","type":"post","link":"https:\/\/corrientesdetarde.com\/index.php\/informacion-general\/en-el-interior-provincial-hay-caminos-que-seguiran-cerrados\/","title":{"rendered":"En el interior provincial hay caminos que seguir\u00e1n cerrados"},"content":{"rendered":"\n<p>As\u00ed lo inform\u00f3 a \u00e9poca el titular del COE, Bruno Lovison. Las rutas 40 y 94 son las m\u00e1s afectadas. En esta \u00faltima, los habitantes de la zona de Garav\u00ed y de Santo Tom\u00e9, quienes habitualmente circulaban por all\u00ed, deber\u00e1n esperar la reparaci\u00f3n. Hoy el paso es por embarcaci\u00f3n.<\/p>\n\n\n\n<p>A diferencia de la rutas nacionales, algunas carreteras provinciales se encuentran inhabilitadas por los efectos de la crecida del r\u00edo Uruguay y los arroyos cercanos. Al menos dos rutas que pertenecen a la provincia se encuentran con dificultades para la normal circulaci\u00f3n vehicular. Esto perjudica a algunos sectores tur\u00edsticos y productivos.<\/p>\n\n\n\n<p>Bruno Lovison, titular del Comando de Operaciones de Emergencia (COE) de la Provincia de Corrientes, en comunicaci\u00f3n con \u00e9poca inform\u00f3 que en el caso de la Ruta 40 la ruptura de una alcantarilla afecta al mencionado camino.<\/p>\n\n\n\n<p>En este caso, las localidades perjudicadas por este corte son Santo Tom\u00e9 y Galarza.<\/p>\n\n\n\n<p>&#8220;La alcantarilla, literalmente, qued\u00f3 destrozada y llevar\u00e1 varios d\u00edas su reparaci\u00f3n&#8221;, dijo el funcionario provincial en comunicaci\u00f3n con uno de los periodistas de este matutino.<\/p>\n\n\n\n<p>Por su parte, inform\u00f3 que otra de las rutas provinciales con inconvenientes de transitabilidad es la 94 (en este caso une las localidades de Garav\u00ed con Santo Tom\u00e9).<\/p>\n\n\n\n<p>&#8220;Esta v\u00eda qued\u00f3 aislada y la gente pasa con embarcaciones&#8221;, dijo Lovison.<\/p>\n\n\n\n<figure class=\"wp-block-image\"><img decoding=\"async\" src=\"https:\/\/www.diarioepoca.com\/content\/bucket\/4\/1332904w380h133c.jpg.webp\" alt=\"\"\/><\/figure>\n\n\n\n<p>Por su parte, Mario Mar\u00edn, funcionario de la Direcci\u00f3n Provincial, coment\u00f3 el estado de las rutas debido a la creciente del r\u00edo Uruguay.<\/p>\n\n\n\n<p>El referente de la mencionada \u00e1rea del Gobierno de Corrientes inform\u00f3 que la Ruta 94 que conecta la localidad de Santo Tom\u00e9 con Garruchos permanecer\u00e1 parcialmente cerrada hasta la pr\u00f3xima semana.<\/p>\n\n\n\n<p>La medida se tom\u00f3 como precauci\u00f3n y seguridad debido a la necesidad de evaluar la estructura de los cuatro puentes en la zona que han sido afectados por la gran masa de agua y socavaci\u00f3n en las losas de aproximaci\u00f3n.<\/p>\n\n\n\n<figure class=\"wp-block-image\"><img decoding=\"async\" src=\"https:\/\/www.diarioepoca.com\/content\/bucket\/3\/1332903w380h280c.jpg.webp\" alt=\"\"\/><\/figure>\n\n\n\n<p>A partir de hoy la ruta est\u00e1 habilitada desde la intersecci\u00f3n con la Ruta 147 hacia Garruchos, aunque se insta a los conductores a tomar las precauciones debido a los da\u00f1os observados en la cinta asf\u00e1ltica y la socavaci\u00f3n por el agua bajo los puentes.<\/p>\n\n\n\n<p>En cuanto a la ruta provincial, permanecer\u00e1 cerrada hasta que los t\u00e9cnicos eval\u00faen el estado del puente sobre el arroyo Aguapey ubicado entre la intersecci\u00f3n de Ruta Provincial 41 y la Ruta Provincial 36.<\/p>\n\n\n\n<p>La reapertura depender\u00e1 de la disminuci\u00f3n del nivel del agua y las reparaciones necesarias.<\/p>\n\n\n\n<p>El funcionario tambi\u00e9n mencion\u00f3 que la evaluaci\u00f3n continua de los da\u00f1os determinar\u00e1 la duraci\u00f3n de los cierres y las acciones de reparaci\u00f3n necesarias en las zonas afectadas.<\/p>\n\n\n\n<p>Adem\u00e1s de las rutas provinciales que se encuentran con inconvenientes de transitabilidad, en algunas ciudades tambi\u00e9n hay calles deterioradas que impiden la conexi\u00f3n con otros puntos.<\/p>\n\n\n\n<p>Es el caso de Paso de los Libres. Por la crecida del r\u00edo Uruguay, el arroyo La Despedida que conecta el centro con la quinta secci\u00f3n Ombucito presenta inconvenientes para el normal paso vehicular y de los peatones.<\/p>\n\n\n\n<p>Ayer, en esta ciudad la altura del r\u00edo fue de 11,83 metros en creciente.<\/p>\n\n\n\n<h2 class=\"wp-block-heading\">Asistencia<\/h2>\n\n\n\n<figure class=\"wp-block-image\"><img decoding=\"async\" src=\"https:\/\/www.diarioepoca.com\/content\/bucket\/1\/1332901w380h214c.jpg.webp\" alt=\"\"\/><figcaption>SON 1.237 LOS EVACUADOS EN CORRIENTES. EL GOBIERNO PROVINCIAL Y LOS MUNICIPIOS ASISTEN A LOS AFECTADOS.<\/figcaption><\/figure>\n\n\n\n<p>El titular del COE y tambi\u00e9n subdirector de Defensa Civil de la Provincia, Bruno Lovison, inform\u00f3 que por la crecida de los r\u00edos Uruguay y Paran\u00e1 son 1.237 los evacuados en todo el territorio del Tarag\u00fc\u00ed.<\/p>\n\n\n\n<p>Si bien coment\u00f3 que en el caso del Paran\u00e1 la tendencia es en descenso, est\u00e1n atentos a lo que pasa en las altas cuencas. Por su parte, en el Uruguay hay sectores que est\u00e1n en alza.<\/p>\n\n\n\n<p>&#8220;La represa de Chapec\u00f3 en Brasil transita d\u00edas m\u00e1s tranquilos y la eliminaci\u00f3n de agua es m\u00e1s moderada. Adem\u00e1s, el pron\u00f3stico extendido anticipa que no habr\u00e1 lluvias en los pr\u00f3ximos d\u00edas&#8221;, dijo el funcionario aunque aclar\u00f3 que en La Cruz la onda es en creciente y por esa raz\u00f3n realizan un seguimiento en la zona y asistiendo a las personas que necesitan ayuda.<\/p>\n","protected":false},"excerpt":{"rendered":"<p>As\u00ed lo inform\u00f3 a \u00e9poca el titular del COE, Bruno Lovison. Las rutas 40 y 94 son las m\u00e1s afectadas. En esta \u00faltima, los habitantes de la zona de Garav\u00ed&hellip; <\/p>\n","protected":false},"author":3,"featured_media":105283,"comment_status":"closed","ping_status":"open","sticky":false,"template":"","format":"standard","meta":{"footnotes":""},"categories":[1],"tags":[],"class_list":["post-105281","post","type-post","status-publish","format-standard","has-post-thumbnail","hentry","category-informacion-general"],"_links":{"self":[{"href":"https:\/\/corrientesdetarde.com\/index.php\/wp-json\/wp\/v2\/posts\/105281","targetHints":{"allow":["GET"]}}],"collection":[{"href":"https:\/\/corrientesdetarde.com\/index.php\/wp-json\/wp\/v2\/posts"}],"about":[{"href":"https:\/\/corrientesdetarde.com\/index.php\/wp-json\/wp\/v2\/types\/post"}],"author":[{"embeddable":true,"href":"https:\/\/corrientesdetarde.com\/index.php\/wp-json\/wp\/v2\/users\/3"}],"replies":[{"embeddable":true,"href":"https:\/\/corrientesdetarde.com\/index.php\/wp-json\/wp\/v2\/comments?post=105281"}],"version-history":[{"count":1,"href":"https:\/\/corrientesdetarde.com\/index.php\/wp-json\/wp\/v2\/posts\/105281\/revisions"}],"predecessor-version":[{"id":105301,"href":"https:\/\/corrientesdetarde.com\/index.php\/wp-json\/wp\/v2\/posts\/105281\/revisions\/105301"}],"wp:featuredmedia":[{"embeddable":true,"href":"https:\/\/corrientesdetarde.com\/index.php\/wp-json\/wp\/v2\/media\/105283"}],"wp:attachment":[{"href":"https:\/\/corrientesdetarde.com\/index.php\/wp-json\/wp\/v2\/media?parent=105281"}],"wp:term":[{"taxonomy":"category","embeddable":true,"href":"https:\/\/corrientesdetarde.com\/index.php\/wp-json\/wp\/v2\/categories?post=105281"},{"taxonomy":"post_tag","embeddable":true,"href":"https:\/\/corrientesdetarde.com\/index.php\/wp-json\/wp\/v2\/tags?post=105281"}],"curies":[{"name":"wp","href":"https:\/\/api.w.org\/{rel}","templated":true}]}}