{"id":105568,"date":"2023-11-27T15:23:41","date_gmt":"2023-11-27T18:23:41","guid":{"rendered":"https:\/\/corrientesdetarde.com\/?p=105568"},"modified":"2023-11-27T15:23:53","modified_gmt":"2023-11-27T18:23:53","slug":"prohiben-trasladar-caballos-desde-santa-fe-y-corrientes-para-frenar-un-virus-que-puede-afectar-a-los-humanos","status":"publish","type":"post","link":"https:\/\/corrientesdetarde.com\/index.php\/economia\/prohiben-trasladar-caballos-desde-santa-fe-y-corrientes-para-frenar-un-virus-que-puede-afectar-a-los-humanos\/","title":{"rendered":"Proh\u00edben trasladar caballos desde Santa Fe y Corrientes para frenar un virus que puede afectar a los humanos"},"content":{"rendered":"\n<p>Las medidas fueron determinadas este lunes por el SENASA ante la detecci\u00f3n de brotes de Encefalomielitis Equinas (EE) en ambas provincias.<\/p>\n\n\n\n<p>El Gobierno dispuso medidas sanitarias \u201c<strong>inmediatas, extraordinarias, excepcionales y de contenci\u00f3n\u201d ante brotes de Encefalomielitis Equinas (EE),&nbsp;<\/strong>un virus que afecta a los caballos y puede llegar hasta los humanos.<\/p>\n\n\n\n<p>Las acciones fueron dispuestas por el\u00a0<strong>Servicio Nacional de Sanidad y Calidad Agroalimentaria (SENASA)<\/strong>, mediante la\u00a0<strong>Disposici\u00f3n 363\/2023<\/strong>\u00a0publicada este lunes en el Bolet\u00edn Oficial, ante la detecci\u00f3n de casos en las\u00a0<strong>provincias de Corrientes y de Santa Fe.<\/strong><\/p>\n\n\n\n<p>Dentro de la normativa,\u00a0<strong>se prohibieron los movimientos de egreso de equinos desde las provincias afectadas, en las que se diagnostic\u00f3 la enfermedad, al resto del pa\u00eds<\/strong>.<\/p>\n\n\n\n<p>Adem\u00e1s se establece que\u00a0<strong>l<\/strong>os organizadores de eventos de concentraci\u00f3n de equinos deber\u00e1n exigir, antes del ingreso, que el animal cuente con una\u00a0<strong>vacunaci\u00f3n vigente para Encefalomielitis Equina del Este y del Oeste aplicada al menos 15 d\u00edas antes del movimiento.<\/strong>\u00a0La resoluci\u00f3n es de aplicaci\u00f3n en todo el territorio nacional.<\/p>\n\n\n\n<p>Asimismo, el&nbsp;<strong>organismo se encuentra coordinando con las c\u00e1maras de productos veterinarios y laboratorios fabricantes para generar la mayor disponibilidad de vacunas en el menor tiempo posible.<\/strong><\/p>\n\n\n\n<h2 class=\"wp-block-heading\">Caracter\u00edsticas de la encefalomielitis equina<\/h2>\n\n\n\n<p>Se destaca que dentro de las&nbsp;<strong>encefalomielitis equinas existen Este, Oeste y Venezuela<\/strong>. Estas son&nbsp;<strong>enfermedades ex\u00f3ticas para el pa\u00eds, siendo el \u00faltimo registro oficial de Encefalomielitis del Oeste (EEO) en 1988<\/strong>.<\/p>\n\n\n\n<p>La&nbsp;<strong>Encefalomielitis Equina Venezolana (EEV) nunca estuvo presente en el pa\u00eds<\/strong>&nbsp;y as\u00ed se declara ante la Organizaci\u00f3n Mundial de Sanidad Animal (OMSA).<\/p>\n\n\n\n<p>La&nbsp;<strong>tasa de letalidad<\/strong>, es decir el porcentaje de equinos muertos sobre los que se enferman,&nbsp;<strong>puede llegar al 90% para EEE y entre 20% a 30% para EEO. E<\/strong>l resto puede convalecer y quedar con secuelas en algunos casos. En el caso de la&nbsp;<strong>EEV, la tasa de letalidad es muy variable, del 40% al 90%<\/strong>. Tambi\u00e9n pueden quedar secuelas en los equinos que convalecen.<\/p>\n\n\n\n<h2 class=\"wp-block-heading\">Antecedentes recientes<\/h2>\n\n\n\n<p>El pasado s\u00e1bado 25 de noviembre se obtuvieron, en el Instituto Nacional de Tecnolog\u00eda Agropecuaria (INTA) Castelar y en el Instituto Vanella de la Universidad Nacional de C\u00f3rdoba, resultados positivos al virus del g\u00e9nero de los Alfavirus, familia Togaviridae en las provincias de Corrientes y de Santa Fe.<\/p>\n\n\n\n<p>Estos virus afectan a varios vertebrados, entre ellos los equinos, las personas que son hospedadores terminales y son transmitidos por vectores, principalmente mosquitos, durante las \u00e9pocas estivales.<\/p>\n\n\n\n<p>Durante las&nbsp;<strong>\u00faltimas 72 horas,&nbsp;<\/strong>el Senasa recibi\u00f3 notificaciones de sospechas de equinos con sintomatolog\u00eda nerviosa y mortandades en las provincias de<strong>&nbsp;Corrientes, Entre R\u00edos, Santa Fe y C\u00f3rdoba<\/strong>. Adem\u00e1s, el&nbsp;<strong>servicio veterinario de Uruguay&nbsp;<\/strong>tambi\u00e9n notific\u00f3 que recibieron sospechas con sintomatolog\u00eda similar en equinos.<\/p>\n\n\n\n<figure class=\"wp-block-image\"><img decoding=\"async\" src=\"https:\/\/tn.com.ar\/resizer\/2BIyB9wdOmqLw4zKoZNe4P0aApI=\/767x0\/smart\/filters:format(webp)\/thumbs.vodgc.net\/5B702B172B1130A59583628A641FEB6A214_1080P.jpg\" alt=\"Video Placeholder\"\/><\/figure>\n\n\n\n<p>Crujidos en las cadenas productivas de la carne, la leche y el pan.<\/p>\n\n\n\n<p>Por la situaci\u00f3n epidemiol\u00f3gica regional, as\u00ed como por la \u00e9poca del a\u00f1o y las condiciones clim\u00e1ticas y ecol\u00f3gicas con gran presencia del vector, resulta necesario adoptar&nbsp;<strong>medidas sanitarias inmediatas y oficiales de contenci\u00f3n y control.<\/strong><\/p>\n\n\n\n<p>Si bien los equinos se consideran hospedadores incidentales y terminales, la informaci\u00f3n epidemiol\u00f3gica actualizada de la OMSA indica que no puede descartarse que algunos equinos desarrollen una viremia transitoria mayor que la concentraci\u00f3n m\u00ednima para infectar un mosquito, por lo que&nbsp;<strong>pueden amplificar el virus<\/strong>&nbsp;temporariamente en los lugares donde se concentran las poblaciones de equinos y mosquitos.<\/p>\n\n\n\n<figure class=\"wp-block-image\"><img decoding=\"async\" src=\"https:\/\/tn.com.ar\/resizer\/zrLWLCJqgZ8CDNDPXkBLdIIXmx4=\/767x0\/smart\/filters:format(webp)\/cloudfront-us-east-1.images.arcpublishing.com\/artear\/O5RK5ZGJMBCIFD2YH46J3NQQ5A.png\" alt=\"El organismo sanitario detect\u00f3 los casos durante el pasado s\u00e1bado 25 de noviembre. (Foto: Senasa)\"\/><\/figure>\n\n\n\n<p>Por tal motivo, y como medida sanitaria \u201cinmediata, extraordinaria, excepcional y de contenci\u00f3n\u201d, hasta tanto se cuente con mayor informaci\u00f3n de la tipificaci\u00f3n viral y epidemiol\u00f3gica, desde el organismo informaron que \u201cresulta necesario restringir al m\u00ednimo posible los movimientos de los equinos desde las provincias afectadas por brotes de la enfermedad para disminuir as\u00ed las probabilidades de diseminaci\u00f3n de enfermedades\u201d.<\/p>\n\n\n\n<h2 class=\"wp-block-heading\">Piden notificar los casos sospechosos al Senasa<\/h2>\n\n\n\n<p>Cabe destacar que, ante cambios de conducta o comportamientos poco habituales en equinos, cualquier persona puede&nbsp;<strong>notificarlo al Senasa<\/strong>&nbsp;a trav\u00e9s de las siguientes v\u00edas de comunicaci\u00f3n:&nbsp;<strong>concurriendo<\/strong>&nbsp;a la oficina m\u00e1s cercana; enviando un&nbsp;<strong>Whatsapp<\/strong>&nbsp;al 011-5700-5704; a trav\u00e9s de la App para dispositivos m\u00f3viles&nbsp;<strong>\u201cNotificaciones Senasa\u201d<\/strong>, disponible en Play Store; escribiendo un correo electr\u00f3nico a notificaciones@senasa.gob.ar o a trav\u00e9s del apartado \u201cAvis\u00e1 al Senasa\u201d de la p\u00e1gina web del organismo.<\/p>\n","protected":false},"excerpt":{"rendered":"<p>Las medidas fueron determinadas este lunes por el SENASA ante la detecci\u00f3n de brotes de Encefalomielitis Equinas (EE) en ambas provincias. El Gobierno dispuso medidas sanitarias \u201cinmediatas, extraordinarias, excepcionales y&hellip; <\/p>\n","protected":false},"author":8,"featured_media":105570,"comment_status":"closed","ping_status":"open","sticky":false,"template":"","format":"standard","meta":{"footnotes":""},"categories":[20],"tags":[],"class_list":["post-105568","post","type-post","status-publish","format-standard","has-post-thumbnail","hentry","category-economia"],"_links":{"self":[{"href":"https:\/\/corrientesdetarde.com\/index.php\/wp-json\/wp\/v2\/posts\/105568","targetHints":{"allow":["GET"]}}],"collection":[{"href":"https:\/\/corrientesdetarde.com\/index.php\/wp-json\/wp\/v2\/posts"}],"about":[{"href":"https:\/\/corrientesdetarde.com\/index.php\/wp-json\/wp\/v2\/types\/post"}],"author":[{"embeddable":true,"href":"https:\/\/corrientesdetarde.com\/index.php\/wp-json\/wp\/v2\/users\/8"}],"replies":[{"embeddable":true,"href":"https:\/\/corrientesdetarde.com\/index.php\/wp-json\/wp\/v2\/comments?post=105568"}],"version-history":[{"count":1,"href":"https:\/\/corrientesdetarde.com\/index.php\/wp-json\/wp\/v2\/posts\/105568\/revisions"}],"predecessor-version":[{"id":105571,"href":"https:\/\/corrientesdetarde.com\/index.php\/wp-json\/wp\/v2\/posts\/105568\/revisions\/105571"}],"wp:featuredmedia":[{"embeddable":true,"href":"https:\/\/corrientesdetarde.com\/index.php\/wp-json\/wp\/v2\/media\/105570"}],"wp:attachment":[{"href":"https:\/\/corrientesdetarde.com\/index.php\/wp-json\/wp\/v2\/media?parent=105568"}],"wp:term":[{"taxonomy":"category","embeddable":true,"href":"https:\/\/corrientesdetarde.com\/index.php\/wp-json\/wp\/v2\/categories?post=105568"},{"taxonomy":"post_tag","embeddable":true,"href":"https:\/\/corrientesdetarde.com\/index.php\/wp-json\/wp\/v2\/tags?post=105568"}],"curies":[{"name":"wp","href":"https:\/\/api.w.org\/{rel}","templated":true}]}}