{"id":105636,"date":"2023-11-27T23:45:26","date_gmt":"2023-11-28T02:45:26","guid":{"rendered":"https:\/\/corrientesdetarde.com\/?p=105636"},"modified":"2023-11-27T23:45:38","modified_gmt":"2023-11-28T02:45:38","slug":"paris-hilton-anuncio-el-nacimiento-de-su-segunda-hija-un-ano-despues-de-ser-mama-por-primera-vez","status":"publish","type":"post","link":"https:\/\/corrientesdetarde.com\/index.php\/espectaculos\/paris-hilton-anuncio-el-nacimiento-de-su-segunda-hija-un-ano-despues-de-ser-mama-por-primera-vez\/","title":{"rendered":"Paris Hilton anunci\u00f3 el nacimiento de su segunda hija un a\u00f1o despu\u00e9s de ser mam\u00e1 por primera vez"},"content":{"rendered":"\n<p>La modelo fue mam\u00e1 por segunda vez a trav\u00e9s de un vientre subrogado junto a su esposo Carter Reum y llam\u00f3 London a su peque\u00f1a.\u00a0<\/p>\n\n\n\n<p><strong>Par\u00eds Hilton<\/strong>&nbsp;se convirti\u00f3 en madre por segunda vez a trav\u00e9s de un vientre subrogado. La modelo y su esposo,&nbsp;<strong>Carter Reum<\/strong>, fueron padres de&nbsp;<strong>Phoenix<\/strong>&nbsp;por primera vez hace menos de un a\u00f1o y juntos decidieron traer al mundo a&nbsp;<strong>London,<\/strong>&nbsp;su beb\u00e9.<\/p>\n\n\n\n<p>Al igual que cuando naci\u00f3 su primer hijo, Par\u00eds comparti\u00f3 la noticia a trav\u00e9s de sus redes sociales con una emotiva fotograf\u00eda. La dj public\u00f3 una imagen donde se puede ver&nbsp;<strong>una prenda de beb\u00e9 con el nombre London bordado, unos peque\u00f1os lentes con forma de coraz\u00f3n y un peluche.<\/strong><\/p>\n\n\n\n<p>En medio de la celebraci\u00f3n de Acci\u00f3n de Gracias que se celebra en Estados Unidos, Par\u00eds aprovech\u00f3 para agradecer el nacimiento de London.&nbsp;<strong>\u201cAgradecida por mi beba\u201d<\/strong>, escribi\u00f3 la modelo.<\/p>\n\n\n\n<figure class=\"wp-block-image\"><img decoding=\"async\" src=\"https:\/\/noticiasargentinas.com\/images\/NA\/Contenidos\/LONDON_PARIS.webp\" alt=\"LONDON PARIS\"\/><\/figure>\n\n\n\n<p>Adem\u00e1s, comparti\u00f3 im\u00e1genes con Phoenix, su primer hijo, y asegur\u00f3:&nbsp;<strong>\u201cHay mucho por estar agradecida en esta Acci\u00f3n de Gracias\u201d.<\/strong><\/p>\n\n\n\n<figure class=\"wp-block-image\"><img decoding=\"async\" src=\"https:\/\/noticiasargentinas.com\/images\/NA\/Contenidos\/PARIS_BEBE.webp\" alt=\"PARIS BEBE\"\/><\/figure>\n\n\n\n<p>Hace alg\u00fan tiempo, Par\u00eds confes\u00f3 la elecci\u00f3n del nombre de sus hijos en su libro \u2018Paris: The Memoir\u2019.<strong>&nbsp;\u201cPlaneamos llamarle Phoenix, un nombre que decid\u00ed hace a\u00f1os, cuando buscaba en un mapa ciudades, pa\u00edses y estados que combinaran con Par\u00eds y Londres\u201d<\/strong>, en ese entonces se desconoc\u00eda la existencia de su beb\u00e9, pero los fans de Paris creen que naci\u00f3 poco tiempo despu\u00e9s de enero.<\/p>\n\n\n\n<p>La celebrity revel\u00f3 en la revista Glamour del Reino Unido los motivos por los que eligi\u00f3 ser madre a trav\u00e9s de vientre subrogado. \u201c<strong>Yo quiero tanto una familia<\/strong>, es s\u00f3lo la parte f\u00edsica de hacerlo. Tengo tanto miedo.<strong>&nbsp;El parto y la muerte son las dos cosas que m\u00e1s me asustan en el mundo<\/strong>\u201d, expres\u00f3.<\/p>\n","protected":false},"excerpt":{"rendered":"<p>La modelo fue mam\u00e1 por segunda vez a trav\u00e9s de un vientre subrogado junto a su esposo Carter Reum y llam\u00f3 London a su peque\u00f1a.\u00a0 Par\u00eds Hilton&nbsp;se convirti\u00f3 en madre&hellip; <\/p>\n","protected":false},"author":4,"featured_media":105703,"comment_status":"closed","ping_status":"open","sticky":false,"template":"","format":"standard","meta":{"footnotes":""},"categories":[19],"tags":[],"class_list":["post-105636","post","type-post","status-publish","format-standard","has-post-thumbnail","hentry","category-espectaculos"],"_links":{"self":[{"href":"https:\/\/corrientesdetarde.com\/index.php\/wp-json\/wp\/v2\/posts\/105636","targetHints":{"allow":["GET"]}}],"collection":[{"href":"https:\/\/corrientesdetarde.com\/index.php\/wp-json\/wp\/v2\/posts"}],"about":[{"href":"https:\/\/corrientesdetarde.com\/index.php\/wp-json\/wp\/v2\/types\/post"}],"author":[{"embeddable":true,"href":"https:\/\/corrientesdetarde.com\/index.php\/wp-json\/wp\/v2\/users\/4"}],"replies":[{"embeddable":true,"href":"https:\/\/corrientesdetarde.com\/index.php\/wp-json\/wp\/v2\/comments?post=105636"}],"version-history":[{"count":1,"href":"https:\/\/corrientesdetarde.com\/index.php\/wp-json\/wp\/v2\/posts\/105636\/revisions"}],"predecessor-version":[{"id":105704,"href":"https:\/\/corrientesdetarde.com\/index.php\/wp-json\/wp\/v2\/posts\/105636\/revisions\/105704"}],"wp:featuredmedia":[{"embeddable":true,"href":"https:\/\/corrientesdetarde.com\/index.php\/wp-json\/wp\/v2\/media\/105703"}],"wp:attachment":[{"href":"https:\/\/corrientesdetarde.com\/index.php\/wp-json\/wp\/v2\/media?parent=105636"}],"wp:term":[{"taxonomy":"category","embeddable":true,"href":"https:\/\/corrientesdetarde.com\/index.php\/wp-json\/wp\/v2\/categories?post=105636"},{"taxonomy":"post_tag","embeddable":true,"href":"https:\/\/corrientesdetarde.com\/index.php\/wp-json\/wp\/v2\/tags?post=105636"}],"curies":[{"name":"wp","href":"https:\/\/api.w.org\/{rel}","templated":true}]}}