{"id":105637,"date":"2023-11-27T22:41:13","date_gmt":"2023-11-28T01:41:13","guid":{"rendered":"https:\/\/corrientesdetarde.com\/?p=105637"},"modified":"2023-11-27T22:41:17","modified_gmt":"2023-11-28T01:41:17","slug":"dolor-en-la-musica-argentina-murio-martin-elizalde-en-un-accidente-de-transito","status":"publish","type":"post","link":"https:\/\/corrientesdetarde.com\/index.php\/espectaculos\/dolor-en-la-musica-argentina-murio-martin-elizalde-en-un-accidente-de-transito\/","title":{"rendered":"Dolor en la m\u00fasica argentina: muri\u00f3 Mart\u00edn Elizalde en un accidente de tr\u00e1nsito"},"content":{"rendered":"\n<p>El referente de la m\u00fasica indie en el pa\u00eds, con m\u00e1s de 20 a\u00f1os de carrera, falleci\u00f3 a los 45 en un choque en la autopista Panamericana.<\/p>\n\n\n\n<p><strong>Mart\u00edn Elizalde,<\/strong>\u00a0figura destacada de la\u00a0m\u00fasica\u00a0independiente en la Argentina y fundador de\u00a0<em>Falsos Profetas<\/em>,\u00a0<strong>muri\u00f3 en un accidente a los 45 a\u00f1os<\/strong>. Horas atr\u00e1s, el int\u00e9rprete hab\u00eda compartido en sus redes sociales Por Que R\u00edas, la reciente colaboraci\u00f3n con Jorge Serrano de Los Aut\u00e9nticos Decadentes, sobre la cual hab\u00eda asegurado que era un\u00a0<strong>\u201csue\u00f1o cumplido\u201d.<\/strong><\/p>\n\n\n\n<p>\u201c<strong>Lamentamos el fallecimiento del m\u00fasico Mart\u00edn Elizalde, \u2018Huevo\u2019, exponente de la m\u00fasica independiente.<\/strong>&nbsp;Lider\u00f3 Falsos Profetas. Como solista se destac\u00f3 con discos como La Distancia Perfecta y De pie no muri\u00f3 cualquiera\u201d, comunicaron desde INAMU (Instituto Nacional de la M\u00fasica) en sus redes sociales.<\/p>\n\n\n\n<p>Con m\u00e1s de 20 a\u00f1os de carrera, el cantante, pianista, productor y cantautor comand\u00f3 el grupo&nbsp;<strong>Falsos Profetas<\/strong>&nbsp;hasta 2014, cuando decidi\u00f3 desarrollar su carrera como solista. Durante su trayectoria al frente de la banda, logr\u00f3 consagrarse como uno de los principales referentes de la m\u00fasica indie en la Argentina, con el&nbsp;<strong>lanzamiento de 11 \u00e1lbumes a lo largo de 15 a\u00f1os.<\/strong><\/p>\n\n\n\n<h2 class=\"wp-block-heading\"><strong>C\u00f3mo fue el accidente que acab\u00f3 con la vida de Mart\u00edn Elizalde<\/strong><\/h2>\n\n\n\n<p>El cantante viajaba junto a su compa\u00f1era de vida, Mili, en su autom\u00f3vil Renault Logan de color blanco por la autopista Panamericana en direcci\u00f3n hacia Capital Federal cuando inesperadamente una camioneta Toyota Rav4, que se desplazaba a gran velocidad desde el carril opuesto, termin\u00f3 impactando de frente contra su veh\u00edculo. Esto hizo que causara la&nbsp;<strong>muerte instant\u00e1nea<\/strong>&nbsp;de Mart\u00edn, quien se encontraba en el asiento de conductor.<\/p>\n\n\n\n<p>El tr\u00e1gico accidente tuvo lugar aproximadamente a las tres de la madrugada del pasado domingo en el kil\u00f3metro 48 de la mencionada autopista, en la localidad de La Lonja, perteneciente al partido de Pilar. De momento,&nbsp;<strong>se desconocen las circunstancias exactas que llevaron a que la camioneta impacte contra el auto y provoque este accidente fatal. &nbsp;<\/strong><\/p>\n\n\n\n<p>Por su parte,&nbsp;<strong>Mili sufri\u00f3 heridas de gravedad<\/strong>. Fue trasladada de urgencia al Hospital Central de Pilar para recibir atenci\u00f3n m\u00e9dica especializada y someterse a una operaci\u00f3n.<\/p>\n\n\n\n<p>En tanto,&nbsp;<strong>las personas que se encontraban en la camioneta tambi\u00e9n resultaron gravemente heridas<\/strong>. La conductora est\u00e1 en situaci\u00f3n cr\u00edtica, ingresada en la unidad de terapia intensiva con un diagn\u00f3stico de c\u00f3digo rojo; mientras que la copiloto se encuentra en una situaci\u00f3n ligeramente m\u00e1s estable, aunque tambi\u00e9n enfrenta un riesgo vital. Ambas se encuentran recibiendo atenci\u00f3n m\u00e9dica en el mismo hospital.<\/p>\n\n\n\n<p>La conductora de la camioneta Toyota Rav4 fue imputada por el delito de<strong>&nbsp;\u201chomicidio culposo\u201d.<\/strong>&nbsp;El caso es investigado por la Unidad Fiscal N\u00b0 4 de Pilar.<\/p>\n","protected":false},"excerpt":{"rendered":"<p>El referente de la m\u00fasica indie en el pa\u00eds, con m\u00e1s de 20 a\u00f1os de carrera, falleci\u00f3 a los 45 en un choque en la autopista Panamericana. Mart\u00edn Elizalde,\u00a0figura destacada&hellip; <\/p>\n","protected":false},"author":4,"featured_media":105679,"comment_status":"closed","ping_status":"open","sticky":false,"template":"","format":"standard","meta":{"footnotes":""},"categories":[19],"tags":[],"class_list":["post-105637","post","type-post","status-publish","format-standard","has-post-thumbnail","hentry","category-espectaculos"],"_links":{"self":[{"href":"https:\/\/corrientesdetarde.com\/index.php\/wp-json\/wp\/v2\/posts\/105637","targetHints":{"allow":["GET"]}}],"collection":[{"href":"https:\/\/corrientesdetarde.com\/index.php\/wp-json\/wp\/v2\/posts"}],"about":[{"href":"https:\/\/corrientesdetarde.com\/index.php\/wp-json\/wp\/v2\/types\/post"}],"author":[{"embeddable":true,"href":"https:\/\/corrientesdetarde.com\/index.php\/wp-json\/wp\/v2\/users\/4"}],"replies":[{"embeddable":true,"href":"https:\/\/corrientesdetarde.com\/index.php\/wp-json\/wp\/v2\/comments?post=105637"}],"version-history":[{"count":1,"href":"https:\/\/corrientesdetarde.com\/index.php\/wp-json\/wp\/v2\/posts\/105637\/revisions"}],"predecessor-version":[{"id":105680,"href":"https:\/\/corrientesdetarde.com\/index.php\/wp-json\/wp\/v2\/posts\/105637\/revisions\/105680"}],"wp:featuredmedia":[{"embeddable":true,"href":"https:\/\/corrientesdetarde.com\/index.php\/wp-json\/wp\/v2\/media\/105679"}],"wp:attachment":[{"href":"https:\/\/corrientesdetarde.com\/index.php\/wp-json\/wp\/v2\/media?parent=105637"}],"wp:term":[{"taxonomy":"category","embeddable":true,"href":"https:\/\/corrientesdetarde.com\/index.php\/wp-json\/wp\/v2\/categories?post=105637"},{"taxonomy":"post_tag","embeddable":true,"href":"https:\/\/corrientesdetarde.com\/index.php\/wp-json\/wp\/v2\/tags?post=105637"}],"curies":[{"name":"wp","href":"https:\/\/api.w.org\/{rel}","templated":true}]}}