{"id":105641,"date":"2023-11-28T00:15:45","date_gmt":"2023-11-28T03:15:45","guid":{"rendered":"https:\/\/corrientesdetarde.com\/?p=105641"},"modified":"2023-11-28T00:15:56","modified_gmt":"2023-11-28T03:15:56","slug":"gran-cierre-del-ano-de-los-clubes-de-adultos-mayores","status":"publish","type":"post","link":"https:\/\/corrientesdetarde.com\/index.php\/destacados\/gran-cierre-del-ano-de-los-clubes-de-adultos-mayores\/","title":{"rendered":"Gran Cierre del a\u00f1o de los Clubes de Adultos Mayores"},"content":{"rendered":"\n<p><em>Culmin\u00f3 con una jornada recreativa las actividades 2023 de los Clubes de Adultos Mayores dependientes del Ministerio de Desarrollo Social de la Provincia.<\/em><\/p>\n\n\n\n<p>El Cierre tuvo lugar en las instalaciones del Club INVICO ubicado en Renacimiento y Julio Verne en el barrio&nbsp;Fray Jos\u00e9 de la Quintana en una jornada desde las 9:30 hasta el mediod\u00eda. Se cont\u00f3 con la participaci\u00f3n de centenares de adultos mayores&nbsp;pertenecientes a los distintos Clubes que funcionan en los barrios de Capital y&nbsp;localidades cercanas. El evento fue organizado por el \u00c1rea de Adultos Mayores del Ministerio a cargo de Nelly Pintos.<\/p>\n\n\n\n<p>Cada Club prepar\u00f3 una coreograf\u00eda con distintos n\u00fameros art\u00edsticos ,compitiendo entre si y a los que se premi\u00f3. Participaron los Clubes \u201c Las Coronitas\u201d, \u201cJes\u00fas Nazareno\u201d y \u201cGirasoles\u201d.<\/p>\n\n\n\n<p>Adem\u00e1s, de la presencia de la coordinadora&nbsp;Pintos se cont\u00f3 con la directora de Juventud, Clara Gortari, y se realizaron sorteos de electrodom\u00e9sticos y se comparti\u00f3 un almuerzo comunitario y tortas.<\/p>\n\n\n\n<p>No falt\u00f3 la m\u00fasica, el baile y la alegr\u00eda de siempre de los mayores, donde la juventud no es cuesti\u00f3n de edad sino de actitud.<\/p>\n\n\n\n<figure class=\"wp-block-image size-full\"><img loading=\"lazy\" decoding=\"async\" width=\"1013\" height=\"745\" src=\"https:\/\/corrientesdetarde.com\/wp-content\/uploads\/2023\/11\/Captura-de-pantalla-2023-11-27-234923.png\" alt=\"\" class=\"wp-image-105706\" srcset=\"https:\/\/corrientesdetarde.com\/wp-content\/uploads\/2023\/11\/Captura-de-pantalla-2023-11-27-234923.png 1013w, https:\/\/corrientesdetarde.com\/wp-content\/uploads\/2023\/11\/Captura-de-pantalla-2023-11-27-234923-300x221.png 300w, https:\/\/corrientesdetarde.com\/wp-content\/uploads\/2023\/11\/Captura-de-pantalla-2023-11-27-234923-768x565.png 768w\" sizes=\"auto, (max-width: 1013px) 100vw, 1013px\" \/><\/figure>\n\n\n\n<figure class=\"wp-block-image size-full\"><img loading=\"lazy\" decoding=\"async\" width=\"1011\" height=\"753\" src=\"https:\/\/corrientesdetarde.com\/wp-content\/uploads\/2023\/11\/Captura-de-pantalla-2023-11-27-234946.png\" alt=\"\" class=\"wp-image-105708\" srcset=\"https:\/\/corrientesdetarde.com\/wp-content\/uploads\/2023\/11\/Captura-de-pantalla-2023-11-27-234946.png 1011w, https:\/\/corrientesdetarde.com\/wp-content\/uploads\/2023\/11\/Captura-de-pantalla-2023-11-27-234946-300x223.png 300w, https:\/\/corrientesdetarde.com\/wp-content\/uploads\/2023\/11\/Captura-de-pantalla-2023-11-27-234946-768x572.png 768w\" sizes=\"auto, (max-width: 1011px) 100vw, 1011px\" \/><\/figure>\n\n\n\n<figure class=\"wp-block-image size-full\"><img loading=\"lazy\" decoding=\"async\" width=\"471\" height=\"461\" src=\"https:\/\/corrientesdetarde.com\/wp-content\/uploads\/2023\/11\/Captura-de-pantalla-2023-11-27-235006.png\" alt=\"\" class=\"wp-image-105709\" srcset=\"https:\/\/corrientesdetarde.com\/wp-content\/uploads\/2023\/11\/Captura-de-pantalla-2023-11-27-235006.png 471w, https:\/\/corrientesdetarde.com\/wp-content\/uploads\/2023\/11\/Captura-de-pantalla-2023-11-27-235006-300x294.png 300w\" sizes=\"auto, (max-width: 471px) 100vw, 471px\" \/><\/figure>\n","protected":false},"excerpt":{"rendered":"<p>Culmin\u00f3 con una jornada recreativa las actividades 2023 de los Clubes de Adultos Mayores dependientes del Ministerio de Desarrollo Social de la Provincia. El Cierre tuvo lugar en las instalaciones&hellip; <\/p>\n","protected":false},"author":4,"featured_media":105707,"comment_status":"closed","ping_status":"open","sticky":false,"template":"","format":"standard","meta":{"footnotes":""},"categories":[26],"tags":[],"class_list":["post-105641","post","type-post","status-publish","format-standard","has-post-thumbnail","hentry","category-destacados"],"_links":{"self":[{"href":"https:\/\/corrientesdetarde.com\/index.php\/wp-json\/wp\/v2\/posts\/105641","targetHints":{"allow":["GET"]}}],"collection":[{"href":"https:\/\/corrientesdetarde.com\/index.php\/wp-json\/wp\/v2\/posts"}],"about":[{"href":"https:\/\/corrientesdetarde.com\/index.php\/wp-json\/wp\/v2\/types\/post"}],"author":[{"embeddable":true,"href":"https:\/\/corrientesdetarde.com\/index.php\/wp-json\/wp\/v2\/users\/4"}],"replies":[{"embeddable":true,"href":"https:\/\/corrientesdetarde.com\/index.php\/wp-json\/wp\/v2\/comments?post=105641"}],"version-history":[{"count":1,"href":"https:\/\/corrientesdetarde.com\/index.php\/wp-json\/wp\/v2\/posts\/105641\/revisions"}],"predecessor-version":[{"id":105710,"href":"https:\/\/corrientesdetarde.com\/index.php\/wp-json\/wp\/v2\/posts\/105641\/revisions\/105710"}],"wp:featuredmedia":[{"embeddable":true,"href":"https:\/\/corrientesdetarde.com\/index.php\/wp-json\/wp\/v2\/media\/105707"}],"wp:attachment":[{"href":"https:\/\/corrientesdetarde.com\/index.php\/wp-json\/wp\/v2\/media?parent=105641"}],"wp:term":[{"taxonomy":"category","embeddable":true,"href":"https:\/\/corrientesdetarde.com\/index.php\/wp-json\/wp\/v2\/categories?post=105641"},{"taxonomy":"post_tag","embeddable":true,"href":"https:\/\/corrientesdetarde.com\/index.php\/wp-json\/wp\/v2\/tags?post=105641"}],"curies":[{"name":"wp","href":"https:\/\/api.w.org\/{rel}","templated":true}]}}