{"id":105689,"date":"2023-11-27T23:19:09","date_gmt":"2023-11-28T02:19:09","guid":{"rendered":"https:\/\/corrientesdetarde.com\/?p=105689"},"modified":"2023-11-27T23:19:21","modified_gmt":"2023-11-28T02:19:21","slug":"mexico-lenta-recuperacion-de-acapulco-tras-el-huracan-hace-temer-por-su-subsistencia","status":"publish","type":"post","link":"https:\/\/corrientesdetarde.com\/index.php\/internacionales\/mexico-lenta-recuperacion-de-acapulco-tras-el-huracan-hace-temer-por-su-subsistencia\/","title":{"rendered":"M\u00e9xico: lenta recuperaci\u00f3n de Acapulco, tras el hurac\u00e1n, hace temer por su subsistencia"},"content":{"rendered":"\n<p>Se cumple un mes de la cat\u00e1strofe natural m\u00e1s potente que haya afectado a la costa del Pac\u00edfico.<\/p>\n\n\n\n<p>Un mes despu\u00e9s de que el&nbsp;<strong>hurac\u00e1n Otis<\/strong>&nbsp;devastara<strong>&nbsp;Acapulco,<\/strong>&nbsp;los temores por la econom\u00eda local&nbsp;acechan al puerto, con empresarios que afirman que los esfuerzos&nbsp;para reparar los da\u00f1os fueron demasiado lentos para salvar la&nbsp;temporada tur\u00edstica m\u00e1s esperada del a\u00f1o: diciembre.<\/p>\n\n\n\n<p><strong>Otis,<\/strong>&nbsp;el hurac\u00e1n m\u00e1s potente que jam\u00e1s haya golpeado la costa&nbsp;mexicana del Pac\u00edfico,<strong>&nbsp;azot\u00f3 Acapulco la madrugada del 25 de&nbsp;octubre,<\/strong>&nbsp;provocando la muerte de al menos a<strong>&nbsp;50 personas,<\/strong>&nbsp;causando&nbsp;da\u00f1os por miles de millones de d\u00f3lares y desatando saqueos.<\/p>\n\n\n\n<p><strong>Residentes que siguen buscando a sus seres queridos afirman que&nbsp;el n\u00famero oficial de v\u00edctimas mortales es probablemente mucho&nbsp;mayor.<\/strong><\/p>\n\n\n\n<p>El presidente&nbsp;<strong>Andr\u00e9s Manuel L\u00f3pez Obrador<\/strong>&nbsp;rechaz\u00f3 los&nbsp;informes no confirmados de medios de comunicaci\u00f3n que sugieren que&nbsp;el n\u00famero de v\u00edctimas mortales podr\u00eda haber superado con creces&nbsp;las&nbsp;<strong>300 personas.<\/strong><\/p>\n\n\n\n<p><strong>L\u00f3pez Obrador puso en marcha un plan de recuperaci\u00f3n de&nbsp;3.400 millones de d\u00f3lares y se comprometi\u00f3 a la reconstrucci\u00f3n&nbsp;r\u00e1pida de Acapulco, pero las empresas locales dicen que el tiempo&nbsp;se est\u00e1 acabando para ver mejoras este a\u00f1o.<\/strong><\/p>\n\n\n\n<p><strong>&#8220;Acapulco solo vive de tres temporadas: diciembre, que es la&nbsp;m\u00e1s generosa para nosotros, Semana Santa y un poquito de verano&#8221;,&nbsp;dijo Jes\u00fas Zamora,<\/strong>&nbsp;responsable de infraestructura de un organismo&nbsp;tur\u00edstico local.<\/p>\n\n\n\n<p>&#8220;Para la temporada de diciembre no tendremos&nbsp;<strong>ni el 50 por&nbsp;ciento de los hoteles,<\/strong>&nbsp;entonces aunque quisi\u00e9ramos tener m\u00e1s&nbsp;turistas no los podr\u00edamos tener porque no hay hoteler\u00eda&#8221;, a\u00f1adi\u00f3.<\/p>\n\n\n\n<p><strong>Grupos empresariales estimaron los da\u00f1os generados por Otis&nbsp;en Acapulco,<\/strong>&nbsp;la ciudad m\u00e1s grande de Guerrero, uno de los estados&nbsp;m\u00e1s pobres de M\u00e9xico,&nbsp;<strong>en unos 16.000 millones de d\u00f3lares.<\/strong><\/p>\n\n\n\n<p><strong>El hurac\u00e1n golpe\u00f3 el aeropuerto de Acapulco y los vuelos&nbsp;internacionales no se reanudar\u00e1n hasta el a\u00f1o que viene. Algunos&nbsp;empresarios temen que la ciudad no se recupere sino hasta 2025.<\/strong><\/p>\n\n\n\n<p>&#8220;La gente que trabajamos para eventos sociales, bodas de playa,&nbsp;convenciones, pues nos quedamos desempleados directamente desde&nbsp;ese d\u00eda&#8221;, dijo Roberto Buenfil, quien trabaja en una empresa de&nbsp;organizaci\u00f3n de eventos. &#8220;Todo lo que hab\u00eda para estos \u00faltimos&nbsp;meses del a\u00f1o se fue&#8221;, lament\u00f3.<\/p>\n\n\n\n<p>Las fuerzas de seguridad siguen luchando por remover la basura&nbsp;que invade algunas zonas.&nbsp;<strong>Hasta ahora se recogieron unas 221.000&nbsp;toneladas de desperdicios.<\/strong><\/p>\n\n\n\n<p>La basura se levant\u00f3 m\u00e1s r\u00e1pido en zonas c\u00e9ntricas con&nbsp;hoteles que en los barrios perif\u00e9ricos como Renacimiento y&nbsp;Emiliano Zapata, donde el olor a podredumbre creci\u00f3 a medida&nbsp;que los desechos se amontonaban, aseguran pobladores locales.<\/p>\n","protected":false},"excerpt":{"rendered":"<p>Se cumple un mes de la cat\u00e1strofe natural m\u00e1s potente que haya afectado a la costa del Pac\u00edfico. Un mes despu\u00e9s de que el&nbsp;hurac\u00e1n Otis&nbsp;devastara&nbsp;Acapulco,&nbsp;los temores por la econom\u00eda local&nbsp;acechan&hellip; <\/p>\n","protected":false},"author":4,"featured_media":105690,"comment_status":"closed","ping_status":"open","sticky":false,"template":"","format":"standard","meta":{"footnotes":""},"categories":[11],"tags":[],"class_list":["post-105689","post","type-post","status-publish","format-standard","has-post-thumbnail","hentry","category-internacionales"],"_links":{"self":[{"href":"https:\/\/corrientesdetarde.com\/index.php\/wp-json\/wp\/v2\/posts\/105689","targetHints":{"allow":["GET"]}}],"collection":[{"href":"https:\/\/corrientesdetarde.com\/index.php\/wp-json\/wp\/v2\/posts"}],"about":[{"href":"https:\/\/corrientesdetarde.com\/index.php\/wp-json\/wp\/v2\/types\/post"}],"author":[{"embeddable":true,"href":"https:\/\/corrientesdetarde.com\/index.php\/wp-json\/wp\/v2\/users\/4"}],"replies":[{"embeddable":true,"href":"https:\/\/corrientesdetarde.com\/index.php\/wp-json\/wp\/v2\/comments?post=105689"}],"version-history":[{"count":1,"href":"https:\/\/corrientesdetarde.com\/index.php\/wp-json\/wp\/v2\/posts\/105689\/revisions"}],"predecessor-version":[{"id":105691,"href":"https:\/\/corrientesdetarde.com\/index.php\/wp-json\/wp\/v2\/posts\/105689\/revisions\/105691"}],"wp:featuredmedia":[{"embeddable":true,"href":"https:\/\/corrientesdetarde.com\/index.php\/wp-json\/wp\/v2\/media\/105690"}],"wp:attachment":[{"href":"https:\/\/corrientesdetarde.com\/index.php\/wp-json\/wp\/v2\/media?parent=105689"}],"wp:term":[{"taxonomy":"category","embeddable":true,"href":"https:\/\/corrientesdetarde.com\/index.php\/wp-json\/wp\/v2\/categories?post=105689"},{"taxonomy":"post_tag","embeddable":true,"href":"https:\/\/corrientesdetarde.com\/index.php\/wp-json\/wp\/v2\/tags?post=105689"}],"curies":[{"name":"wp","href":"https:\/\/api.w.org\/{rel}","templated":true}]}}