{"id":105692,"date":"2023-11-27T23:34:25","date_gmt":"2023-11-28T02:34:25","guid":{"rendered":"https:\/\/corrientesdetarde.com\/?p=105692"},"modified":"2023-11-28T09:50:26","modified_gmt":"2023-11-28T12:50:26","slug":"bullrich-se-reunio-con-el-futuro-ministro-de-seguridad-porteno","status":"publish","type":"post","link":"https:\/\/corrientesdetarde.com\/index.php\/politica\/bullrich-se-reunio-con-el-futuro-ministro-de-seguridad-porteno\/","title":{"rendered":"Bullrich se reuni\u00f3 con el futuro ministro de Seguridad porte\u00f1o"},"content":{"rendered":"\n<p>El encuentro se ley\u00f3 como una nueva se\u00f1al de que la ex funcionaria podr\u00eda ocupar el Ministerio de Seguridad nacional en el Gabinete de Javier Milei.<\/p>\n\n\n\n<p>La presidenta del PRO,&nbsp;<strong>Patricia Bullrich<\/strong>,&nbsp;<strong>se reuni\u00f3 con el designado ministro de Seguridad porte\u00f1o, Waldo Wolff<\/strong>, en momentos en que se estima que ocupar\u00e1 la cartera nacional en el Gabinete del mandatario electo Javier Milei.<\/p>\n\n\n\n<p>Si bien todav\u00eda su designaci\u00f3n no fue confirmada por los canales oficiales de La Libertad Avanza, este encuentro con Wolff se ley\u00f3 como&nbsp;<strong>una nueva se\u00f1al sobre que ocupar\u00e1 ese cargo a partir del 10 de diciembre.<\/strong><\/p>\n\n\n\n<p><strong>\u201cLa Argentina que viene necesita orden, reglas claras y trabajo en equipo. La jerarqu\u00eda y el aporte de la experiencia de @PatoBullrich son sumamente valiosas para esta etapa que viene. De esto y muchas otras cuestiones conversamos hoy\u201d,<\/strong>&nbsp;expres\u00f3 el actual secretario de Asuntos P\u00fablicos de la Ciudad, que fue designado por el jefe de Gobierno porte\u00f1o electo, Jorge Macri, como ministro de Seguridad.<\/p>\n\n\n\n<p>El encuentro tambi\u00e9n sirvi\u00f3 para descongelar la relaci\u00f3n entre Bullrich y el funcionario de la Ciudad que se hab\u00eda tensado cuando Wolff decidi\u00f3 acompa\u00f1ar al mandatario porte\u00f1o, Horacio Rodr\u00edguez Larreta, en la campa\u00f1a nacional.<\/p>\n\n\n\n<figure class=\"wp-block-embed is-type-rich is-provider-twitter wp-block-embed-twitter\"><div class=\"wp-block-embed__wrapper\">\n<blockquote class=\"twitter-tweet\" data-width=\"550\" data-dnt=\"true\"><p lang=\"es\" dir=\"ltr\">La Argentina que viene necesita orden, reglas claras y trabajo en equipo. La jerarqu\u00eda y el aporte de la experiencia de <a href=\"https:\/\/twitter.com\/PatoBullrich?ref_src=twsrc%5Etfw\">@PatoBullrich<\/a> son sumamente valiosas para esta etapa que viene. <br>De esto y muchas otras cuestiones conversamos hoy. <a href=\"https:\/\/t.co\/D2s9RIofx8\">pic.twitter.com\/D2s9RIofx8<\/a><\/p>&mdash; WW (@WolffWaldo) <a href=\"https:\/\/twitter.com\/WolffWaldo\/status\/1729227810420720001?ref_src=twsrc%5Etfw\">November 27, 2023<\/a><\/blockquote><script async src=\"https:\/\/platform.twitter.com\/widgets.js\" charset=\"utf-8\"><\/script>\n<\/div><\/figure>\n","protected":false},"excerpt":{"rendered":"<p>El encuentro se ley\u00f3 como una nueva se\u00f1al de que la ex funcionaria podr\u00eda ocupar el Ministerio de Seguridad nacional en el Gabinete de Javier Milei. La presidenta del PRO,&nbsp;Patricia&hellip; <\/p>\n","protected":false},"author":4,"featured_media":105693,"comment_status":"closed","ping_status":"open","sticky":false,"template":"","format":"standard","meta":{"footnotes":""},"categories":[3],"tags":[],"class_list":["post-105692","post","type-post","status-publish","format-standard","has-post-thumbnail","hentry","category-politica"],"_links":{"self":[{"href":"https:\/\/corrientesdetarde.com\/index.php\/wp-json\/wp\/v2\/posts\/105692","targetHints":{"allow":["GET"]}}],"collection":[{"href":"https:\/\/corrientesdetarde.com\/index.php\/wp-json\/wp\/v2\/posts"}],"about":[{"href":"https:\/\/corrientesdetarde.com\/index.php\/wp-json\/wp\/v2\/types\/post"}],"author":[{"embeddable":true,"href":"https:\/\/corrientesdetarde.com\/index.php\/wp-json\/wp\/v2\/users\/4"}],"replies":[{"embeddable":true,"href":"https:\/\/corrientesdetarde.com\/index.php\/wp-json\/wp\/v2\/comments?post=105692"}],"version-history":[{"count":3,"href":"https:\/\/corrientesdetarde.com\/index.php\/wp-json\/wp\/v2\/posts\/105692\/revisions"}],"predecessor-version":[{"id":105774,"href":"https:\/\/corrientesdetarde.com\/index.php\/wp-json\/wp\/v2\/posts\/105692\/revisions\/105774"}],"wp:featuredmedia":[{"embeddable":true,"href":"https:\/\/corrientesdetarde.com\/index.php\/wp-json\/wp\/v2\/media\/105693"}],"wp:attachment":[{"href":"https:\/\/corrientesdetarde.com\/index.php\/wp-json\/wp\/v2\/media?parent=105692"}],"wp:term":[{"taxonomy":"category","embeddable":true,"href":"https:\/\/corrientesdetarde.com\/index.php\/wp-json\/wp\/v2\/categories?post=105692"},{"taxonomy":"post_tag","embeddable":true,"href":"https:\/\/corrientesdetarde.com\/index.php\/wp-json\/wp\/v2\/tags?post=105692"}],"curies":[{"name":"wp","href":"https:\/\/api.w.org\/{rel}","templated":true}]}}