{"id":105695,"date":"2023-11-27T23:40:13","date_gmt":"2023-11-28T02:40:13","guid":{"rendered":"https:\/\/corrientesdetarde.com\/?p=105695"},"modified":"2023-11-27T23:40:56","modified_gmt":"2023-11-28T02:40:56","slug":"anses-cuando-cobro-calendario-de-pagos-del-martes-28-de-noviembre-de-2023","status":"publish","type":"post","link":"https:\/\/corrientesdetarde.com\/index.php\/economia\/anses-cuando-cobro-calendario-de-pagos-del-martes-28-de-noviembre-de-2023\/","title":{"rendered":"ANSES, \u00bfcu\u00e1ndo cobro?: calendario de pagos del martes 28 de noviembre de 2023"},"content":{"rendered":"\n<p>La Administraci\u00f3n Nacional de la Seguridad Social afrontar\u00e1 los compromisos de la jornada. Qui\u00e9nes reciben sus haberes.<\/p>\n\n\n\n<p>La&nbsp;<strong>Administraci\u00f3n Nacional de la Seguridad Social (ANSES) cumple con su calendario de pagos de noviembre de 2023.<\/strong>&nbsp;En ese sentido, durante la jornada se abonar\u00e1n las distintas prestaciones asignadas de acuerdo a la finalizaci\u00f3n del DNI de los beneficiarios.&nbsp;<\/p>\n\n\n\n<p>El organismo previsional, a cargo de&nbsp;<strong>Fernanda Raverta<\/strong>, ya dio a conocer las fechas de cobro a los titulares de prestaciones y asignaciones que, en algunos casos, recibir\u00e1n un refuerzo. A su vez, durante el mes se anunciar\u00e1 el \u00faltimo aumento del a\u00f1o, dispuesto por la<strong>&nbsp;Ley de Movilidad.<\/strong><\/p>\n\n\n\n<p>A continuaci\u00f3n, los beneficiarios que cobran el&nbsp;<strong>martes 28&nbsp;de noviembre.<\/strong><\/p>\n\n\n\n<h2 class=\"wp-block-heading\">ANSES: \u00bfqui\u00e9nes cobran el 28 de noviembre de 2023?<\/h2>\n\n\n\n<ul class=\"wp-block-list\"><li><strong>Desempleo<\/strong>: DNI terminados en 4 y 5.<\/li><li><strong>Asignaciones Familiares de Pensiones No Contributivas:&nbsp;<\/strong>todos los DNI.<\/li><li><strong>Asignaciones de Pago \u00danico:<\/strong>&nbsp;todos los DNI.<\/li><li><strong>Jubilaciones y pensiones que superan un haber m\u00ednimo:<\/strong>&nbsp;DNI terminados en 4 y 5.<\/li><\/ul>\n\n\n\n<h2 class=\"wp-block-heading\">ANSES: el calendario de pagos de noviembre 2023<\/h2>\n\n\n\n<p><strong>Jubilaciones y pensiones que no superen un haber m\u00ednimo<\/strong><\/p>\n\n\n\n<ul class=\"wp-block-list\"><li>DNI terminados en 0: 9 de noviembre<\/li><li>DNI terminados en 1: 10 de noviembre<\/li><li>DNI terminados en 2: 13 de noviembre<\/li><li>DNI terminados en 3: 14 de noviembre<\/li><li>DNI terminados en 4: 15 de noviembre<\/li><li>DNI terminados en 5: 16 de noviembre<\/li><li>DNI terminados en 6: 17 de noviembre<\/li><li>DNI terminados en 7: 21 de noviembre<\/li><li>DNI terminados en 8: 22 de noviembre<\/li><li>DNI terminados en 9: 23 de noviembre<\/li><\/ul>\n\n\n\n<p><strong>Jubilaciones y pensiones que superen un haber m\u00ednimo<\/strong><\/p>\n\n\n\n<ul class=\"wp-block-list\"><li>DNI terminados en 0 y 1: 24 de noviembre<\/li><li>DNI terminados en 2 y 3: 27 de noviembre<\/li><li><strong>DNI terminados en 4 y 5: 28 de noviembre<\/strong><\/li><li>DNI terminados en 6 y 7: 29 de noviembre<\/li><li>DNI terminados en 8 y 9: 30 de noviembre<\/li><\/ul>\n\n\n\n<p><strong>Asignaci\u00f3n Universal por Hijo y Asignaci\u00f3n Familiar por Hijo<\/strong><\/p>\n\n\n\n<ul class=\"wp-block-list\"><li>DNI terminados en 0: 9 de noviembre<\/li><li>DNI terminados en 1: 10 de noviembre<\/li><li>DNI terminados en 2: 13 de noviembre<\/li><li>DNI terminados en 3: 14 de noviembre<\/li><li>DNI terminados en 4: 15 de noviembre<\/li><li>DNI terminados en 5: 16 de noviembre<\/li><li>DNI terminados en 6: 17 de noviembre<\/li><li>DNI terminados en 7: 21 de noviembre<\/li><li>DNI terminados en 8: 22 de noviembre<\/li><li>DNI terminados en 9: 23 de noviembre<\/li><\/ul>\n\n\n\n<p><strong>Asignaci\u00f3n por Embarazo<\/strong><\/p>\n\n\n\n<ul class=\"wp-block-list\"><li>DNI terminados en 0: 10 de noviembre<\/li><li>DNI terminados en 1: 13 de noviembre<\/li><li>DNI terminados en 2: 14 de noviembre<\/li><li>DNI terminados en 3: 15 de noviembre<\/li><li>DNI terminados en 4: 16 de noviembre<\/li><li>DNI terminados en 5: 17 de noviembre<\/li><li>DNI terminados en 6: 21 de noviembre<\/li><li>DNI terminados en 7: 22 de noviembre<\/li><li>DNI terminados en 8: 23 de noviembre<\/li><li>DNI terminados en 9: 24 de noviembre<\/li><\/ul>\n\n\n\n<p><strong>Asignaci\u00f3n por Prenatal y Maternidad<\/strong><\/p>\n\n\n\n<ul class=\"wp-block-list\"><li>DNI terminados en 0 y 1: 9 de noviembre<\/li><li>DNI terminados en 2 y 3: 10 de noviembre<\/li><li>DNI terminados en 4 y 5: 13 de noviembre<\/li><li>DNI terminados en 6 y 7: 14 de noviembre<\/li><li>DNI terminados en 8 y 9: 15 de noviembre<\/li><\/ul>\n\n\n\n<p><strong>Asignaciones Pago \u00danico<\/strong><\/p>\n\n\n\n<p>Todas las terminaciones de documentos: 6 de noviembre al 12 de diciembre<\/p>\n\n\n\n<p><strong>Pensiones No Contributivas<\/strong><\/p>\n\n\n\n<ul class=\"wp-block-list\"><li>DNI terminados en 0 y 1: 1 de noviembre<\/li><li>DNI terminados en 2 y 3: 2 de noviembre<\/li><li>DNI terminados en 4 y 5: 3 de noviembre<\/li><li>DNI terminados en 6 y 7: 7 de noviembre<\/li><li>DNI terminados en 8 y 9: 8 de noviembre<\/li><\/ul>\n\n\n\n<p><strong>Asignaciones Familiares de Pensiones No Contributivas<\/strong><\/p>\n\n\n\n<p>Todas las terminaciones de documentos: 9 de noviembre al 12 de diciembre<\/p>\n\n\n\n<p><strong>Desempleo<\/strong><\/p>\n\n\n\n<ul class=\"wp-block-list\"><li>DNI terminados en 0 y 1: 23 de noviembre<\/li><li>DNI terminados en 2 y 3: 24 de noviembre<\/li><li><strong>DNI terminados en 4 y 5: 28 de noviembre<\/strong><\/li><li>DNI terminados en 6 y 7: 29 de noviembre<\/li><li>DNI terminados en 8 y 9: 30 de noviembre<\/li><\/ul>\n","protected":false},"excerpt":{"rendered":"<p>La Administraci\u00f3n Nacional de la Seguridad Social afrontar\u00e1 los compromisos de la jornada. Qui\u00e9nes reciben sus haberes. La&nbsp;Administraci\u00f3n Nacional de la Seguridad Social (ANSES) cumple con su calendario de pagos&hellip; <\/p>\n","protected":false},"author":4,"featured_media":105696,"comment_status":"closed","ping_status":"open","sticky":false,"template":"","format":"standard","meta":{"footnotes":""},"categories":[20],"tags":[],"class_list":["post-105695","post","type-post","status-publish","format-standard","has-post-thumbnail","hentry","category-economia"],"_links":{"self":[{"href":"https:\/\/corrientesdetarde.com\/index.php\/wp-json\/wp\/v2\/posts\/105695","targetHints":{"allow":["GET"]}}],"collection":[{"href":"https:\/\/corrientesdetarde.com\/index.php\/wp-json\/wp\/v2\/posts"}],"about":[{"href":"https:\/\/corrientesdetarde.com\/index.php\/wp-json\/wp\/v2\/types\/post"}],"author":[{"embeddable":true,"href":"https:\/\/corrientesdetarde.com\/index.php\/wp-json\/wp\/v2\/users\/4"}],"replies":[{"embeddable":true,"href":"https:\/\/corrientesdetarde.com\/index.php\/wp-json\/wp\/v2\/comments?post=105695"}],"version-history":[{"count":3,"href":"https:\/\/corrientesdetarde.com\/index.php\/wp-json\/wp\/v2\/posts\/105695\/revisions"}],"predecessor-version":[{"id":105699,"href":"https:\/\/corrientesdetarde.com\/index.php\/wp-json\/wp\/v2\/posts\/105695\/revisions\/105699"}],"wp:featuredmedia":[{"embeddable":true,"href":"https:\/\/corrientesdetarde.com\/index.php\/wp-json\/wp\/v2\/media\/105696"}],"wp:attachment":[{"href":"https:\/\/corrientesdetarde.com\/index.php\/wp-json\/wp\/v2\/media?parent=105695"}],"wp:term":[{"taxonomy":"category","embeddable":true,"href":"https:\/\/corrientesdetarde.com\/index.php\/wp-json\/wp\/v2\/categories?post=105695"},{"taxonomy":"post_tag","embeddable":true,"href":"https:\/\/corrientesdetarde.com\/index.php\/wp-json\/wp\/v2\/tags?post=105695"}],"curies":[{"name":"wp","href":"https:\/\/api.w.org\/{rel}","templated":true}]}}