{"id":106059,"date":"2023-11-29T08:17:56","date_gmt":"2023-11-29T11:17:56","guid":{"rendered":"https:\/\/corrientesdetarde.com\/?p=106059"},"modified":"2023-11-29T08:18:07","modified_gmt":"2023-11-29T11:18:07","slug":"nina-abusada-por-sus-tios-en-corrientes-hace-tres-anos-padecia-esta-situacion","status":"publish","type":"post","link":"https:\/\/corrientesdetarde.com\/index.php\/crimen-y-justicia\/nina-abusada-por-sus-tios-en-corrientes-hace-tres-anos-padecia-esta-situacion\/","title":{"rendered":"Ni\u00f1a abusada por sus t\u00edos en Corrientes: hace tres a\u00f1os padec\u00eda esta situaci\u00f3n"},"content":{"rendered":"\n<p>Noelia es madre de una peque\u00f1a a quien sus t\u00edos amenazaban con que &#8220;algo malo le iba a pasar a su mam\u00e1 y su abuela si hablaba&#8221;. En la casa ubicada en el barrio Cementerio de Santo Tome conviv\u00edan la madre, uno de sus hermanos denunciados, y sus tres hijas; todas menores.<\/p>\n\n\n\n<p>A radio Ciudad de esa localidad, Noelia, madre de la v\u00edctima, relat\u00f3 el momento en que se enter\u00f3 del aberrante caso. &#8220;Fue el 19 de noviembre. Volv\u00ed de votar y vi a mi madre llorando que me dec\u00eda que algo malo le pas\u00f3 a mi hija de 11 a\u00f1os. Despu\u00e9s, supe que ella (su ni\u00f1a) decidi\u00f3 hablar con la pareja de uno de sus t\u00edos a quien le cont\u00f3 que el otro hermano abus\u00f3 de ella, sin saber que despu\u00e9s contar\u00eda que tambi\u00e9n su pareja estaba involucrada&#8221;, dijo.<\/p>\n\n\n\n<p>&#8220;Jam\u00e1s pens\u00e9 que esto pasar\u00eda en mi casa. Yo miraba por televisi\u00f3n estos casos. Yo me llevaba bien con mis hermanos, com\u00edamos en la misma mesa&#8221;, agreg\u00f3 la mujer.<\/p>\n\n\n<div class=\"wp-block-image\">\n<figure class=\"aligncenter\"><img decoding=\"async\" src=\"https:\/\/www.radiodos.com.ar\/content\/bucket\/4\/217524w770h781c.webp.webp\" alt=\"\"\/><\/figure>\n<\/div>\n\n\n<p>&#8220;Hace tres a\u00f1os que mi hija pasa por esta situaci\u00f3n. Nunca esper\u00e9 que estuvieran involucrados mis hermanos. Uno tiene 23 y el otro 39. El \u00faltimo estuvo preso por homicidio, le dieron 25 a\u00f1os, pero sali\u00f3 en marzo pasado de manera condicional&#8221;, cont\u00f3 Noelia.<\/p>\n\n\n\n<p>&#8220;Supe que ellos la amenazaban y ahora comprendo por qu\u00e9 mi hija no quer\u00eda ir a la escuela. Es que le llegaron a decir que no fuera porque seguro iba a contar a alguien lo que ellos le hac\u00edan. Ella ten\u00eda comportamientos extra\u00f1os&#8221;, dijo.<\/p>\n\n\n\n<p>El depravado de 23 a\u00f1os se entreg\u00f3 y el otro el de 39 a\u00f1os estuvo pr\u00f3fugo tres d\u00edas. Hoy, ambos est\u00e1n detenidos. La ni\u00f1a de 11 a\u00f1os debi\u00f3 pasar por revisi\u00f3n m\u00e9dica, en la que se comprob\u00f3 que hubo &#8220;acceso carnal&#8221;. Est\u00e1 previsto que este viernes declare en C\u00e1mara Gesell.<\/p>\n","protected":false},"excerpt":{"rendered":"<p>Noelia es madre de una peque\u00f1a a quien sus t\u00edos amenazaban con que &#8220;algo malo le iba a pasar a su mam\u00e1 y su abuela si hablaba&#8221;. En la casa&hellip; <\/p>\n","protected":false},"author":1,"featured_media":106064,"comment_status":"closed","ping_status":"open","sticky":false,"template":"","format":"standard","meta":{"footnotes":""},"categories":[5],"tags":[],"class_list":["post-106059","post","type-post","status-publish","format-standard","has-post-thumbnail","hentry","category-crimen-y-justicia"],"_links":{"self":[{"href":"https:\/\/corrientesdetarde.com\/index.php\/wp-json\/wp\/v2\/posts\/106059","targetHints":{"allow":["GET"]}}],"collection":[{"href":"https:\/\/corrientesdetarde.com\/index.php\/wp-json\/wp\/v2\/posts"}],"about":[{"href":"https:\/\/corrientesdetarde.com\/index.php\/wp-json\/wp\/v2\/types\/post"}],"author":[{"embeddable":true,"href":"https:\/\/corrientesdetarde.com\/index.php\/wp-json\/wp\/v2\/users\/1"}],"replies":[{"embeddable":true,"href":"https:\/\/corrientesdetarde.com\/index.php\/wp-json\/wp\/v2\/comments?post=106059"}],"version-history":[{"count":1,"href":"https:\/\/corrientesdetarde.com\/index.php\/wp-json\/wp\/v2\/posts\/106059\/revisions"}],"predecessor-version":[{"id":106065,"href":"https:\/\/corrientesdetarde.com\/index.php\/wp-json\/wp\/v2\/posts\/106059\/revisions\/106065"}],"wp:featuredmedia":[{"embeddable":true,"href":"https:\/\/corrientesdetarde.com\/index.php\/wp-json\/wp\/v2\/media\/106064"}],"wp:attachment":[{"href":"https:\/\/corrientesdetarde.com\/index.php\/wp-json\/wp\/v2\/media?parent=106059"}],"wp:term":[{"taxonomy":"category","embeddable":true,"href":"https:\/\/corrientesdetarde.com\/index.php\/wp-json\/wp\/v2\/categories?post=106059"},{"taxonomy":"post_tag","embeddable":true,"href":"https:\/\/corrientesdetarde.com\/index.php\/wp-json\/wp\/v2\/tags?post=106059"}],"curies":[{"name":"wp","href":"https:\/\/api.w.org\/{rel}","templated":true}]}}