{"id":10606,"date":"2022-10-12T15:34:01","date_gmt":"2022-10-12T18:34:01","guid":{"rendered":"https:\/\/corrientesdetarde.com\/?p=10606"},"modified":"2022-10-12T15:34:04","modified_gmt":"2022-10-12T18:34:04","slug":"corrientes-2030-un-plan-con-amplia-participacion-que-marca-el-futuro-de-la-provincia","status":"publish","type":"post","link":"https:\/\/corrientesdetarde.com\/index.php\/locales\/corrientes-2030-un-plan-con-amplia-participacion-que-marca-el-futuro-de-la-provincia\/","title":{"rendered":"Corrientes 2030: un plan con amplia participaci\u00f3n que marca el futuro de la provincia"},"content":{"rendered":"\n<p>El patio de la Casa de Gobierno estuvo totalmente colmado este martes a la tarde, mientras el gobernador Gustavo Vald\u00e9s y numerosos representantes estatales y de la sociedad civil firmaron all\u00ed el nuevo Pacto Correntino para el&nbsp;Crecimiento Econ\u00f3mico y el Desarrollo Social. Este amplio acuerdo social es el compendio de propuestas representativas de los diversos sectores de la provincia, recogidas&nbsp;y compiladas mediante el Plan Estrat\u00e9gico Participativo (PEP) &#8220;Corrientes 2030&#8221;, llevado adelante por el Gobierno provincial, marcando as\u00ed el rumbo de las pol\u00edticas p\u00fablicas durante toda esta d\u00e9cada.<\/p>\n\n\n\n<p>El anterior Pacto se firm\u00f3 en 2013, fruto del PEP 2021, en cumplimiento de la disposici\u00f3n transitoria de la Reforma de la Constituci\u00f3n de la Provincia de Corrientes en 2007 que determina constitucionalizar las pol\u00edticas de Estado consensuadas para el desarrollo de la provincia en el marco del Pacto Correntino para el Crecimiento Econ\u00f3mico y el Desarrollo Social. Y para dar continuidad a este mandato constitucional, el gobernador Vald\u00e9s instruy\u00f3 que el PEP para esta nueva d\u00e9cada organice todas las propuestas que recoja, en base a los ejes Desarrollo, Modernizaci\u00f3n, Inclusi\u00f3n y G\u00e9nero.<\/p>\n\n\n\n<p>Pero, lo inesperado fue la aparici\u00f3n de la pandemia del Coronavirus, impidiendo la realizaci\u00f3n de los talleres locales que obtuvieron las propuestas de toda la provincia en el PEP 2021, entonces ante la restricci\u00f3n sanitaria que prohib\u00eda las reuniones, el Gobierno provincial instrument\u00f3 exitosamente la realizaci\u00f3n de talleres de manera virtual, mediante videoconferencias participativas, organizadas por regiones y por los mencionados ejes.<\/p>\n\n\n\n<p>As\u00ed fue que surgieron 160 propuestas, luego de&nbsp;ocho charlas de sensibilizaci\u00f3n y 25 talleres participativos para las distintas regiones de la provincia, en los cuales intervinieron unas 6.500 personas y 270 entidades. Cabe resaltar en este marco, que el PEP 2021 gener\u00f3 la aprobaci\u00f3n de 270 leyes y que hasta el momento se cumplieron el 80 por ciento de las metas con m\u00e1s de 400 obras que surgieron de aquel primer proceso participativo.<\/p>\n\n\n\n<p>Y en este sentido, Vald\u00e9s afirm\u00f3 que decidi\u00f3 institucionalizar el control ciudadano del cumplimiento de las nuevas metas para el 2030. Fue en el acto de este martes,&nbsp;anunciando all\u00ed la creaci\u00f3n del Observatorio de Pol\u00edticas P\u00fablicas, \u201cpara el seguimiento de las mismas y para eso vamos a invitar a los participantes a que se sumen, que controlen y que nos obliguen al cumplimiento del futuro para todos los correntinos\u201d.<\/p>\n\n\n\n<p>La noticia fue recibida con marcado benepl\u00e1cito por el nutrido p\u00fablico que colm\u00f3 en la ocasi\u00f3n el patio de Casa de Gobierno, entre los que estaban los miembros de las seis regiones que conforman el Consejo de Crecimiento Econ\u00f3mico y Desarrollo Social, integradas por organizaciones no gubernamentales, sectores econ\u00f3micos y todos los intendentes municipales de la provincia, agrupados en las regiones Capital, Noroeste, R\u00edo Santa Luc\u00eda, Humedal, Tierra Colorada y Centro Sur.<\/p>\n\n\n\n<p>En sus expresiones finales, durante su discurso, segundos antes de proceder a firmar este nuevo Pacto, Vald\u00e9s sostuvo su interpretaci\u00f3n sobre la construcci\u00f3n colectiva que el mismo significa, al decir que \u201cesto sin dudas tiene que ver con una visi\u00f3n de provincia que venimos compartiendo en los \u00faltimos a\u00f1os&#8221;. En este sentido, dijo que &#8220;el Estado es una concepci\u00f3n de pol\u00edticas p\u00fablicas que tiene que estar al servicio del desarrollo de la econom\u00eda, la producci\u00f3n y de la industria; somos (el Estado) los que tenemos que facilitar a que el sector privado despliegue todo su potencial, invirtiendo con racionalidad, con justeza, cada uno de los recursos que es venido de los contribuyentes\u201d.<\/p>\n\n\n\n<p>Y consider\u00f3 que \u201csi todos hacemos un enorme esfuerzo para tener un Estado austero al servicio de los distintos sectores din\u00e1micos de la econom\u00eda, vamos a poder construir una Corrientes que sea potente, con empleo, educaci\u00f3n, con posibilidades. S\u00f3lo as\u00ed vamos a tener \u00e9xito, que no se logra por casualidad, se logra por causalidad, as\u00ed que, si cumplimos con el Pacto Correntino, ser\u00e1 la causa de nuestro crecimiento y desarrollo\u201d.<\/p>\n\n\n\n<figure class=\"wp-block-image size-full\"><img loading=\"lazy\" decoding=\"async\" width=\"1024\" height=\"683\" src=\"https:\/\/corrientesdetarde.com\/wp-content\/uploads\/2022\/10\/image-120.png\" alt=\"\" class=\"wp-image-10608\" srcset=\"https:\/\/corrientesdetarde.com\/wp-content\/uploads\/2022\/10\/image-120.png 1024w, https:\/\/corrientesdetarde.com\/wp-content\/uploads\/2022\/10\/image-120-300x200.png 300w, https:\/\/corrientesdetarde.com\/wp-content\/uploads\/2022\/10\/image-120-768x512.png 768w, https:\/\/corrientesdetarde.com\/wp-content\/uploads\/2022\/10\/image-120-272x182.png 272w\" sizes=\"auto, (max-width: 1024px) 100vw, 1024px\" \/><\/figure>\n\n\n\n<figure class=\"wp-block-image size-full\"><img loading=\"lazy\" decoding=\"async\" width=\"1024\" height=\"683\" src=\"https:\/\/corrientesdetarde.com\/wp-content\/uploads\/2022\/10\/image-121.png\" alt=\"\" class=\"wp-image-10609\" srcset=\"https:\/\/corrientesdetarde.com\/wp-content\/uploads\/2022\/10\/image-121.png 1024w, https:\/\/corrientesdetarde.com\/wp-content\/uploads\/2022\/10\/image-121-300x200.png 300w, https:\/\/corrientesdetarde.com\/wp-content\/uploads\/2022\/10\/image-121-768x512.png 768w, https:\/\/corrientesdetarde.com\/wp-content\/uploads\/2022\/10\/image-121-272x182.png 272w\" sizes=\"auto, (max-width: 1024px) 100vw, 1024px\" \/><\/figure>\n\n\n\n<figure class=\"wp-block-image size-large\"><img loading=\"lazy\" decoding=\"async\" width=\"1024\" height=\"684\" src=\"https:\/\/corrientesdetarde.com\/wp-content\/uploads\/2022\/10\/image-122-1024x684.png\" alt=\"\" class=\"wp-image-10610\" srcset=\"https:\/\/corrientesdetarde.com\/wp-content\/uploads\/2022\/10\/image-122-1024x684.png 1024w, https:\/\/corrientesdetarde.com\/wp-content\/uploads\/2022\/10\/image-122-300x200.png 300w, https:\/\/corrientesdetarde.com\/wp-content\/uploads\/2022\/10\/image-122-768x513.png 768w, https:\/\/corrientesdetarde.com\/wp-content\/uploads\/2022\/10\/image-122-272x182.png 272w, https:\/\/corrientesdetarde.com\/wp-content\/uploads\/2022\/10\/image-122.png 1504w\" sizes=\"auto, (max-width: 1024px) 100vw, 1024px\" \/><\/figure>\n\n\n\n<figure class=\"wp-block-image size-large\"><img loading=\"lazy\" decoding=\"async\" width=\"1024\" height=\"684\" src=\"https:\/\/corrientesdetarde.com\/wp-content\/uploads\/2022\/10\/image-123-1024x684.png\" alt=\"\" class=\"wp-image-10611\" srcset=\"https:\/\/corrientesdetarde.com\/wp-content\/uploads\/2022\/10\/image-123-1024x684.png 1024w, https:\/\/corrientesdetarde.com\/wp-content\/uploads\/2022\/10\/image-123-300x200.png 300w, https:\/\/corrientesdetarde.com\/wp-content\/uploads\/2022\/10\/image-123-768x513.png 768w, https:\/\/corrientesdetarde.com\/wp-content\/uploads\/2022\/10\/image-123-272x182.png 272w, https:\/\/corrientesdetarde.com\/wp-content\/uploads\/2022\/10\/image-123.png 1504w\" sizes=\"auto, (max-width: 1024px) 100vw, 1024px\" \/><\/figure>\n","protected":false},"excerpt":{"rendered":"<p>El patio de la Casa de Gobierno estuvo totalmente colmado este martes a la tarde, mientras el gobernador Gustavo Vald\u00e9s y numerosos representantes estatales y de la sociedad civil firmaron&hellip; <\/p>\n","protected":false},"author":8,"featured_media":10607,"comment_status":"closed","ping_status":"open","sticky":false,"template":"","format":"standard","meta":{"footnotes":""},"categories":[8],"tags":[],"class_list":["post-10606","post","type-post","status-publish","format-standard","has-post-thumbnail","hentry","category-locales"],"_links":{"self":[{"href":"https:\/\/corrientesdetarde.com\/index.php\/wp-json\/wp\/v2\/posts\/10606","targetHints":{"allow":["GET"]}}],"collection":[{"href":"https:\/\/corrientesdetarde.com\/index.php\/wp-json\/wp\/v2\/posts"}],"about":[{"href":"https:\/\/corrientesdetarde.com\/index.php\/wp-json\/wp\/v2\/types\/post"}],"author":[{"embeddable":true,"href":"https:\/\/corrientesdetarde.com\/index.php\/wp-json\/wp\/v2\/users\/8"}],"replies":[{"embeddable":true,"href":"https:\/\/corrientesdetarde.com\/index.php\/wp-json\/wp\/v2\/comments?post=10606"}],"version-history":[{"count":1,"href":"https:\/\/corrientesdetarde.com\/index.php\/wp-json\/wp\/v2\/posts\/10606\/revisions"}],"predecessor-version":[{"id":10612,"href":"https:\/\/corrientesdetarde.com\/index.php\/wp-json\/wp\/v2\/posts\/10606\/revisions\/10612"}],"wp:featuredmedia":[{"embeddable":true,"href":"https:\/\/corrientesdetarde.com\/index.php\/wp-json\/wp\/v2\/media\/10607"}],"wp:attachment":[{"href":"https:\/\/corrientesdetarde.com\/index.php\/wp-json\/wp\/v2\/media?parent=10606"}],"wp:term":[{"taxonomy":"category","embeddable":true,"href":"https:\/\/corrientesdetarde.com\/index.php\/wp-json\/wp\/v2\/categories?post=10606"},{"taxonomy":"post_tag","embeddable":true,"href":"https:\/\/corrientesdetarde.com\/index.php\/wp-json\/wp\/v2\/tags?post=10606"}],"curies":[{"name":"wp","href":"https:\/\/api.w.org\/{rel}","templated":true}]}}