{"id":106060,"date":"2023-11-29T08:12:52","date_gmt":"2023-11-29T11:12:52","guid":{"rendered":"https:\/\/corrientesdetarde.com\/?p=106060"},"modified":"2023-11-29T08:12:56","modified_gmt":"2023-11-29T11:12:56","slug":"la-encefalomielitis-equina-del-tipo-oeste-fue-detectada-en-lavalle","status":"publish","type":"post","link":"https:\/\/corrientesdetarde.com\/index.php\/bienestar-y-salud\/la-encefalomielitis-equina-del-tipo-oeste-fue-detectada-en-lavalle\/","title":{"rendered":"\u00a0la encefalomielitis equina del tipo Oeste fue detectada en Lavalle"},"content":{"rendered":"\n<p>El registro de una enfermedad considerada erradicada hace 25 a\u00f1os en Argentina, preocupa por estas horas a todo el campo. Desde el Servicio Nacional de Sanidad y Calidad Agroalimentaria (SENASA) confirmaron que las muestras analizadas son del tipo del Oeste, al mismo tiempo que se resisten a dar n\u00fameros de animales infectados o muertos.<\/p>\n\n\n\n<p>La directora Nacional de Sanidad Animal en SENASA, Ximena Mel\u00f3n, comunic\u00f3 ayer en una pieza audiovisual distribuida por el organismo nacional: &#8220;El Instituto Vanella de la Universidad Nacional de C\u00f3rdoba tipific\u00f3 el virus que fue motivo de las notificaciones de sospechas y casos. De esta forma se determin\u00f3 que es Encefalomielitis del Oeste (EEO) el virus que est\u00e1 circulando en nuestro pa\u00eds&#8221;.<\/p>\n\n\n\n<p>Se trata de la cepa menos agresiva, por lo que es una buena noticia para los propietarios de caba\u00f1as y haras. Dentro de las encefalomielitis equinas existen Este, Oeste y Venezuela. Estas son enfermedades ex\u00f3ticas para el pa\u00eds, siendo el \u00faltimo registro oficial de Encefalomielitis del Oeste (EEO) en 1988. La Encefalomielitis Equina Venezolana (EEV) nunca estuvo presente en Argentina y as\u00ed se declara ante la Organizaci\u00f3n Mundial de Sanidad Animal (OMSA).<\/p>\n\n\n\n<p>Desde Senasa indicaron que la tasa de letalidad (el porcentaje de equinos muertos sobre los que se enferman) puede llegar al 90% para cepa Este y entre 20 a 30% en el caso de Oeste, aunque &#8220;el resto puede convalecer y quedar con secuelas en algunos casos&#8221;. En el caso de la variante Venezuela, la tasa de letalidad es muy variable, del 40 a 90%, y tambi\u00e9n puede dejar secuelas.<\/p>\n\n\n\n<p>En Santa Fe, el presidente del Colegio de M\u00e9dicos Veterinarios, Andr\u00e9s Maurino, se refiri\u00f3 a la cepa del Oeste. &#8220;Tiene menor mortandad, es menos pat\u00f3gena que la del Este; por suerte, de todas las posibles es la que mejor tr\u00e1nsito nos da de la situaci\u00f3n&#8221;, asegur\u00f3. En la provincia vecina tambi\u00e9n se registraron casos positivos.<\/p>\n\n\n\n<p>Mel\u00f3n por su parte asegur\u00f3 que trabajan en aprovisionar con vacunas a los establecimientos. Mientras que el laboratorio Tecnovax inform\u00f3 que comenzaron un proceso de producci\u00f3n de 300 mil vacunas.<\/p>\n\n\n\n<p>Desde el SENASA aseguran que hasta el momento la mortandad en &#8220;relativamente baja&#8221;, aunque prefieren no dar detalles de la totalidad de muertes y animales contagiados.<\/p>\n\n\n\n<p>La Encefalomielitis Equina del Oeste (EEO) es una enfermedad viral que afecta a equinos, causando inflamaci\u00f3n en el sistema nervioso central. Esta enfermedad, transmitida por mosquitos, pertenece al g\u00e9nero Alphavirus. Aunque la EEO es predominantemente una enfermedad equina, tambi\u00e9n puede representar un riesgo para la salud humana, ya que los humanos pueden infectarse por la picadura de mosquitos portadores del virus.<\/p>\n\n\n\n<h2 class=\"wp-block-heading\">El Gobierno intent\u00f3 mostrarse proactivo en una conferencia&nbsp;<\/h2>\n\n\n<div class=\"wp-block-image\">\n<figure class=\"aligncenter is-resized\"><img loading=\"lazy\" decoding=\"async\" src=\"https:\/\/www.diarioepoca.com\/content\/bucket\/5\/1333845w380h296c.jpg.webp\" alt=\"\" width=\"622\" height=\"485\"\/><\/figure>\n<\/div>\n\n\n<p>Ante la detecci\u00f3n de casos de encefalomielitis equina en la regi\u00f3n, desde la Provincia brindaron ayer una conferencia de prensa para reiterar medidas que se dispusieron.<\/p>\n\n\n\n<p>El director de Producci\u00f3n Animal, Eduardo Ort\u00edz, coment\u00f3 que se determin\u00f3 restringir los movimientos de equinos, instar al uso de repelente para tratar de cortar el efecto que tiene el mosquito vector sobre la transmisi\u00f3n de la enfermedad y hacer p\u00fablica la obligaci\u00f3n de comunicar los casos de sintomatolog\u00eda nerviosa.<\/p>\n\n\n\n<p>El funcionario fue enf\u00e1tico sobre la necesidad de este \u00faltimo punto, ya que muchos productores no comunican los posibles casos temiendo que afecte su operatoria con otro tipo de ganado. &#8220;El virus no afecta a los bovinos, por ejemplo, as\u00ed que no se van a realizar bloqueos de ning\u00fan tipo hacia ellos&#8221;.<\/p>\n\n\n\n<p>Ort\u00edz a\u00f1adi\u00f3 que &#8220;la vacuna tambi\u00e9n es un preventivo que sirve para proteger al equino&#8221;, aunque la misma no se encuentra en el mercado desde 2018. Por otra parte, la decana de la Facultad de Ciencias Veterinarias, Fabiana Cipolini, precis\u00f3 que &#8220;como toda enfermedad viral, no hay tratamiento espec\u00edfico, solo sintom\u00e1tico&#8221;.<\/p>\n\n\n\n<p>Tambi\u00e9n participaron la directora de Epidemiolog\u00eda, Angelina Bobadilla y el coordinador de Sanidad Animal del SENASA, Javier Alarc\u00f3n.<\/p>\n\n\n\n<h2 class=\"wp-block-heading\">Cancelan festival<\/h2>\n\n\n\n<p>La Municipalidad de Monte Caseros inform\u00f3 ayer que qued\u00f3 suspendida la 54\u00ba edici\u00f3n del Festival provincial de la Doma y Tradici\u00f3n. Se trata de un evento que iba a desarrollarse el 8, 9 y 10 de diciembre.<\/p>\n\n\n\n<p>&#8220;Teniendo en cuenta la situaci\u00f3n epidemiol\u00f3gica vigente en torno a la detecci\u00f3n de Encefalomielitis Equina en las Provincias de Corrientes y Santa Fe, el SENASA dict\u00f3 medidas sanitarias inmediatas, extraordinarias, excepcionales y de contenci\u00f3n&#8221;, indicaron en un comunicado. Adem\u00e1s, explicaron que la realizaci\u00f3n de eventos que impliquen el traslado y concentraci\u00f3n de equinos no se encuentra autorizada.<\/p>\n","protected":false},"excerpt":{"rendered":"<p>El registro de una enfermedad considerada erradicada hace 25 a\u00f1os en Argentina, preocupa por estas horas a todo el campo. Desde el Servicio Nacional de Sanidad y Calidad Agroalimentaria (SENASA)&hellip; <\/p>\n","protected":false},"author":1,"featured_media":99926,"comment_status":"closed","ping_status":"open","sticky":false,"template":"","format":"standard","meta":{"footnotes":""},"categories":[16],"tags":[],"class_list":["post-106060","post","type-post","status-publish","format-standard","has-post-thumbnail","hentry","category-bienestar-y-salud"],"_links":{"self":[{"href":"https:\/\/corrientesdetarde.com\/index.php\/wp-json\/wp\/v2\/posts\/106060","targetHints":{"allow":["GET"]}}],"collection":[{"href":"https:\/\/corrientesdetarde.com\/index.php\/wp-json\/wp\/v2\/posts"}],"about":[{"href":"https:\/\/corrientesdetarde.com\/index.php\/wp-json\/wp\/v2\/types\/post"}],"author":[{"embeddable":true,"href":"https:\/\/corrientesdetarde.com\/index.php\/wp-json\/wp\/v2\/users\/1"}],"replies":[{"embeddable":true,"href":"https:\/\/corrientesdetarde.com\/index.php\/wp-json\/wp\/v2\/comments?post=106060"}],"version-history":[{"count":1,"href":"https:\/\/corrientesdetarde.com\/index.php\/wp-json\/wp\/v2\/posts\/106060\/revisions"}],"predecessor-version":[{"id":106063,"href":"https:\/\/corrientesdetarde.com\/index.php\/wp-json\/wp\/v2\/posts\/106060\/revisions\/106063"}],"wp:featuredmedia":[{"embeddable":true,"href":"https:\/\/corrientesdetarde.com\/index.php\/wp-json\/wp\/v2\/media\/99926"}],"wp:attachment":[{"href":"https:\/\/corrientesdetarde.com\/index.php\/wp-json\/wp\/v2\/media?parent=106060"}],"wp:term":[{"taxonomy":"category","embeddable":true,"href":"https:\/\/corrientesdetarde.com\/index.php\/wp-json\/wp\/v2\/categories?post=106060"},{"taxonomy":"post_tag","embeddable":true,"href":"https:\/\/corrientesdetarde.com\/index.php\/wp-json\/wp\/v2\/tags?post=106060"}],"curies":[{"name":"wp","href":"https:\/\/api.w.org\/{rel}","templated":true}]}}