{"id":106211,"date":"2023-11-29T16:23:58","date_gmt":"2023-11-29T19:23:58","guid":{"rendered":"https:\/\/corrientesdetarde.com\/?p=106211"},"modified":"2023-11-29T16:24:09","modified_gmt":"2023-11-29T19:24:09","slug":"el-coprodis-entrego-silla-de-rueda-postural-y-brindo-asesoramiento","status":"publish","type":"post","link":"https:\/\/corrientesdetarde.com\/index.php\/sociales\/el-coprodis-entrego-silla-de-rueda-postural-y-brindo-asesoramiento\/","title":{"rendered":"El COPRODIS entreg\u00f3 silla de rueda postural y brind\u00f3 asesoramiento"},"content":{"rendered":"\n<p><br>Desde el Ministerio de Desarrollo Social de la provincia &nbsp;se promueven acciones tendientes a mejorar la calidad de vida de las personas con discapacidad &nbsp;y fomentar la remoci\u00f3n de barreras y obst\u00e1culos para el ejercicio pleno de sus derechos y contribuir a la construcci\u00f3n de una sociedad m\u00e1s inclusiva.<\/p>\n\n\n\n<p><br>En este marco &nbsp;este martes 28, el Consejo Provincial de Discapacidad &nbsp;dependiente del Ministerio a cargo de la Prof. Roxana Tannuri visit\u00f3 familias a trav\u00e9s de su \u00e1rea social.<\/p>\n\n\n\n<p><br>&nbsp;Fue as\u00ed que el trabajador social Juan Manuel Morales entreg\u00f3 una &nbsp;silla de rueda postural y brind\u00f3 asesoramiento sobre acceso a derecho a familia del barrio Santa Mar\u00eda.<\/p>\n","protected":false},"excerpt":{"rendered":"<p>Desde el Ministerio de Desarrollo Social de la provincia &nbsp;se promueven acciones tendientes a mejorar la calidad de vida de las personas con discapacidad &nbsp;y fomentar la remoci\u00f3n de barreras&hellip; <\/p>\n","protected":false},"author":8,"featured_media":106212,"comment_status":"closed","ping_status":"open","sticky":false,"template":"","format":"standard","meta":{"footnotes":""},"categories":[17],"tags":[],"class_list":["post-106211","post","type-post","status-publish","format-standard","has-post-thumbnail","hentry","category-sociales"],"_links":{"self":[{"href":"https:\/\/corrientesdetarde.com\/index.php\/wp-json\/wp\/v2\/posts\/106211","targetHints":{"allow":["GET"]}}],"collection":[{"href":"https:\/\/corrientesdetarde.com\/index.php\/wp-json\/wp\/v2\/posts"}],"about":[{"href":"https:\/\/corrientesdetarde.com\/index.php\/wp-json\/wp\/v2\/types\/post"}],"author":[{"embeddable":true,"href":"https:\/\/corrientesdetarde.com\/index.php\/wp-json\/wp\/v2\/users\/8"}],"replies":[{"embeddable":true,"href":"https:\/\/corrientesdetarde.com\/index.php\/wp-json\/wp\/v2\/comments?post=106211"}],"version-history":[{"count":1,"href":"https:\/\/corrientesdetarde.com\/index.php\/wp-json\/wp\/v2\/posts\/106211\/revisions"}],"predecessor-version":[{"id":106213,"href":"https:\/\/corrientesdetarde.com\/index.php\/wp-json\/wp\/v2\/posts\/106211\/revisions\/106213"}],"wp:featuredmedia":[{"embeddable":true,"href":"https:\/\/corrientesdetarde.com\/index.php\/wp-json\/wp\/v2\/media\/106212"}],"wp:attachment":[{"href":"https:\/\/corrientesdetarde.com\/index.php\/wp-json\/wp\/v2\/media?parent=106211"}],"wp:term":[{"taxonomy":"category","embeddable":true,"href":"https:\/\/corrientesdetarde.com\/index.php\/wp-json\/wp\/v2\/categories?post=106211"},{"taxonomy":"post_tag","embeddable":true,"href":"https:\/\/corrientesdetarde.com\/index.php\/wp-json\/wp\/v2\/tags?post=106211"}],"curies":[{"name":"wp","href":"https:\/\/api.w.org\/{rel}","templated":true}]}}