{"id":10652,"date":"2022-10-12T17:53:49","date_gmt":"2022-10-12T20:53:49","guid":{"rendered":"https:\/\/corrientesdetarde.com\/?p=10652"},"modified":"2022-10-12T17:53:53","modified_gmt":"2022-10-12T20:53:53","slug":"mauro-icardi-rompio-el-silencio-en-un-vivo-y-apunto-contra-wanda-nara-es-el-hazmerreir-del-mundo-entero","status":"publish","type":"post","link":"https:\/\/corrientesdetarde.com\/index.php\/espectaculos\/mauro-icardi-rompio-el-silencio-en-un-vivo-y-apunto-contra-wanda-nara-es-el-hazmerreir-del-mundo-entero\/","title":{"rendered":"Mauro Icardi rompi\u00f3 el silencio en un vivo y apunt\u00f3 contra Wanda Nara: \u201cEs el hazmerre\u00edr del mundo entero\u201d"},"content":{"rendered":"\n<p>El futbolista aclar\u00f3 en qu\u00e9 estado se encuentra su relaci\u00f3n con la medi\u00e1tica. Adem\u00e1s, asegur\u00f3 que no comparte c\u00f3mo ella se muestra con L-Gante.<\/p>\n\n\n\n<p>Mauro Icardi rompi\u00f3 el silencio en un vivo de Instagram y apunt\u00f3 contra Wanda Nara\u00a0<strong>\u201cEs el hazmerre\u00edr del mundo entero, no estoy preparado para afrontar todo esto\u201d<\/strong>, dijo en un pasaje de la transmisi\u00f3n en el que explic\u00f3 por qu\u00e9 decidi\u00f3 salir a dar su punto de vista sobre un esc\u00e1ndalo que lo atraviesa. Adem\u00e1s, remarc\u00f3 que no est\u00e1 separado y reconoci\u00f3 cu\u00e1nto le molesta c\u00f3mo ella se muestra con L-Gante en un juego medi\u00e1tico.<\/p>\n\n\n\n<p>Al comienzo de la transmisi\u00f3n, el futbolista se refiri\u00f3 a la pol\u00e9mica publicaci\u00f3n que hizo el hijo mayor de la medi\u00e1tica en la que se refiri\u00f3 al referente de la cumbia 420 como un \u201cpayaso\u201d:&nbsp;<strong>\u201cValu hizo un posteo. Muchos me dijeron que era yo, yo me estaba cortando el pelo\u201d<\/strong>. Y agreg\u00f3: \u201cAh\u00ed, en el posteo que hizo Valentino, est\u00e1 todo aclarado. No solo con esta persona que no es de nuestro estilo de nuestro\u201d.<\/p>\n\n\n\n<h2 class=\"wp-block-heading\">Las frases de Mauro Icardi contra Wanda Nara en un vivo de Instagram<\/h2>\n\n\n\n<p>\u201cLes quer\u00eda contar que hay gente que dice muchas mentiras, pero es hora de salir a aclarar algunas cosas. No es mi estilo salir a aclarar algunas cosas, duelen muchas cosas de las que dicen. El 100% de las cosas est\u00e1n inventadas\u201d<\/p>\n\n\n\n<p>\u201cWanda hizo una aclaraci\u00f3n de que estamos separados. El fin de semana estuve con ella en Argentina y la pasamos bien, estuvimos juntos. Hasta el d\u00eda siguiente que me volv\u00ed, todo estaba m\u00e1s que bien\u201d<\/p>\n\n\n\n<p>\u201cPara decirles a todos que estamos ac\u00e1 en Estambul con los nenes. Esperemos que la madre se digne a venir, termin\u00f3 la grabaci\u00f3n del programa que estuvo haciendo. Tambi\u00e9n les voy a contar que est\u00e1 haciendo un video en Santa B\u00e1rbaro. No vamos a comentar porque es nuestro modo de vida y nuestro modo de ver las cosas. No es lo que quiero para mis hijos y mis hijas\u201d<\/p>\n\n\n\n<p>\u201cEl cantante puso que estaban en otro lado y la verdad es que est\u00e1n en Santa B\u00e1rbara. El video es un poco rid\u00edculo. Nunca quise hablar del tema, pero la verdad es que ya toca\u201d<\/p>\n\n\n\n<p>\u201cYo no quiero meter a los nenes, les hablo les cuento. Va a cumplir 14 a\u00f1os y ya tiene poder de decisi\u00f3n lo que siente y lo que piensa\u201d<\/p>\n\n\n\n<p>\u201cAntes del estilo de vida que est\u00e1 llevando su madre, tuvimos una llamada en la que le dijo lo que siente. Le dijo que si sigue en esta postura y comportamiento, ellos mismos se van a tener que alejar. Yo primero como marido, la eleg\u00ed como la mejor de todas y siempre lo di a entender. Hoy en d\u00eda se est\u00e1 alejando, es un comportamiento que no es apto ni para ella ni sus cinco hijos. Por eso decid\u00ed hacer este vivi\u00f3 y decid\u00ed hablar\u201d<\/p>\n\n\n\n<p>\u201cHoy en d\u00eda le molest\u00f3 que yo haya dicho eso, porque ese es su medio de trabajo, del cual durante 9 a\u00f1os nunca hizo. Decidi\u00f3 que esa es su forma de salir adelante, veremos qu\u00e9 nos depara. Veremos si seguimos con esta postura y si se puede hacer algo por los nenes. Ya saben la clase de padre que soy y como me comport\u00e9 con tres nenes que no son m\u00edos. Los quiero como si fueran m\u00edos, como si los hubiera parido yo\u201d<\/p>\n\n\n\n<p>\u201cS\u00e9 la clase de persona con la que se criaron, hoy por desgracia de la vida, la madre decide romperles\u201d<\/p>\n\n\n\n<p>\u201cQuiero aclararles de que no estoy loco. No estoy divorciado y yo la conozco m\u00e1s que nadie. S\u00e9 qu\u00e9 clase de persona es (Wanda) y que clase de persona fue siempre, por eso la defend\u00ed. Este punto ya no tiene defensa, es el hazmerre\u00edr del mundo entero con sus actitudes. No estoy preparado para soportar todo esto\u201d.<\/p>\n\n\n\n<figure class=\"wp-block-image size-large\"><img loading=\"lazy\" decoding=\"async\" width=\"572\" height=\"1024\" src=\"https:\/\/corrientesdetarde.com\/wp-content\/uploads\/2022\/10\/image-129-572x1024.png\" alt=\"\" class=\"wp-image-10653\" srcset=\"https:\/\/corrientesdetarde.com\/wp-content\/uploads\/2022\/10\/image-129-572x1024.png 572w, https:\/\/corrientesdetarde.com\/wp-content\/uploads\/2022\/10\/image-129-168x300.png 168w, https:\/\/corrientesdetarde.com\/wp-content\/uploads\/2022\/10\/image-129-768x1375.png 768w, https:\/\/corrientesdetarde.com\/wp-content\/uploads\/2022\/10\/image-129-858x1536.png 858w, https:\/\/corrientesdetarde.com\/wp-content\/uploads\/2022\/10\/image-129-1144x2048.png 1144w, https:\/\/corrientesdetarde.com\/wp-content\/uploads\/2022\/10\/image-129.png 1440w\" sizes=\"auto, (max-width: 572px) 100vw, 572px\" \/><\/figure>\n\n\n\n<p><\/p>\n","protected":false},"excerpt":{"rendered":"<p>El futbolista aclar\u00f3 en qu\u00e9 estado se encuentra su relaci\u00f3n con la medi\u00e1tica. Adem\u00e1s, asegur\u00f3 que no comparte c\u00f3mo ella se muestra con L-Gante. Mauro Icardi rompi\u00f3 el silencio en&hellip; <\/p>\n","protected":false},"author":8,"featured_media":10654,"comment_status":"closed","ping_status":"open","sticky":false,"template":"","format":"standard","meta":{"footnotes":""},"categories":[19],"tags":[],"class_list":["post-10652","post","type-post","status-publish","format-standard","has-post-thumbnail","hentry","category-espectaculos"],"_links":{"self":[{"href":"https:\/\/corrientesdetarde.com\/index.php\/wp-json\/wp\/v2\/posts\/10652","targetHints":{"allow":["GET"]}}],"collection":[{"href":"https:\/\/corrientesdetarde.com\/index.php\/wp-json\/wp\/v2\/posts"}],"about":[{"href":"https:\/\/corrientesdetarde.com\/index.php\/wp-json\/wp\/v2\/types\/post"}],"author":[{"embeddable":true,"href":"https:\/\/corrientesdetarde.com\/index.php\/wp-json\/wp\/v2\/users\/8"}],"replies":[{"embeddable":true,"href":"https:\/\/corrientesdetarde.com\/index.php\/wp-json\/wp\/v2\/comments?post=10652"}],"version-history":[{"count":1,"href":"https:\/\/corrientesdetarde.com\/index.php\/wp-json\/wp\/v2\/posts\/10652\/revisions"}],"predecessor-version":[{"id":10655,"href":"https:\/\/corrientesdetarde.com\/index.php\/wp-json\/wp\/v2\/posts\/10652\/revisions\/10655"}],"wp:featuredmedia":[{"embeddable":true,"href":"https:\/\/corrientesdetarde.com\/index.php\/wp-json\/wp\/v2\/media\/10654"}],"wp:attachment":[{"href":"https:\/\/corrientesdetarde.com\/index.php\/wp-json\/wp\/v2\/media?parent=10652"}],"wp:term":[{"taxonomy":"category","embeddable":true,"href":"https:\/\/corrientesdetarde.com\/index.php\/wp-json\/wp\/v2\/categories?post=10652"},{"taxonomy":"post_tag","embeddable":true,"href":"https:\/\/corrientesdetarde.com\/index.php\/wp-json\/wp\/v2\/tags?post=10652"}],"curies":[{"name":"wp","href":"https:\/\/api.w.org\/{rel}","templated":true}]}}