{"id":106819,"date":"2023-12-01T14:20:31","date_gmt":"2023-12-01T17:20:31","guid":{"rendered":"https:\/\/corrientesdetarde.com\/?p=106819"},"modified":"2023-12-01T14:20:35","modified_gmt":"2023-12-01T17:20:35","slug":"valdes-entrego-notebooks-a-mas-de-800-alumnos-del-departamento-de-goya","status":"publish","type":"post","link":"https:\/\/corrientesdetarde.com\/index.php\/locales\/valdes-entrego-notebooks-a-mas-de-800-alumnos-del-departamento-de-goya\/","title":{"rendered":"Vald\u00e9s entreg\u00f3 notebooks a m\u00e1s de 800 alumnos del departamento de Goya"},"content":{"rendered":"\n<p>Este viernes, 859 alumnos de distintos establecimientos secundarios de dicha ciudad y zonas aleda\u00f1as, recibieron notebooks del programa provincial \u201cIncluir Futuro\u201d. El acto fue presidido por el gobernador Gustavo Vald\u00e9s, quien inform\u00f3 que se continuar\u00e1 con esta iniciativa durante el a\u00f1o pr\u00f3ximo para seguir desarrollando la educaci\u00f3n p\u00fablica.<\/p>\n\n\n\n<p>Con el firme objetivo de reducir la brecha digital y promover la igualdad educativa, el gobernador Gustavo Vald\u00e9s encabez\u00f3 este viernes en Goya, la entrega de 859 notebooks del programa \u201cIncluir Futuro\u201d a alumnos de establecimientos secundarios de dicha ciudad, al igual que a un colegio de Colonia Carolina y a otros de parajes rurales.<\/p>\n\n\n\n<p>El acto tuvo lugar en el Colegio Secundario \u201cDr. Juan Eusebio Torrent\u201d, oportunidad en la cual el mandatario resalt\u00f3 la importancia de dotar a los j\u00f3venes de esta herramienta fundamental para fomentar el conocimiento y la inclusi\u00f3n entre los j\u00f3venes.<\/p>\n\n\n\n<p>\u201cPara educar tenemos que tener lo \u00faltimo en tecnolog\u00eda, porque es una herramienta que nos permite tomar clases pr\u00e1cticas, did\u00e1cticas, y orientadas a un plan de estudio acabado\u201d, inici\u00f3 su alocuci\u00f3n Vald\u00e9s.<\/p>\n\n\n\n<p>El gobernador, adem\u00e1s, volvi\u00f3 a destacar los contenidos digitales creados a trav\u00e9s de las plataformas de EducaPlay y CorrientesPlay, \u201csobre nuestra historia, geograf\u00eda, clubes deportivos, chamam\u00e9 y platos t\u00edpicos\u201d, entre otros, se\u00f1alando la importancia de la nueva Subsecretar\u00eda de Contenidos Audiovisuales, en este marco.<\/p>\n\n\n\n<p>Continuando, el mandatario precis\u00f3 que \u201cestamos en una carrera para adquirir estas computadoras\u201d, ya que \u201cno es f\u00e1cil, con las importaciones trabadas\u201d. En este sentido, Vald\u00e9s detall\u00f3, igualmente, que desde la Provincia \u201choy estamos completando primer a\u00f1o, segundo, tercero y llegando a cuarto en Goya\u201d, con la misma entrega de notebooks.<\/p>\n\n\n\n<p>Finalmente, en este contexto, el gobernador ratific\u00f3 la marcha del programa Incluir Futuro para 2024, apuntando tambi\u00e9n a los alumnos del quinto a\u00f1o de la secundaria, y resaltando que, de esta manera, \u201cbuscamos tener un mejor nivel educativo\u201d, ya que \u201cla mejor inversi\u00f3n que tenemos desde el estado es en la educaci\u00f3n p\u00fablica y gratuita\u201d.<\/p>\n\n\n\n<p>Cabe mencionarse que esta entrega se sustenta en los ejes de modernizaci\u00f3n, desarrollo e inclusi\u00f3n para dotar de computadoras a los alumnos ingresantes del nivel secundario en toda la provincia y se basa en dos pilares fundamentales, el de la equidad en el acceso a la tecnolog\u00eda y la del desarrollo de las competencias y capacidades educativas.<\/p>\n\n\n\n<p>Con estas nuevas computadoras, los docentes y alumnos acceden a todos los contenidos de \u201cEducaPlay\u201d, el programa de formaci\u00f3n digital disponible en la plataforma \u201cCorrientes Play\u201d que desarroll\u00f3 el Gobierno Provincial para complementar el proceso de ense\u00f1anza-aprendizaje de las aulas.<\/p>\n\n\n\n<p>El detalle los dispositivos entregados a cada establecimiento es el siguiente: En Goya: Colegio \u201cSagrado Coraz\u00f3n de Jes\u00fas\u201d (151), Colegio \u201cDr. Roberto L\u00f3pez Alvarado\u201d (161), Colegio \u201cDr. Juan Eusebio Torrent\u201d (207), Colegio Secundario \u201cGregoria Morales\u201d (104) y Colegio Secundario en Goya (106).<\/p>\n\n\n\n<p>Extensi\u00f3n A\u00falica Escuela Primaria N\u00ba 281 de Puerto Boca, dependiente de la Escuela Normal Mariano I. Loza (32),&nbsp; Colegio Secundario de Colonia Carolina (31), Colegio Secundario de Paraje Ifr\u00e1n (23), Colegio Secundario del Paraje Los Alamos (21) y Escuela Agrot\u00e9cnica del Paraje Mercedes Cossio (23).<\/p>\n\n\n\n<p>En el marco del acto, las palabras de bienvenida las ofreci\u00f3 Fabi\u00e1n Cedrolla, rector del establecimiento anfitri\u00f3n, qui\u00e9n tras agradecer la entrega y el acompa\u00f1amiento de la Provincia, se\u00f1al\u00f3 lo importante que es para los alumnos acceder a estas tecnolog\u00edas y estar conectados con el mundo en la era del conocimiento global.<\/p>\n\n\n\n<figure class=\"wp-block-image size-large\"><img loading=\"lazy\" decoding=\"async\" width=\"1024\" height=\"682\" src=\"https:\/\/corrientesdetarde.com\/wp-content\/uploads\/2023\/12\/image-1024x682.png\" alt=\"\" class=\"wp-image-106831\" srcset=\"https:\/\/corrientesdetarde.com\/wp-content\/uploads\/2023\/12\/image-1024x682.png 1024w, https:\/\/corrientesdetarde.com\/wp-content\/uploads\/2023\/12\/image-300x200.png 300w, https:\/\/corrientesdetarde.com\/wp-content\/uploads\/2023\/12\/image-768x512.png 768w, https:\/\/corrientesdetarde.com\/wp-content\/uploads\/2023\/12\/image.png 1280w\" sizes=\"auto, (max-width: 1024px) 100vw, 1024px\" \/><\/figure>\n\n\n\n<figure class=\"wp-block-image size-large\"><img loading=\"lazy\" decoding=\"async\" width=\"1024\" height=\"682\" src=\"https:\/\/corrientesdetarde.com\/wp-content\/uploads\/2023\/12\/image-1-1024x682.png\" alt=\"\" class=\"wp-image-106832\" srcset=\"https:\/\/corrientesdetarde.com\/wp-content\/uploads\/2023\/12\/image-1-1024x682.png 1024w, https:\/\/corrientesdetarde.com\/wp-content\/uploads\/2023\/12\/image-1-300x200.png 300w, https:\/\/corrientesdetarde.com\/wp-content\/uploads\/2023\/12\/image-1-768x512.png 768w, https:\/\/corrientesdetarde.com\/wp-content\/uploads\/2023\/12\/image-1-1536x1023.png 1536w, https:\/\/corrientesdetarde.com\/wp-content\/uploads\/2023\/12\/image-1.png 1600w\" sizes=\"auto, (max-width: 1024px) 100vw, 1024px\" \/><\/figure>\n\n\n\n<p><strong>Pr\u00e1xedes L\u00f3pez<\/strong><\/p>\n\n\n\n<p>Al dirigirse a los presentes, la ministra de Educaci\u00f3n, Pr\u00e1xedes L\u00f3pez coment\u00f3 con orgullo que con esta entrega, se complet\u00f3&nbsp;en su totalidad el acceso a las computadoras para los alumnos de primero, segundo y tercer a\u00f1o del nivel secundario en Goya.<\/p>\n\n\n\n<p>Asimismo, ponder\u00f3 que las notebooks se nutren con los contenidos digitales producidos por la subsecretar\u00eda de Contenidos audiovisuales en conjunci\u00f3n con la productora 2047 para que los mismos sean did\u00e1cticos y lleguen a todos, siendo un \u201cpuerta de acceso para los alumnos hacia el conocimiento\u201d.<\/p>\n\n\n\n<p>Tras enfatizar que \u201cha sido un gran a\u00f1o escolar, gracias al trabajo de los docentes correntinos\u201d, para quienes pidi\u00f3 un fuerte aplauso, la titular de la cartera educativa provincial breg\u00f3 para que todos juntos, \u201cpodamos seguir trabajando por mayor calidad educativa, articulando la escuela secundaria con el mundo del trabajo\u201d, concluyendo que es fundamental \u201casegurar la terminalidad de los alumnos correntinos\u201d.<\/p>\n\n\n\n<p><strong>Intendente Hormaechea<\/strong><\/p>\n\n\n\n<p>A su turno, el intendente Mariano Hormaechea destac\u00f3 el trabajo en equipo con el gobierno de la Provincia en pos del desarrollo de Goya y toda su zona de influencia.<\/p>\n\n\n\n<p>\u201cNo es la primera vez que el gobernador Vald\u00e9s nos visita para entregar esta notebooks que van de la mano de la modernizaci\u00f3n y la inclusi\u00f3n para nuestros j\u00f3venes, con contenidos audiovisuales producidos por correntinos\u201d, subray\u00f3 el jefe comunal.<\/p>\n\n\n\n<p>Seguidamente, Hormaechea trajo a colaci\u00f3n el anuncio oportunamente efectuado por el gobernador Gustavo Vald\u00e9s de adquirir el predio de la ex planta tabacalera Massal\u00edn Particulares, en donde la Provincia va a construir una Universidad y una Escuela p\u00fablica. &nbsp;\u201cEsta obra va a ser fundamental para Goya y nos va a permitir seguir mejorando la educaci\u00f3n y brindarles m\u00e1s oportunidades a los j\u00f3venes\u201d, termin\u00f3 expresando.<\/p>\n\n\n\n<p><strong>Presencias<\/strong><\/p>\n\n\n\n<p>Tambi\u00e9n participaron del acto, ministros, secretarios y subsecretarios del gabinete provincial, legisladores nacionales y provinciales, el director de Educaci\u00f3n Secundaria, Sergio Guti\u00e9rrez, dem\u00e1s autoridades comunales, concejales, intendentes de localidades vecinas, alumnos, docentes y p\u00fablico en general.<\/p>\n\n\n\n<figure class=\"wp-block-image size-large\"><img loading=\"lazy\" decoding=\"async\" width=\"1024\" height=\"682\" src=\"https:\/\/corrientesdetarde.com\/wp-content\/uploads\/2023\/12\/image-2-1024x682.png\" alt=\"\" class=\"wp-image-106833\" srcset=\"https:\/\/corrientesdetarde.com\/wp-content\/uploads\/2023\/12\/image-2-1024x682.png 1024w, https:\/\/corrientesdetarde.com\/wp-content\/uploads\/2023\/12\/image-2-300x200.png 300w, https:\/\/corrientesdetarde.com\/wp-content\/uploads\/2023\/12\/image-2-768x512.png 768w, https:\/\/corrientesdetarde.com\/wp-content\/uploads\/2023\/12\/image-2-1536x1023.png 1536w, https:\/\/corrientesdetarde.com\/wp-content\/uploads\/2023\/12\/image-2.png 1600w\" sizes=\"auto, (max-width: 1024px) 100vw, 1024px\" \/><\/figure>\n","protected":false},"excerpt":{"rendered":"<p>Este viernes, 859 alumnos de distintos establecimientos secundarios de dicha ciudad y zonas aleda\u00f1as, recibieron notebooks del programa provincial \u201cIncluir Futuro\u201d. El acto fue presidido por el gobernador Gustavo Vald\u00e9s,&hellip; <\/p>\n","protected":false},"author":1,"featured_media":106834,"comment_status":"closed","ping_status":"open","sticky":false,"template":"","format":"standard","meta":{"footnotes":""},"categories":[8],"tags":[],"class_list":["post-106819","post","type-post","status-publish","format-standard","has-post-thumbnail","hentry","category-locales"],"_links":{"self":[{"href":"https:\/\/corrientesdetarde.com\/index.php\/wp-json\/wp\/v2\/posts\/106819","targetHints":{"allow":["GET"]}}],"collection":[{"href":"https:\/\/corrientesdetarde.com\/index.php\/wp-json\/wp\/v2\/posts"}],"about":[{"href":"https:\/\/corrientesdetarde.com\/index.php\/wp-json\/wp\/v2\/types\/post"}],"author":[{"embeddable":true,"href":"https:\/\/corrientesdetarde.com\/index.php\/wp-json\/wp\/v2\/users\/1"}],"replies":[{"embeddable":true,"href":"https:\/\/corrientesdetarde.com\/index.php\/wp-json\/wp\/v2\/comments?post=106819"}],"version-history":[{"count":1,"href":"https:\/\/corrientesdetarde.com\/index.php\/wp-json\/wp\/v2\/posts\/106819\/revisions"}],"predecessor-version":[{"id":106835,"href":"https:\/\/corrientesdetarde.com\/index.php\/wp-json\/wp\/v2\/posts\/106819\/revisions\/106835"}],"wp:featuredmedia":[{"embeddable":true,"href":"https:\/\/corrientesdetarde.com\/index.php\/wp-json\/wp\/v2\/media\/106834"}],"wp:attachment":[{"href":"https:\/\/corrientesdetarde.com\/index.php\/wp-json\/wp\/v2\/media?parent=106819"}],"wp:term":[{"taxonomy":"category","embeddable":true,"href":"https:\/\/corrientesdetarde.com\/index.php\/wp-json\/wp\/v2\/categories?post=106819"},{"taxonomy":"post_tag","embeddable":true,"href":"https:\/\/corrientesdetarde.com\/index.php\/wp-json\/wp\/v2\/tags?post=106819"}],"curies":[{"name":"wp","href":"https:\/\/api.w.org\/{rel}","templated":true}]}}