{"id":106839,"date":"2023-12-01T15:51:16","date_gmt":"2023-12-01T18:51:16","guid":{"rendered":"https:\/\/corrientesdetarde.com\/?p=106839"},"modified":"2023-12-01T15:51:49","modified_gmt":"2023-12-01T18:51:49","slug":"muestra-multimedia-como-el-eco-de-un-mal-sueno-durante-el-dia","status":"publish","type":"post","link":"https:\/\/corrientesdetarde.com\/index.php\/cultura\/muestra-multimedia-como-el-eco-de-un-mal-sueno-durante-el-dia\/","title":{"rendered":"Muestra multimedia \u201cComo el eco de un mal sue\u00f1o durante el d\u00eda&#8221;"},"content":{"rendered":"\n<p>El artista sonoro Nicol\u00e1s Ojeda presentar\u00e1 el viernes su primera muestra art\u00edstica individual: \u201cComo el eco de un mal sue\u00f1o durante el d\u00eda\u201d. La inauguraci\u00f3n ser\u00e1 a las 19 en Chorizo Galer\u00eda, ubicada en Ameghino 1266 de Resistencia. La propuesta cuenta con la curadur\u00eda del doctor en Arte, Emanuel Cantero.<\/p>\n\n\n\n<p>\u201cComo el eco de un mal sue\u00f1o durante el d\u00eda\u201d, est\u00e1 compuesta por un conjunto de obras y ejercicios creativos que buscan recrear un ambiente \u201cposnatural\u201d, un concepto que viene a recordar que no es posible hablar de la naturaleza como una entidad independiente de la acci\u00f3n humana, de la intervenci\u00f3n de la ciencia y de la t\u00e9cnica.&nbsp;<\/p>\n\n\n\n<p>La muestra podr\u00e1 ser visitada hasta el viernes 8 inclusive. En esta ocasi\u00f3n, se realizar\u00e1 un evento para el cierre, con un conversatorio que dar\u00e1n en conjunto el artista y el curador. Quienes deseen visitarla puede comunicarse a trav\u00e9s del instagram de Galer\u00eda Chorizo @chorizogaleria o del artista, Nicol\u00e1s Ojeda @nicolasojdaw.<\/p>\n\n\n\n<p>La propuesta narra un mundo donde nada permanece en su estado de origen natural. En palabras de Ojeda, \u201cuna forma de reconsiderar el mundo que existe e intentar poner en com\u00fan una problem\u00e1tica, una situaci\u00f3n actual, una advertencia, una forma de habitar el espacio\u201d.&nbsp;<\/p>\n\n\n\n<p>Las obras, casi en su totalidad, invitan a la interacci\u00f3n ya que, seg\u00fan el artista multimedia, es a partir de este hecho, \u201cque se formula el gesto art\u00edstico\u201d. La exposici\u00f3n es una apuesta a despertar en los presentes la percepci\u00f3n de las otras vidas que entran en juego en un entorno natural.&nbsp;<\/p>\n\n\n\n<p>Una de las propuestas m\u00e1s significativas de esta exhibici\u00f3n es \u201cResonancias del Mapic\u201d una instalaci\u00f3n para la escucha colectiva, que funciona con dos o m\u00e1s personas presentes, situadas alrededor de un tronco centenario, rodeada por auriculares suspendidos en el aire, en donde se oye de fondo un relato.<\/p>\n\n\n\n<p>Adem\u00e1s de las experiencias sonoras, una de las instalaciones m\u00e1s gr\u00e1ficas de este universo posnatural, es la serie de esculturas lum\u00ednicas \u201cEjercicio para recordar el futuro\u201d, que simulan ser una planta de luz, una combinaci\u00f3n entre lo org\u00e1nico y lo inorg\u00e1nico. En donde la luz, montada sobre la base de un tronco, es la materia tecnol\u00f3gica, que marca el vestigio de una vida que ya no existe.<\/p>\n\n\n\n<p>El artista<\/p>\n\n\n\n<p>Nicol\u00e1s Ojeda, se define como artista sonoro porque compone y configura el entorno a ra\u00edz del sonido y de su resonancia, en cada una de sus obras.<\/p>\n\n\n\n<p>Es tambi\u00e9n m\u00fasico y estudiante, en proceso de tesis, de la carrera Licenciatura en Artes Combinadas de la FADyCC. Actualmente dicta talleres vinculados al montaje sonoro, investiga y acompa\u00f1a procesos creativos. A su vez, se diplom\u00f3 como gu\u00eda de naturaleza en la reserva natural Los Chaguares, de Colonia Ben\u00edtez.&nbsp;<\/p>\n\n\n\n<p>Su obra ofrece una vinculaci\u00f3n permanente entre la tecnolog\u00eda, el sonido y la Naturaleza. A lo largo de este a\u00f1o ha expuesto en diversos lugares del pa\u00eds, como el Centro Cultural Recoleta, el Museo de la Corcova, ArteBA e Hijas del Arte, en Capital Federal. Y en Silencio Intermitente, de Mar del Plata.<\/p>\n\n\n\n<p>Tambi\u00e9n, durante el 2023, particip\u00f3 de la Feria Internacional de Arte Contempor\u00e1neo A 362, a cargo del escenario y con su Proyecto Musical y visual, Mordisco.&nbsp;<\/p>\n\n\n\n<p>Durante este a\u00f1o adem\u00e1s expuso en Resistencia, en el Museo de Bellas Artes \u201cRene Brusau\u201d, durante el evento Chaco Futura y en el Festival Cataliza.&nbsp;<\/p>\n\n\n\n<p>Ha tenido la oportunidad de llevar su arte a otras provincias como Corrientes, en el Espacio Mari\u00f1o y en El flotante. En la Universidad del Litoral de Santa Fe y en la Universidad Nacional de Asunci\u00f3n del pa\u00eds vecino, Paraguay.<\/p>\n","protected":false},"excerpt":{"rendered":"<p>El artista sonoro Nicol\u00e1s Ojeda presentar\u00e1 el viernes su primera muestra art\u00edstica individual: \u201cComo el eco de un mal sue\u00f1o durante el d\u00eda\u201d. La inauguraci\u00f3n ser\u00e1 a las 19 en&hellip; <\/p>\n","protected":false},"author":1,"featured_media":106851,"comment_status":"closed","ping_status":"open","sticky":false,"template":"","format":"standard","meta":{"footnotes":""},"categories":[15],"tags":[],"class_list":["post-106839","post","type-post","status-publish","format-standard","has-post-thumbnail","hentry","category-cultura"],"_links":{"self":[{"href":"https:\/\/corrientesdetarde.com\/index.php\/wp-json\/wp\/v2\/posts\/106839","targetHints":{"allow":["GET"]}}],"collection":[{"href":"https:\/\/corrientesdetarde.com\/index.php\/wp-json\/wp\/v2\/posts"}],"about":[{"href":"https:\/\/corrientesdetarde.com\/index.php\/wp-json\/wp\/v2\/types\/post"}],"author":[{"embeddable":true,"href":"https:\/\/corrientesdetarde.com\/index.php\/wp-json\/wp\/v2\/users\/1"}],"replies":[{"embeddable":true,"href":"https:\/\/corrientesdetarde.com\/index.php\/wp-json\/wp\/v2\/comments?post=106839"}],"version-history":[{"count":4,"href":"https:\/\/corrientesdetarde.com\/index.php\/wp-json\/wp\/v2\/posts\/106839\/revisions"}],"predecessor-version":[{"id":106856,"href":"https:\/\/corrientesdetarde.com\/index.php\/wp-json\/wp\/v2\/posts\/106839\/revisions\/106856"}],"wp:featuredmedia":[{"embeddable":true,"href":"https:\/\/corrientesdetarde.com\/index.php\/wp-json\/wp\/v2\/media\/106851"}],"wp:attachment":[{"href":"https:\/\/corrientesdetarde.com\/index.php\/wp-json\/wp\/v2\/media?parent=106839"}],"wp:term":[{"taxonomy":"category","embeddable":true,"href":"https:\/\/corrientesdetarde.com\/index.php\/wp-json\/wp\/v2\/categories?post=106839"},{"taxonomy":"post_tag","embeddable":true,"href":"https:\/\/corrientesdetarde.com\/index.php\/wp-json\/wp\/v2\/tags?post=106839"}],"curies":[{"name":"wp","href":"https:\/\/api.w.org\/{rel}","templated":true}]}}