{"id":106840,"date":"2023-12-01T15:49:37","date_gmt":"2023-12-01T18:49:37","guid":{"rendered":"https:\/\/corrientesdetarde.com\/?p=106840"},"modified":"2023-12-01T15:49:41","modified_gmt":"2023-12-01T18:49:41","slug":"el-nuevo-embajador-chileno-en-argentina-dijo-que-hara-todo-lo-posible-para-lograr-extraditar-al-ex-guerrillero-galvarino-apablaza","status":"publish","type":"post","link":"https:\/\/corrientesdetarde.com\/index.php\/informacion-general\/el-nuevo-embajador-chileno-en-argentina-dijo-que-hara-todo-lo-posible-para-lograr-extraditar-al-ex-guerrillero-galvarino-apablaza\/","title":{"rendered":"El nuevo embajador chileno en Argentina dijo que har\u00e1 \u201ctodo lo posible\u201d para lograr extraditar al ex guerrillero Galvarino Apablaza"},"content":{"rendered":"\n<h2 class=\"wp-block-heading\"><\/h2>\n\n\n\n<p>(<strong>Desde Santiago, Chile)<\/strong>&nbsp;El reci\u00e9n designado embajador chileno en Argentina,&nbsp;<strong>Jos\u00e9 Antonio Viera-Gallo<\/strong>, se refiri\u00f3 al proceso de extradici\u00f3n del ex guerrillero y miembro del Frente Patri\u00f3tico Manuel Rodr\u00edguez Galvarino Apablaza, procedimiento que lleva a\u00f1os estancado en Argentina y que es de suma importancia para gran parte de la&nbsp;<strong>derecha chilena.<\/strong><\/p>\n\n\n\n<p>Al respecto, Viera-Gallo coment\u00f3 que \u201ces una tarea que tiene el Gobierno de Chile porque tenemos que hacer cumplir la sentencia de la&nbsp;<strong>Corte Suprema\u201d<\/strong>, seg\u00fan consign\u00f3 radio B\u00edo B\u00edo.<\/p>\n\n\n\n<p>\u201c\u00c9l, como fue declarado&nbsp;<strong>refugiado pol\u00edtico,<\/strong>&nbsp;tiene tambi\u00e9n recursos judiciales para defenderse. Entonces, esto lleva bastante tiempo\u201d, agreg\u00f3 el embajador.<\/p>\n\n\n\n<p>La autoridad record\u00f3 que \u201cel gobierno de&nbsp;<strong>Macri<\/strong>&nbsp;le quit\u00f3 la calidad de refugiado\u201d y \u201c\u00e9l recurri\u00f3 a la justicia federal, el juez le dio la raz\u00f3n (\u2026) o sea mantuvo la caducidad de refugiado pol\u00edtico\u201d.<\/p>\n\n\n\n<p>\u201c\u00c9l tiene ahora la posibilidad de recurrir a la&nbsp;<strong>Corte de Apelaciones<\/strong>&nbsp;y despu\u00e9s a la&nbsp;<strong>Corte Suprema.&nbsp;<\/strong>Nosotros nos haremos parte en esas instancias y siempre hemos tenido un papel activo en la en la acci\u00f3n judicial\u201d, sostuvo.<\/p>\n\n\n\n<p>Lo anterior, coment\u00f3, \u201cporque estamos cumpliendo la sentencia de un poder separado del Gobierno y esto se ha mantenido por lo menos desde el Gobierno del&nbsp;<strong>Presidente Lagos\u201d.<\/strong><\/p>\n\n\n\n<p>Respecto a la extradici\u00f3n, el embajador indic\u00f3 que \u201cojal\u00e1 avance, haremos todo lo posible para que avance, pero hay una v\u00eda judicial. Entonces,&nbsp;<strong>el cambio de un gobierno o de otro gobierno no tiene mayor influencia\u201d<\/strong>, remat\u00f3.<\/p>\n\n\n\n<p class=\"has-text-align-center\"><img loading=\"lazy\" decoding=\"async\" height=\"246\" width=\"248\" srcset=\"https:\/\/www.infobae.com\/new-resizer\/R2-kKOG7emKK4QpXbJxPxqvsBJ4=\/420x420\/filters:format(webp):quality(85)\/cloudfront-us-east-1.images.arcpublishing.com\/infobae\/HK7276ZC7BFCDDW7MH4EB7WGVA.jpg 420w,https:\/\/www.infobae.com\/new-resizer\/cIu6ks1jP-16xJRTPITYjZnmTcg=\/768x768\/filters:format(webp):quality(85)\/cloudfront-us-east-1.images.arcpublishing.com\/infobae\/HK7276ZC7BFCDDW7MH4EB7WGVA.jpg 768w,https:\/\/www.infobae.com\/new-resizer\/sgyamFOZR91dTN8BE4tMtHpGKm0=\/992x992\/filters:format(webp):quality(85)\/cloudfront-us-east-1.images.arcpublishing.com\/infobae\/HK7276ZC7BFCDDW7MH4EB7WGVA.jpg 992w,https:\/\/www.infobae.com\/new-resizer\/Y0ulJLch_vvjzVO2zC0V_ypKPTU=\/1200x1200\/filters:format(webp):quality(85)\/cloudfront-us-east-1.images.arcpublishing.com\/infobae\/HK7276ZC7BFCDDW7MH4EB7WGVA.jpg 1200w,https:\/\/www.infobae.com\/new-resizer\/kBXX4DIZnptaNS7JxJ-8L2M-jY4=\/1440x1440\/filters:format(webp):quality(85)\/cloudfront-us-east-1.images.arcpublishing.com\/infobae\/HK7276ZC7BFCDDW7MH4EB7WGVA.jpg 1440w\" src=\"https:\/\/www.infobae.com\/new-resizer\/R2-kKOG7emKK4QpXbJxPxqvsBJ4=\/420x420\/filters:format(webp):quality(85)\/cloudfront-us-east-1.images.arcpublishing.com\/infobae\/HK7276ZC7BFCDDW7MH4EB7WGVA.jpg%20420w\" alt=\"Galvarino Apablaza Guerra es un ex guerrillero chileno y uno de los fundadores y l\u00edderes del Frente Patri\u00f3tico Manuel Rodr\u00edguez (FPMR)\"><\/p>\n\n\n\n<p>Galvarino Apablaza Guerra es un ex guerrillero chileno y uno de los fundadores y l\u00edderes del Frente Patri\u00f3tico Manuel Rodr\u00edguez (FPMR)<\/p>\n\n\n\n<h2 class=\"wp-block-heading\">\u00bfQui\u00e9n es Apablaza?<\/h2>\n\n\n\n<p>De 71 a\u00f1os, Galvarino Apablaza Guerra es un ex guerrillero chileno y uno de los fundadores y l\u00edderes del&nbsp;<strong>Frente Patri\u00f3tico Manuel Rodr\u00edguez<\/strong>&nbsp;(FPMR).<\/p>\n\n\n\n<p>En 1968 ingres\u00f3 al&nbsp;<strong>Partido Comunista&nbsp;<\/strong>y luego del golpe del Estado de 1973 estuvo detenido en distintos centros como Londres 38, el Estadio Chile y la C\u00e1rcel P\u00fablica de Santiago, entre otros. En septiembre de 1974 fue expulsado del pa\u00eds rumbo a Panam\u00e1.<\/p>\n\n\n\n<p>En 1986, Apablaza se integr\u00f3 a las filas del FPMR y al poco tiempo tom\u00f3 la jefatura de la facci\u00f3n m\u00e1s&nbsp;<strong>radical<\/strong>&nbsp;de la agrupaci\u00f3n.<\/p>\n\n\n\n<p>El&nbsp;<strong>\u201cComandante Salvador\u201d,<\/strong>&nbsp;como le dec\u00edan dentro del Partido Comunista, plane\u00f3 junto a sus compa\u00f1eros,&nbsp;<strong>Juan Guti\u00e9rrez Fischmann (Chele)<\/strong>&nbsp;y&nbsp;<strong>Mauricio Hern\u00e1ndez Norambuena (Comandante Ramiro)<\/strong>, el asesinato del senador&nbsp;<strong>Jaime Guzm\u00e1n<\/strong>&nbsp;y el secuestro de&nbsp;<strong>Cristi\u00e1n Edwards,<\/strong>&nbsp;uno de los due\u00f1os del diario El Mercurio.<\/p>\n\n\n\n<p>Tras ambos hechos, ocurridos en 1991, Apablaza huy\u00f3 a&nbsp;<strong>Cuba<\/strong>&nbsp;para luego trasladarse, en 1994, a&nbsp;<strong>Argentina.<\/strong><\/p>\n\n\n\n<h2 class=\"wp-block-heading\">La extradici\u00f3n<\/h2>\n\n\n\n<p><strong>En 2004&nbsp;<\/strong>la justicia chilena lo acus\u00f3 de ser autor intelectual del asesinato de Jaime Guzm\u00e1n y el secuestro de Cristi\u00e1n Edwards. Por lo anterior, la Interpol emiti\u00f3 una orden de captura y Chile la solicitud de extradici\u00f3n.<\/p>\n\n\n\n<p>Tras escalar hasta la Corte Suprema, la justicia argentina autoriz\u00f3 la extradici\u00f3n de Apablaza. Sin embargo, dej\u00f3 la \u00faltima palabra en manos del Poder Ejecutivo, en ese entones, ejercido por&nbsp;<strong>Cristina Fern\u00e1ndez.<\/strong><\/p>\n\n\n\n<p>Pero la ex mandataria resolvi\u00f3 entregarle a Apablaza la condici\u00f3n de&nbsp;<strong>refugiado pol\u00edtico<\/strong>, por lo que no pudo ser devuelto a Chile.<\/p>\n\n\n\n<p>En 2017,&nbsp;<strong>Mauricio Macri<\/strong>&nbsp;le revoc\u00f3 la calidad de refugiado. A pesar de esto, Apablaza no pudo ser extraditado pues apel\u00f3 ante la justicia por la decisi\u00f3n de Macri, cuesti\u00f3n que&nbsp;<strong>sigue a\u00fan hoy en juicio.<\/strong><\/p>\n\n\n\n<p>Tras la elecci\u00f3n de&nbsp;<strong>Javier Milei<\/strong>&nbsp;como nuevo presidente en Argentina, recientemente diputados de la UDI le enviaron una carta para que agilice el retorno del ex frentista a nuestro pa\u00eds.<\/p>\n","protected":false},"excerpt":{"rendered":"<p>(Desde Santiago, Chile)&nbsp;El reci\u00e9n designado embajador chileno en Argentina,&nbsp;Jos\u00e9 Antonio Viera-Gallo, se refiri\u00f3 al proceso de extradici\u00f3n del ex guerrillero y miembro del Frente Patri\u00f3tico Manuel Rodr\u00edguez Galvarino Apablaza, procedimiento&hellip; <\/p>\n","protected":false},"author":1,"featured_media":106849,"comment_status":"closed","ping_status":"open","sticky":false,"template":"","format":"standard","meta":{"footnotes":""},"categories":[1],"tags":[],"class_list":["post-106840","post","type-post","status-publish","format-standard","has-post-thumbnail","hentry","category-informacion-general"],"_links":{"self":[{"href":"https:\/\/corrientesdetarde.com\/index.php\/wp-json\/wp\/v2\/posts\/106840","targetHints":{"allow":["GET"]}}],"collection":[{"href":"https:\/\/corrientesdetarde.com\/index.php\/wp-json\/wp\/v2\/posts"}],"about":[{"href":"https:\/\/corrientesdetarde.com\/index.php\/wp-json\/wp\/v2\/types\/post"}],"author":[{"embeddable":true,"href":"https:\/\/corrientesdetarde.com\/index.php\/wp-json\/wp\/v2\/users\/1"}],"replies":[{"embeddable":true,"href":"https:\/\/corrientesdetarde.com\/index.php\/wp-json\/wp\/v2\/comments?post=106840"}],"version-history":[{"count":1,"href":"https:\/\/corrientesdetarde.com\/index.php\/wp-json\/wp\/v2\/posts\/106840\/revisions"}],"predecessor-version":[{"id":106850,"href":"https:\/\/corrientesdetarde.com\/index.php\/wp-json\/wp\/v2\/posts\/106840\/revisions\/106850"}],"wp:featuredmedia":[{"embeddable":true,"href":"https:\/\/corrientesdetarde.com\/index.php\/wp-json\/wp\/v2\/media\/106849"}],"wp:attachment":[{"href":"https:\/\/corrientesdetarde.com\/index.php\/wp-json\/wp\/v2\/media?parent=106840"}],"wp:term":[{"taxonomy":"category","embeddable":true,"href":"https:\/\/corrientesdetarde.com\/index.php\/wp-json\/wp\/v2\/categories?post=106840"},{"taxonomy":"post_tag","embeddable":true,"href":"https:\/\/corrientesdetarde.com\/index.php\/wp-json\/wp\/v2\/tags?post=106840"}],"curies":[{"name":"wp","href":"https:\/\/api.w.org\/{rel}","templated":true}]}}