{"id":106912,"date":"2023-12-01T19:19:17","date_gmt":"2023-12-01T22:19:17","guid":{"rendered":"https:\/\/corrientesdetarde.com\/?p=106912"},"modified":"2023-12-01T19:21:20","modified_gmt":"2023-12-01T22:21:20","slug":"la-sensacion-termica-supero-los-51-grados","status":"publish","type":"post","link":"https:\/\/corrientesdetarde.com\/index.php\/clima\/la-sensacion-termica-supero-los-51-grados\/","title":{"rendered":"la sensaci\u00f3n t\u00e9rmica super\u00f3 los 51 grados"},"content":{"rendered":"\n<p>Seg\u00fan datos oficiales del Instituto Correntino del Agua y del Ambiente (ICAA), la sensaci\u00f3n t\u00e9rmica en Corrientes super\u00f3 los 51,1 \u00baC a las 14:27 horas. Seg\u00fan el SMN Las altas temperaturas permanecer\u00e1n durante el fin de semana, aunque acompa\u00f1adas por una alerta naranja y amarilla por posibles tormentas. &nbsp;<\/p>\n\n\n\n<p>Tres localidades de Corrientes se ubicaron entre las 10 m\u00e1s c\u00e1lidas de acuerdo al SMN.<\/p>\n\n\n\n<p>En el s\u00e9ptimo lugar apareci\u00f3 Monte Caseros, con 42,7 de ST, ubic\u00e1ndose en el octavo lugar Mercedes con 41,4.<\/p>\n\n\n\n<p>Capital est\u00e1 en el 10mo lugar con 44,6 de ST, pero con 36 grados de temperatura.<\/p>\n\n\n\n<figure class=\"wp-block-image size-large\"><img loading=\"lazy\" decoding=\"async\" width=\"1024\" height=\"445\" src=\"https:\/\/corrientesdetarde.com\/wp-content\/uploads\/2023\/12\/image-19-1024x445.png\" alt=\"\" class=\"wp-image-106924\" srcset=\"https:\/\/corrientesdetarde.com\/wp-content\/uploads\/2023\/12\/image-19-1024x445.png 1024w, https:\/\/corrientesdetarde.com\/wp-content\/uploads\/2023\/12\/image-19-300x130.png 300w, https:\/\/corrientesdetarde.com\/wp-content\/uploads\/2023\/12\/image-19-768x334.png 768w, https:\/\/corrientesdetarde.com\/wp-content\/uploads\/2023\/12\/image-19.png 1149w\" sizes=\"auto, (max-width: 1024px) 100vw, 1024px\" \/><\/figure>\n","protected":false},"excerpt":{"rendered":"<p>Seg\u00fan datos oficiales del Instituto Correntino del Agua y del Ambiente (ICAA), la sensaci\u00f3n t\u00e9rmica en Corrientes super\u00f3 los 51,1 \u00baC a las 14:27 horas. Seg\u00fan el SMN Las altas&hellip; <\/p>\n","protected":false},"author":1,"featured_media":103410,"comment_status":"closed","ping_status":"open","sticky":false,"template":"","format":"standard","meta":{"footnotes":""},"categories":[29],"tags":[],"class_list":["post-106912","post","type-post","status-publish","format-standard","has-post-thumbnail","hentry","category-clima"],"_links":{"self":[{"href":"https:\/\/corrientesdetarde.com\/index.php\/wp-json\/wp\/v2\/posts\/106912","targetHints":{"allow":["GET"]}}],"collection":[{"href":"https:\/\/corrientesdetarde.com\/index.php\/wp-json\/wp\/v2\/posts"}],"about":[{"href":"https:\/\/corrientesdetarde.com\/index.php\/wp-json\/wp\/v2\/types\/post"}],"author":[{"embeddable":true,"href":"https:\/\/corrientesdetarde.com\/index.php\/wp-json\/wp\/v2\/users\/1"}],"replies":[{"embeddable":true,"href":"https:\/\/corrientesdetarde.com\/index.php\/wp-json\/wp\/v2\/comments?post=106912"}],"version-history":[{"count":2,"href":"https:\/\/corrientesdetarde.com\/index.php\/wp-json\/wp\/v2\/posts\/106912\/revisions"}],"predecessor-version":[{"id":106927,"href":"https:\/\/corrientesdetarde.com\/index.php\/wp-json\/wp\/v2\/posts\/106912\/revisions\/106927"}],"wp:featuredmedia":[{"embeddable":true,"href":"https:\/\/corrientesdetarde.com\/index.php\/wp-json\/wp\/v2\/media\/103410"}],"wp:attachment":[{"href":"https:\/\/corrientesdetarde.com\/index.php\/wp-json\/wp\/v2\/media?parent=106912"}],"wp:term":[{"taxonomy":"category","embeddable":true,"href":"https:\/\/corrientesdetarde.com\/index.php\/wp-json\/wp\/v2\/categories?post=106912"},{"taxonomy":"post_tag","embeddable":true,"href":"https:\/\/corrientesdetarde.com\/index.php\/wp-json\/wp\/v2\/tags?post=106912"}],"curies":[{"name":"wp","href":"https:\/\/api.w.org\/{rel}","templated":true}]}}