{"id":106959,"date":"2023-12-02T08:19:26","date_gmt":"2023-12-02T11:19:26","guid":{"rendered":"https:\/\/corrientesdetarde.com\/?p=106959"},"modified":"2023-12-02T08:19:27","modified_gmt":"2023-12-02T11:19:27","slug":"primer-dia-de-diciembre-con-calor-extremo-en-la-ciudad-de-corrientes","status":"publish","type":"post","link":"https:\/\/corrientesdetarde.com\/index.php\/clima\/primer-dia-de-diciembre-con-calor-extremo-en-la-ciudad-de-corrientes\/","title":{"rendered":"Primer d\u00eda de diciembre con calor extremo en la ciudad de Corrientes"},"content":{"rendered":"\n<p>De acuerdo a los registros de los organismos que miden la temperatura, la sensaci\u00f3n t\u00e9rmica fue de aproximadamente 45 grados en horas de la siesta. Algunos marcaron 51. Para hoy se anticipan tormentas fuertes y la m\u00e1xima alcanzar\u00e1 los 36 grados.<\/p>\n\n\n\n<p>La ciudad de Corrientes volvi\u00f3 a tener una jornada de extremo calor. El primer d\u00eda de diciembre se present\u00f3 con condiciones desfavorables para los que no soportan las altas temperatura. Seg\u00fan datos oficiales del Instituto Correntino del Agua y del Ambiente (ICAA), la sensaci\u00f3n t\u00e9rmica en Corrientes super\u00f3 los 51,1 grados a las 14:27.<\/p>\n\n\n\n<p>Por la tarde, el mismo organismo inform\u00f3 que la temperatura m\u00e1xima fue de 37.9 grados y la sensaci\u00f3n t\u00e9rmica (tambi\u00e9n m\u00e1xima de 45 grados).<\/p>\n\n\n\n<p>Por su parte, el Servicio Meteorol\u00f3gico Nacional (SMN) anticipa en su p\u00e1gina oficial que las altas temperaturas permanecer\u00e1n durante el fin de semana, aunque acompa\u00f1adas por una alerta naranja y amarilla por posibles tormentas.<\/p>\n\n\n\n<p>No obstante el dato aportado por el ICAA, para el SMN -seg\u00fan su \u00faltimo informe- no se alcanz\u00f3 dicha temperatura. Por ejemplo, a las 17 se lleg\u00f3 a la temperatura m\u00e1xima que anticip\u00f3 el Servicio Meteorol\u00f3gico Nacional. La t\u00e9rmica a esa hora marc\u00f3 45.4 grados.<\/p>\n\n\n\n<p>Tres localidades de Corrientes se ubicaron entre las 10 m\u00e1s c\u00e1lidas de acuerdo al SMN. En el s\u00e9ptimo lugar apareci\u00f3 Monte Caseros con 42,7 de sensaci\u00f3n t\u00e9rmica ubic\u00e1ndose en el octavo lugar Mercedes con 41,4.<\/p>\n\n\n\n<p>La ciudad de Corrientes se ubic\u00f3 en d\u00e9cimo lugar con 44,6 de t\u00e9rmica, pero con 36 grados de temperatura y la humedad fue de 54 por ciento.<\/p>\n\n\n\n<figure class=\"wp-block-image\"><img decoding=\"async\" src=\"https:\/\/www.diarioepoca.com\/content\/bucket\/0\/1334390w380h288c.jpg.webp\" alt=\"\"\/><figcaption>CON EL AGUA EN LA CABEZA. LA HIDRATACI\u00d3N ES CLAVE EN LOS D\u00cdAS DE CALOR.<\/figcaption><\/figure>\n\n\n\n<h2 class=\"wp-block-heading\">Lo que viene<\/h2>\n\n\n\n<p>De acuerdo a los datos suministrados por el SMN, para hoy se espera una temperatura m\u00ednima de 27 grados y una m\u00e1xima de 36. En la madrugada, altas probabilidades de precipitaciones con tormentas fuertes. Por la ma\u00f1ana se anticipa tormentas aisladas, por la tarde tambi\u00e9n y se cierra el s\u00e1bado con tormentas fuertes.<\/p>\n\n\n\n<p>Para ma\u00f1ana se anticipa una m\u00ednima de 24 grados y una temperatura m\u00e1xima 29. Se anticipa probabilidad de lluvias con tormentas aisladas, tanto en horas de la ma\u00f1ana como as\u00ed tambi\u00e9n por la tarde noche.<\/p>\n\n\n\n<p>El lunes la temperatura m\u00ednima que se anticipa es de 22 grados en la m\u00ednima y 26 grados de m\u00e1xima. El martes, por su parte, se anticipa una m\u00ednima de 20 grados y una m\u00e1xima de 26 grados.<\/p>\n\n\n\n<h2 class=\"wp-block-heading\">Efectos en la ciudad<\/h2>\n\n\n\n<p>La alta temperatura de ayer se sinti\u00f3 en la ciudad de Corrientes. Por estos d\u00edas se desarrollan las \u00faltimas actividades en las escuelas. Es m\u00e1s, muchos comenzaron los actos y misas para los egresados de los distintos niveles.<\/p>\n\n\n\n<p>En estos casos, las familias enteras acompa\u00f1an cada evento y ayer debieron soportar las temperaturas que superaron los 40 grados de sensaci\u00f3n t\u00e9rmica.<\/p>\n\n\n\n<h2 class=\"wp-block-heading\">La ciudad Capital, sin evacuados&nbsp;<\/h2>\n\n\n\n<figure class=\"wp-block-image\"><img decoding=\"async\" src=\"https:\/\/www.diarioepoca.com\/content\/bucket\/7\/1334427w380h260c.jpg.webp\" alt=\"\"\/><\/figure>\n\n\n\n<p>Luego de varios d\u00edas de descenso progresivo en el nivel de las aguas del r\u00edo Paran\u00e1 en la ciudad de Corrientes, ya no hay familias evacuadas. As\u00ed lo inform\u00f3 la Municipalidad local. Vale resaltar que tales grupos afectados estaban albergados temporalmente en instalaciones comunales en los barrios Anah\u00ed e Independencia.<\/p>\n\n\n\n<p>Desde el comienzo de la creciente que super\u00f3 la etapa de alerta, como as\u00ed tambi\u00e9n la de evacuaci\u00f3n -m\u00e1s de 7 metros- fueron 11 personas las que decidieron recurrir a los centros de evacuaci\u00f3n disponible por la Comuna capitalina.<\/p>\n\n\n\n<p>Si bien fueron m\u00e1s las familias que sufrieron las consecuencias de la suba del Paran\u00e1, muchos optaron por autoevacuarse. Uno de los motivos fue evitar que la delincuencia se apodere de sus pertenencias.<\/p>\n\n\n\n<p>De hecho, en los primeros d\u00edas se formularon varias denuncias por robos en casas que quedaron bajo agua.<\/p>\n\n\n\n<p>Los evacuados dejaron los centros esperando que el \u00faltimo mes del a\u00f1o sea m\u00e1s positivo.<\/p>\n\n\n\n<p>&#8220;El r\u00edo Paran\u00e1 se encuentra en bajante, hoy se registr\u00f3 una altura de 4.80 metros y se normaliz\u00f3 la situaci\u00f3n en las zonas costeras. Las familias que estaban evacuadas en el CIC del barrio Anah\u00ed y en el DTC del Independencia ya regresaron a sus lugares&#8221;, inform\u00f3 la Comuna local a trav\u00e9s de su cuenta de X (Twitter) @municorrientes.<\/p>\n\n\n\n<p>&#8220;Realizamos los correspondientes controles de salud a cada integrante y la desinfecci\u00f3n de sus viviendas en los barrios Santa Marta y Lomas. Continuaremos monitoreando de cerca los casos&#8221;, agreg\u00f3.<\/p>\n","protected":false},"excerpt":{"rendered":"<p>De acuerdo a los registros de los organismos que miden la temperatura, la sensaci\u00f3n t\u00e9rmica fue de aproximadamente 45 grados en horas de la siesta. Algunos marcaron 51. Para hoy&hellip; <\/p>\n","protected":false},"author":3,"featured_media":106960,"comment_status":"closed","ping_status":"open","sticky":false,"template":"","format":"standard","meta":{"footnotes":""},"categories":[29],"tags":[],"class_list":["post-106959","post","type-post","status-publish","format-standard","has-post-thumbnail","hentry","category-clima"],"_links":{"self":[{"href":"https:\/\/corrientesdetarde.com\/index.php\/wp-json\/wp\/v2\/posts\/106959","targetHints":{"allow":["GET"]}}],"collection":[{"href":"https:\/\/corrientesdetarde.com\/index.php\/wp-json\/wp\/v2\/posts"}],"about":[{"href":"https:\/\/corrientesdetarde.com\/index.php\/wp-json\/wp\/v2\/types\/post"}],"author":[{"embeddable":true,"href":"https:\/\/corrientesdetarde.com\/index.php\/wp-json\/wp\/v2\/users\/3"}],"replies":[{"embeddable":true,"href":"https:\/\/corrientesdetarde.com\/index.php\/wp-json\/wp\/v2\/comments?post=106959"}],"version-history":[{"count":1,"href":"https:\/\/corrientesdetarde.com\/index.php\/wp-json\/wp\/v2\/posts\/106959\/revisions"}],"predecessor-version":[{"id":106961,"href":"https:\/\/corrientesdetarde.com\/index.php\/wp-json\/wp\/v2\/posts\/106959\/revisions\/106961"}],"wp:featuredmedia":[{"embeddable":true,"href":"https:\/\/corrientesdetarde.com\/index.php\/wp-json\/wp\/v2\/media\/106960"}],"wp:attachment":[{"href":"https:\/\/corrientesdetarde.com\/index.php\/wp-json\/wp\/v2\/media?parent=106959"}],"wp:term":[{"taxonomy":"category","embeddable":true,"href":"https:\/\/corrientesdetarde.com\/index.php\/wp-json\/wp\/v2\/categories?post=106959"},{"taxonomy":"post_tag","embeddable":true,"href":"https:\/\/corrientesdetarde.com\/index.php\/wp-json\/wp\/v2\/tags?post=106959"}],"curies":[{"name":"wp","href":"https:\/\/api.w.org\/{rel}","templated":true}]}}