{"id":106962,"date":"2023-12-02T08:20:31","date_gmt":"2023-12-02T11:20:31","guid":{"rendered":"https:\/\/corrientesdetarde.com\/?p=106962"},"modified":"2023-12-02T10:46:26","modified_gmt":"2023-12-02T13:46:26","slug":"correntino-sera-ministro-de-hacienda-del-gobierno-de-jorge-macri-en-caba","status":"publish","type":"post","link":"https:\/\/corrientesdetarde.com\/index.php\/politica\/correntino-sera-ministro-de-hacienda-del-gobierno-de-jorge-macri-en-caba\/","title":{"rendered":"Correntino ser\u00e1 Ministro de Hacienda del gobierno de Jorge Macri en CABA"},"content":{"rendered":"\n<p>Gustavo Arengo Piragine, contador recibido en la UNNE, es nieto del exgobernador. El futuro Jefe de Gobierno porte\u00f1o anunci\u00f3 ayer su designaci\u00f3n: &#8220;El viene participando y liderando procesos importantes de cambio como el equilibrio de las cuentas p\u00fablicas&#8221;, valor\u00f3.<\/p>\n\n\n\n<p>Un correntino integrar\u00e1 el gabinete de Jorge Macri en su pr\u00f3xima administraci\u00f3n como Jefe de Gobierno porte\u00f1o y ocupar\u00e1 una cartera m\u00e1s que importante por el contexto actual y lo que puede venir en el pa\u00eds despu\u00e9s del 10 de diciembre. Se trata de Gustavo Arengo Piragine, quien estar\u00e1 a cargo del Ministerio de Hacienda y Finanzas de la Ciudad Aut\u00f3noma de Buenos Aires (CABA).<\/p>\n\n\n\n<p>Arengo Piragine es contador p\u00fablico recibido en la Universidad Nacional del Nordeste (UNNE) y tiene un masters en Administraci\u00f3n de Negocios (IAE) y en Pol\u00edticas P\u00fablicas (UTDT). Actualmente es el subsecretario de Hacienda del Gobierno de la Ciudad.<\/p>\n\n\n\n<p>Es tambi\u00e9n nieto del exgobernador de Corrientes, Fernando Pirarine Niveyro, quien se desempe\u00f1\u00f3 en el cargo desde el 1 de mayo de 1958 al 30 de abril de 1962, mandatario desarrollista identificado con las ideas de su amigo, el presidente Arturo Frondizi. Pirarine Niveyro fue tambi\u00e9n diputado nacional y falleci\u00f3 el 14 de agosto de 1964, a los 50 a\u00f1os.<\/p>\n\n\n\n<p>Su nieto se desempe\u00f1ar\u00e1 ahora en un cargo central en el principal distrito urbano del pa\u00eds, sobre todo por el actual contexto econ\u00f3mico y lo que puede venir despu\u00e9s del 10 de diciembre.<\/p>\n\n\n\n<p>El designado nuevo Ministro de Hacienda entr\u00f3 al mundo de la gesti\u00f3n p\u00fablica hace m\u00e1s de 10 a\u00f1os participando del programa &#8220;J\u00f3venes Profesionales&#8221;, implementado por el Gobierno de la Ciudad. Tambi\u00e9n ocup\u00f3 el cargo de Tesorero General de la Ciudad de Buenos Aires y hoy se desempe\u00f1a como subsecretario de Hacienda.<\/p>\n\n\n\n<p>El propio Jorge Macri lo describi\u00f3 en un posteo en sus redes sociales. &#8220;S\u00e9 del empuje y la pasi\u00f3n de Gustavo por hacer. Durante estos \u00faltimos a\u00f1os particip\u00f3 y lider\u00f3 procesos muy importantes de cambio como, por ejemplo, el equilibrio de las cuentas p\u00fablicas de la ciudad, alcanzado el d\u00e9ficit cero en los \u00faltimos dos a\u00f1os, as\u00ed como tambi\u00e9n una mejor y mayor eficiencia del gasto p\u00fablico, y la eliminaci\u00f3n y simplificaci\u00f3n de tr\u00e1mites&#8221;, afirm\u00f3 el primero del expresidente Mauricio Macri.<\/p>\n\n\n\n<p>Tambi\u00e9n en el anuncio sobre Arengo Piragine, Jorge Macri confirm\u00f3 a Pablo Bereciartua como nuevo ministro de Infraestructura de la Ciudad de Buenos Aires.<\/p>\n\n\n\n<p>Bereciartua es ingeniero civil, hidra\u00falico y en comunicaciones, recibido de la Universidad Nacional de La Plata. Actualmente es profesor titular en la UBA en Gesti\u00f3n ambiental de los Recursos H\u00eddricos, describi\u00f3 el electo Jefe de Gobierno porte\u00f1o en el posteo que hizo ayer en sus redes sociales sobre ambos casos.<\/p>\n","protected":false},"excerpt":{"rendered":"<p>Gustavo Arengo Piragine, contador recibido en la UNNE, es nieto del exgobernador. El futuro Jefe de Gobierno porte\u00f1o anunci\u00f3 ayer su designaci\u00f3n: &#8220;El viene participando y liderando procesos importantes de&hellip; <\/p>\n","protected":false},"author":3,"featured_media":106963,"comment_status":"closed","ping_status":"open","sticky":false,"template":"","format":"standard","meta":{"footnotes":""},"categories":[26,3],"tags":[],"class_list":["post-106962","post","type-post","status-publish","format-standard","has-post-thumbnail","hentry","category-destacados","category-politica"],"_links":{"self":[{"href":"https:\/\/corrientesdetarde.com\/index.php\/wp-json\/wp\/v2\/posts\/106962","targetHints":{"allow":["GET"]}}],"collection":[{"href":"https:\/\/corrientesdetarde.com\/index.php\/wp-json\/wp\/v2\/posts"}],"about":[{"href":"https:\/\/corrientesdetarde.com\/index.php\/wp-json\/wp\/v2\/types\/post"}],"author":[{"embeddable":true,"href":"https:\/\/corrientesdetarde.com\/index.php\/wp-json\/wp\/v2\/users\/3"}],"replies":[{"embeddable":true,"href":"https:\/\/corrientesdetarde.com\/index.php\/wp-json\/wp\/v2\/comments?post=106962"}],"version-history":[{"count":2,"href":"https:\/\/corrientesdetarde.com\/index.php\/wp-json\/wp\/v2\/posts\/106962\/revisions"}],"predecessor-version":[{"id":107029,"href":"https:\/\/corrientesdetarde.com\/index.php\/wp-json\/wp\/v2\/posts\/106962\/revisions\/107029"}],"wp:featuredmedia":[{"embeddable":true,"href":"https:\/\/corrientesdetarde.com\/index.php\/wp-json\/wp\/v2\/media\/106963"}],"wp:attachment":[{"href":"https:\/\/corrientesdetarde.com\/index.php\/wp-json\/wp\/v2\/media?parent=106962"}],"wp:term":[{"taxonomy":"category","embeddable":true,"href":"https:\/\/corrientesdetarde.com\/index.php\/wp-json\/wp\/v2\/categories?post=106962"},{"taxonomy":"post_tag","embeddable":true,"href":"https:\/\/corrientesdetarde.com\/index.php\/wp-json\/wp\/v2\/tags?post=106962"}],"curies":[{"name":"wp","href":"https:\/\/api.w.org\/{rel}","templated":true}]}}