{"id":107051,"date":"2023-12-02T14:09:29","date_gmt":"2023-12-02T17:09:29","guid":{"rendered":"https:\/\/corrientesdetarde.com\/?p=107051"},"modified":"2023-12-02T14:09:40","modified_gmt":"2023-12-02T17:09:40","slug":"con-coreografias-y-diplomas-mas-de-500-ninosy-ninas-se-despidieron-de-los-cdi-municipales","status":"publish","type":"post","link":"https:\/\/corrientesdetarde.com\/index.php\/sociales\/con-coreografias-y-diplomas-mas-de-500-ninosy-ninas-se-despidieron-de-los-cdi-municipales\/","title":{"rendered":"<strong>Con coreograf\u00edas y diplomas, m\u00e1s de 500&nbsp;ni\u00f1os<br>y ni\u00f1as se despidieron de los CDI municipales&nbsp;<\/strong>"},"content":{"rendered":"\n<p><em>Una jornada a pura alegr\u00eda y emoci\u00f3n se vivi\u00f3 en la tarde de este viernes en el anfiteatro Mario del Tr\u00e1nsito Cocomarola. Ni\u00f1as y ni\u00f1os que concurren a los Centros de Desarrollo Infantil (CDI) de la Municipalidad culminaron su ciclo lectivo en las salitas de 4 a\u00f1os. El viceintendente Emilio Lanari acompa\u00f1\u00f3 los festejos.&nbsp;<\/em><\/p>\n\n\n\n<p>Tras un a\u00f1o de aprendizajes, juegos y diversi\u00f3n, 520 ni\u00f1os y ni\u00f1as que concurren a las salas de 4 a\u00f1os en los Centros de Desarrollo Infantil (CDI) municipales tuvieron su acto de colaci\u00f3n. El viceintendente Emilio Lanari acompa\u00f1\u00f3 la celebraci\u00f3n desarrollada en el anfiteatro Mario del Tr\u00e1nsito Cocomarola, que incluy\u00f3 entrega de medallas y diplomas, adem\u00e1s de coreograf\u00edas realizadas por las docentes.\u00a0 \u00a0<\/p>\n\n\n\n<figure class=\"wp-block-embed is-type-video is-provider-youtube wp-block-embed-youtube wp-embed-aspect-16-9 wp-has-aspect-ratio\"><div class=\"wp-block-embed__wrapper\">\n<iframe loading=\"lazy\" title=\"Con coreograf\u00edas y entrega de diplomas, m\u00e1s de 500 ni\u00f1os y ni\u00f1as se despidieron de los CDI municipal\" width=\"1110\" height=\"624\" src=\"https:\/\/www.youtube.com\/embed\/jpiRqEfuM64?feature=oembed\" frameborder=\"0\" allow=\"accelerometer; autoplay; clipboard-write; encrypted-media; gyroscope; picture-in-picture; web-share\" allowfullscreen><\/iframe>\n<\/div><\/figure>\n\n\n\n<p><br><br>\u201cLa granja de los CDI\u201d fue la tem\u00e1tica elegida para concluir este ciclo lectivo, emulando a la popular serie infantil \u201cLa granja de Zen\u00f3n\u201d. As\u00ed, no faltaron en esta jornada festiva peque\u00f1os vestidos de patitos, pollitos, entre otros animalitos de campo, quienes junto a sus docentes desplegaron divertidas coreograf\u00edas ante las atentas y emocionadas miradas de sus padres y familiares que disfrutaban del espect\u00e1culo.\u00a0<br><br>\u201cEstos ni\u00f1os y ni\u00f1as hoy egresan de nuestros 16 CDI, para nosotros es una alegr\u00eda acompa\u00f1arlos y que durante todo este tiempo sus familias estuvieron contenidas en cada uno de nuestros Mita\u00ed\u201d, expres\u00f3 el viceintendente.\u00a0<br><br>A su vez, record\u00f3 todas las acciones que desde la gesti\u00f3n municipal se impulsa en estos espacios educativos. \u201cHemos trabajado intensamente desde el primer d\u00eda; no solamente hemos tenido reacomodamiento de directores, sino que refaccionamos los CDI, e incluso creamos uno nuevo porque creemos que la educaci\u00f3n temprana es muy importante para el desarrollo de los chicos y para formar a los ciudadanos del futuro\u201d.\u00a0<br><br>Por su parte, \u00a0Jos\u00e9 Sand, secretario de Cultura y Educaci\u00f3n de la Municipalidad de Corrientes, agradeci\u00f3 a los padres y tutores \u201cpor haber confiado a la instituci\u00f3n municipal, lo m\u00e1s preciado que tienen, que son sus ni\u00f1os, para que seamos ese pilar importante que necesitan a esa temprana edad para incorporar nuevos conocimientos, aprender a jugar, a trabajar con otros chicos\u201d; al tiempo que reconoci\u00f3 tambi\u00e9n \u201ca todo el personal de los CDI que ha trabajado enormemente, como cada a\u00f1o, para poder llegar a esta instancia\u201d.\u00a0<br><br>\u201cNos sentimos muy satisfechos de que a\u00f1o a a\u00f1o sean mucho m\u00e1s las familias que eligen los CDI. Es por eso que este a\u00f1o hemos inaugurado uno nuevo, el 16, lo que demuestra la pol\u00edtica educativa, la pol\u00edtica del acompa\u00f1amiento al vecino que lleva la gesti\u00f3n del intendente Eduardo Tassano\u201d.\u00a0<br><br>El subsecretario de Pol\u00edticas Educativas del municipio, N\u00e9stor Frette, remarc\u00f3 que \u201choy unos 520 ni\u00f1os se despiden de nuestros CDI y pasan al nivel de jard\u00edn obligatorio; adem\u00e1s nos acompa\u00f1an 400 ni\u00f1os de sala de 3 a\u00f1os que con un baile van a demostrar a los padres lo que vienen desarrollando en estos espacios educativos\u201d.\u00a0<br><br><strong>ARTICULACI\u00d3N CON LAS FAMILIAS\u00a0<\/strong><br><br>Vanesa Romaniv, directora general de la Ni\u00f1ez, remarc\u00f3 que esta celebraci\u00f3n es la s\u00edntesis \u201cde un a\u00f1o de mucho trabajo, muchas satisfacciones a nivel profesional y personal para cada uno de los que estamos en los CDI y para las familias. Un trabajo articulado, que sin el apoyo de ellas ser\u00eda imposible\u201d.\u00a0<br><br>\u201cSer parte de un CDI es una gran satisfacci\u00f3n y tambi\u00e9n una gran responsabilidad para cada uno de los que formamos parte de la familia de estos centros educativos. Tenemos en nuestras manos la vida de ni\u00f1os y su futuro\u201d, enfatiz\u00f3 la funcionaria.<br><br>Y finalmente, adelant\u00f3: \u201cYa estamos prepar\u00e1ndonos para el a\u00f1o que viene. Empezamos con las inscripciones durante el mes de noviembre y prepar\u00e1ndonos con lo que son las planificaciones para saber c\u00f3mo vamos a recibirlos en febrero\u201d.\u00a0<\/p>\n\n\n\n<figure class=\"wp-block-image size-large\"><img loading=\"lazy\" decoding=\"async\" width=\"1024\" height=\"682\" src=\"https:\/\/corrientesdetarde.com\/wp-content\/uploads\/2023\/12\/image-20-1024x682.png\" alt=\"\" class=\"wp-image-107052\" srcset=\"https:\/\/corrientesdetarde.com\/wp-content\/uploads\/2023\/12\/image-20-1024x682.png 1024w, https:\/\/corrientesdetarde.com\/wp-content\/uploads\/2023\/12\/image-20-300x200.png 300w, https:\/\/corrientesdetarde.com\/wp-content\/uploads\/2023\/12\/image-20-768x512.png 768w, https:\/\/corrientesdetarde.com\/wp-content\/uploads\/2023\/12\/image-20.png 1280w\" sizes=\"auto, (max-width: 1024px) 100vw, 1024px\" \/><\/figure>\n\n\n\n<figure class=\"wp-block-image size-large\"><img loading=\"lazy\" decoding=\"async\" width=\"1024\" height=\"682\" src=\"https:\/\/corrientesdetarde.com\/wp-content\/uploads\/2023\/12\/image-21-1024x682.png\" alt=\"\" class=\"wp-image-107053\" srcset=\"https:\/\/corrientesdetarde.com\/wp-content\/uploads\/2023\/12\/image-21-1024x682.png 1024w, https:\/\/corrientesdetarde.com\/wp-content\/uploads\/2023\/12\/image-21-300x200.png 300w, https:\/\/corrientesdetarde.com\/wp-content\/uploads\/2023\/12\/image-21-768x512.png 768w, https:\/\/corrientesdetarde.com\/wp-content\/uploads\/2023\/12\/image-21.png 1280w\" sizes=\"auto, (max-width: 1024px) 100vw, 1024px\" \/><\/figure>\n\n\n\n<figure class=\"wp-block-image size-large\"><img loading=\"lazy\" decoding=\"async\" width=\"1024\" height=\"682\" src=\"https:\/\/corrientesdetarde.com\/wp-content\/uploads\/2023\/12\/image-22-1024x682.png\" alt=\"\" class=\"wp-image-107054\" srcset=\"https:\/\/corrientesdetarde.com\/wp-content\/uploads\/2023\/12\/image-22-1024x682.png 1024w, https:\/\/corrientesdetarde.com\/wp-content\/uploads\/2023\/12\/image-22-300x200.png 300w, https:\/\/corrientesdetarde.com\/wp-content\/uploads\/2023\/12\/image-22-768x512.png 768w, https:\/\/corrientesdetarde.com\/wp-content\/uploads\/2023\/12\/image-22.png 1280w\" sizes=\"auto, (max-width: 1024px) 100vw, 1024px\" \/><\/figure>\n\n\n\n<figure class=\"wp-block-image size-large\"><img loading=\"lazy\" decoding=\"async\" width=\"1024\" height=\"682\" src=\"https:\/\/corrientesdetarde.com\/wp-content\/uploads\/2023\/12\/image-23-1024x682.png\" alt=\"\" class=\"wp-image-107055\" srcset=\"https:\/\/corrientesdetarde.com\/wp-content\/uploads\/2023\/12\/image-23-1024x682.png 1024w, https:\/\/corrientesdetarde.com\/wp-content\/uploads\/2023\/12\/image-23-300x200.png 300w, https:\/\/corrientesdetarde.com\/wp-content\/uploads\/2023\/12\/image-23-768x512.png 768w, https:\/\/corrientesdetarde.com\/wp-content\/uploads\/2023\/12\/image-23.png 1280w\" sizes=\"auto, (max-width: 1024px) 100vw, 1024px\" \/><\/figure>\n","protected":false},"excerpt":{"rendered":"<p>Una jornada a pura alegr\u00eda y emoci\u00f3n se vivi\u00f3 en la tarde de este viernes en el anfiteatro Mario del Tr\u00e1nsito Cocomarola. Ni\u00f1as y ni\u00f1os que concurren a los Centros&hellip; <\/p>\n","protected":false},"author":1,"featured_media":107056,"comment_status":"closed","ping_status":"open","sticky":false,"template":"","format":"standard","meta":{"footnotes":""},"categories":[22,17],"tags":[],"class_list":["post-107051","post","type-post","status-publish","format-standard","has-post-thumbnail","hentry","category-eventos","category-sociales"],"_links":{"self":[{"href":"https:\/\/corrientesdetarde.com\/index.php\/wp-json\/wp\/v2\/posts\/107051","targetHints":{"allow":["GET"]}}],"collection":[{"href":"https:\/\/corrientesdetarde.com\/index.php\/wp-json\/wp\/v2\/posts"}],"about":[{"href":"https:\/\/corrientesdetarde.com\/index.php\/wp-json\/wp\/v2\/types\/post"}],"author":[{"embeddable":true,"href":"https:\/\/corrientesdetarde.com\/index.php\/wp-json\/wp\/v2\/users\/1"}],"replies":[{"embeddable":true,"href":"https:\/\/corrientesdetarde.com\/index.php\/wp-json\/wp\/v2\/comments?post=107051"}],"version-history":[{"count":1,"href":"https:\/\/corrientesdetarde.com\/index.php\/wp-json\/wp\/v2\/posts\/107051\/revisions"}],"predecessor-version":[{"id":107057,"href":"https:\/\/corrientesdetarde.com\/index.php\/wp-json\/wp\/v2\/posts\/107051\/revisions\/107057"}],"wp:featuredmedia":[{"embeddable":true,"href":"https:\/\/corrientesdetarde.com\/index.php\/wp-json\/wp\/v2\/media\/107056"}],"wp:attachment":[{"href":"https:\/\/corrientesdetarde.com\/index.php\/wp-json\/wp\/v2\/media?parent=107051"}],"wp:term":[{"taxonomy":"category","embeddable":true,"href":"https:\/\/corrientesdetarde.com\/index.php\/wp-json\/wp\/v2\/categories?post=107051"},{"taxonomy":"post_tag","embeddable":true,"href":"https:\/\/corrientesdetarde.com\/index.php\/wp-json\/wp\/v2\/tags?post=107051"}],"curies":[{"name":"wp","href":"https:\/\/api.w.org\/{rel}","templated":true}]}}