{"id":107235,"date":"2023-12-03T11:55:53","date_gmt":"2023-12-03T14:55:53","guid":{"rendered":"https:\/\/corrientesdetarde.com\/?p=107235"},"modified":"2023-12-03T11:56:05","modified_gmt":"2023-12-03T14:56:05","slug":"plus-unificado-valdes-confirma-pago-entre-el-5-y-el-7-y-provincia-vuelca-2-300-millones-al-mercado-local","status":"publish","type":"post","link":"https:\/\/corrientesdetarde.com\/index.php\/locales\/plus-unificado-valdes-confirma-pago-entre-el-5-y-el-7-y-provincia-vuelca-2-300-millones-al-mercado-local\/","title":{"rendered":"Plus Unificado: Vald\u00e9s confirma pago entre el 5 y el 7"},"content":{"rendered":"\n<p><strong><em>A trav\u00e9s de sus redes sociales @gustavovaldesok, el gobernador Gustavo Vald\u00e9s dio a conocer el cronograma de liquidaci\u00f3n del Adicional Remunerativo Mensual (Plus Unificado) de diciembre de $27.650 por agente, activos, jubilados y pensionados.<\/em><\/strong><\/p>\n\n\n\n<p>El Mandatario correntino adelant\u00f3 que el pago comienza este martes 5, d\u00eda que percibir\u00e1n los agentes (activos, jubilados y pensionados) con documento nacional de identidad terminados en 0, 1, 2 y 3.<\/p>\n\n\n\n<p>El Gobierno de Corrientes vuelca m\u00e1s de $2.290 millones para liquidar este beneficio ($27.650) que forma parte del ingreso salarial mensual de los agentes de la administraci\u00f3n p\u00fablica provincial.<\/p>\n\n\n\n<p>El cronograma contin\u00faa el mi\u00e9rcoles 6, jornada de pago a los agentes con DNI finalizados en n\u00fameros 4, 5, 6 y 7.<\/p>\n\n\n\n<p>El pago termina el jueves 7, donde percibir\u00e1n los agentes con documentos finalizados en 8 y 9.<\/p>\n\n\n\n<figure class=\"wp-block-image size-full\"><img loading=\"lazy\" decoding=\"async\" width=\"1013\" height=\"804\" src=\"https:\/\/corrientesdetarde.com\/wp-content\/uploads\/2023\/12\/Captura-de-pantalla-2023-12-03-115416.png\" alt=\"\" class=\"wp-image-107236\" srcset=\"https:\/\/corrientesdetarde.com\/wp-content\/uploads\/2023\/12\/Captura-de-pantalla-2023-12-03-115416.png 1013w, https:\/\/corrientesdetarde.com\/wp-content\/uploads\/2023\/12\/Captura-de-pantalla-2023-12-03-115416-300x238.png 300w, https:\/\/corrientesdetarde.com\/wp-content\/uploads\/2023\/12\/Captura-de-pantalla-2023-12-03-115416-768x610.png 768w\" sizes=\"auto, (max-width: 1013px) 100vw, 1013px\" \/><\/figure>\n","protected":false},"excerpt":{"rendered":"<p>A trav\u00e9s de sus redes sociales @gustavovaldesok, el gobernador Gustavo Vald\u00e9s dio a conocer el cronograma de liquidaci\u00f3n del Adicional Remunerativo Mensual (Plus Unificado) de diciembre de $27.650 por agente,&hellip; <\/p>\n","protected":false},"author":4,"featured_media":107237,"comment_status":"closed","ping_status":"open","sticky":false,"template":"","format":"standard","meta":{"footnotes":""},"categories":[8],"tags":[],"class_list":["post-107235","post","type-post","status-publish","format-standard","has-post-thumbnail","hentry","category-locales"],"_links":{"self":[{"href":"https:\/\/corrientesdetarde.com\/index.php\/wp-json\/wp\/v2\/posts\/107235","targetHints":{"allow":["GET"]}}],"collection":[{"href":"https:\/\/corrientesdetarde.com\/index.php\/wp-json\/wp\/v2\/posts"}],"about":[{"href":"https:\/\/corrientesdetarde.com\/index.php\/wp-json\/wp\/v2\/types\/post"}],"author":[{"embeddable":true,"href":"https:\/\/corrientesdetarde.com\/index.php\/wp-json\/wp\/v2\/users\/4"}],"replies":[{"embeddable":true,"href":"https:\/\/corrientesdetarde.com\/index.php\/wp-json\/wp\/v2\/comments?post=107235"}],"version-history":[{"count":2,"href":"https:\/\/corrientesdetarde.com\/index.php\/wp-json\/wp\/v2\/posts\/107235\/revisions"}],"predecessor-version":[{"id":107239,"href":"https:\/\/corrientesdetarde.com\/index.php\/wp-json\/wp\/v2\/posts\/107235\/revisions\/107239"}],"wp:featuredmedia":[{"embeddable":true,"href":"https:\/\/corrientesdetarde.com\/index.php\/wp-json\/wp\/v2\/media\/107237"}],"wp:attachment":[{"href":"https:\/\/corrientesdetarde.com\/index.php\/wp-json\/wp\/v2\/media?parent=107235"}],"wp:term":[{"taxonomy":"category","embeddable":true,"href":"https:\/\/corrientesdetarde.com\/index.php\/wp-json\/wp\/v2\/categories?post=107235"},{"taxonomy":"post_tag","embeddable":true,"href":"https:\/\/corrientesdetarde.com\/index.php\/wp-json\/wp\/v2\/tags?post=107235"}],"curies":[{"name":"wp","href":"https:\/\/api.w.org\/{rel}","templated":true}]}}