{"id":10729,"date":"2022-10-13T06:45:15","date_gmt":"2022-10-13T09:45:15","guid":{"rendered":"https:\/\/corrientesdetarde.com\/?p=10729"},"modified":"2022-10-13T06:45:18","modified_gmt":"2022-10-13T09:45:18","slug":"cristina-vs-macri-o-massa-vs-larreta-fotos-de-dos-argentinas-diferentes","status":"publish","type":"post","link":"https:\/\/corrientesdetarde.com\/index.php\/nacionales\/cristina-vs-macri-o-massa-vs-larreta-fotos-de-dos-argentinas-diferentes\/","title":{"rendered":"<strong>Cristina vs Macri o Massa vs Larreta, fotos de dos Argentinas diferentes<\/strong>"},"content":{"rendered":"\n<p>La disputa entre los ex presidentes podr\u00eda darse en un pa\u00eds dominado por el enojo. El ministro de Econom\u00eda y el Jefe porte\u00f1o ser\u00edan apuestas de una sociedad preocupada, pero no rupturista<\/p>\n\n\n\n<p>\u201cLa clave para saber&nbsp;<strong>qui\u00e9n ser\u00e1 el pr\u00f3ximo presidente o presidenta de la Argentina<\/strong>&nbsp;pasa, fundamentalmente, por saber con qu\u00e9 estado de \u00e1nimo van a votar los argentinos. Una sociedad enojada va a votar candidatos m\u00e1s extremos y una sociedad preocupada va a votar candidatos m\u00e1s moderados\u201d.<\/p>\n\n\n\n<p>El razonamiento pertenece a<strong>&nbsp;Franco Moccia<\/strong>, un economista de 60 a\u00f1os que se recibi\u00f3 en Harvard, que hizo toda una carrera en el Citibank, donde lleg\u00f3 a presidir las sucursales de Ecuador, Per\u00fa y de Colombia. Y que en 2011 volvi\u00f3 a la Argentina porque quer\u00eda aportarle su experiencia al Estado. Fue secretario de Planeamiento en la Ciudad con&nbsp;<strong>Mauricio Macri<\/strong>, y despu\u00e9s fue ministro de Desarrollo Urbano y Transporte con&nbsp;<strong>Horacio Rodr\u00edguez Larreta<\/strong>. Es amigo de los dos y, hasta que se defina quien de ellos competir\u00e1 por la presidencia, deber\u00e1 hacer equilibrio sobre una cuerda siempre a punto de romperse.<\/p>\n\n\n\n<p>Moccia es hoy el coordinador de las tres fundaciones de Juntos por el Cambio. La Fundaci\u00f3n Pensar, del PRO; la Fundaci\u00f3n Alem, de la UCR; y la Fundaci\u00f3n Hannah Arendt, de la Coalici\u00f3n C\u00edvica. Por sus oficinas pasan cientos de funcionarios que estuvieron en la experiencia fallida 2015-2019, y muchos dirigentes y t\u00e9cnicos que ser\u00e1n funcionarios nuevamente si la coalici\u00f3n opositora regresa al poder. \u201c<strong>Son equipos para sumarle a quien sea el pr\u00f3ximo presidente<\/strong>\u201d, es la \u00fanica pista que da Moccia cuando le preguntan. Jam\u00e1s da nombres. Las internas partidarias y la batalla de egos entre los candidatos est\u00e1n fuera de su \u00f3rbita.<\/p>\n\n\n\n<p>Lo interesante de Moccia es su concepto sobre las diferencias entre&nbsp;<strong>el voto de una sociedad enojada y el de una sociedad preocupada<\/strong>. Porque esa caracterizaci\u00f3n podr\u00eda arrojar luz sobre quienes deber\u00edan ser los dirigentes en los que los argentinos depositar\u00e1n su confianza el a\u00f1o pr\u00f3ximo, cuando se celebren las elecciones presidenciales.<\/p>\n\n\n\n<p>Un primer an\u00e1lisis parecer\u00eda concluir en que una inflaci\u00f3n anual que va a superar el 100%, un nivel de salarios que est\u00e1 muy por debajo del costo de vida y una l\u00ednea de pobreza que ya quebr\u00f3 la barrera del 40% es motivo suficiente para que la sociedad argentina est\u00e9 enojada. Y decir enojada es casi una sutileza. Deber\u00eda estar al borde del colapso nervioso.<\/p>\n\n\n\n<p>Las sociedades enojadas, como se est\u00e1 observando en el mundo, generan fen\u00f3menos pol\u00edticos sorpresivos.<strong>&nbsp;Jair Bolsonaro en Brasil lleg\u00f3 a la presidencia por una sociedad enojada<\/strong>, y lo mismo acaba de pasar en Italia con la romana&nbsp;<strong>Giorgia Meloni<\/strong>. Los dos son exponentes del populismo de extrema derecha, donde algunas recetas del liberalismo econ\u00f3mico se mezclan con posturas conservadoras en pol\u00edticas migratorias o sexuales.<\/p>\n\n\n\n<p>Claro que el enojo de las sociedades no apunta siempre hacia los brazos de la ultra derecha. En Chile y en Colombia acaban de elegir a presidentes de izquierda. J\u00f3venes e indigenistas, como es el caso del chileno&nbsp;<strong>Gabriel Boric<\/strong>, o sexagenarios y ex guerrilleros, como es el ejemplo del colombiano&nbsp;<strong>Gustavo Petro<\/strong>. En todos estos casos, los partidos pol\u00edticos tradicionales fueron las v\u00edctimas propiciatorias de los ciudadanos con s\u00edntomas de hast\u00edo.<\/p>\n\n\n\n<p>La enojada sociedad argentina, en cambio, no parece estar incubando ese huevo de la serpiente. El \u00fanico dirigente que se acerca a esos estereotipos populistas es<strong>&nbsp;Javier Milei<\/strong>, economista como Petro pero que se siente mucho m\u00e1s c\u00f3modo difundiendo las teor\u00edas anarco capitalistas que crecieron en Europa en los dos siglos anteriores. Con ese bagaje acad\u00e9mico, m\u00e1s un combate feroz contra los pol\u00edticos profesionales y tambi\u00e9n contra el aborto, ha conseguido hacer una interesante elecci\u00f3n en las legislativas del a\u00f1o pasado, y posicionarse para consolidarse como tercera fuerza el a\u00f1o pr\u00f3ximo. En esa tarea se encuentra.<\/p>\n\n\n\n<p>La mayor\u00eda de los encuestadores ubican al fen\u00f3meno Milei por debajo pero&nbsp;<strong>muy cerca del 20% de los votos a nivel nacional<\/strong>. Un porcentaje que puede perjudicar seriamente a&nbsp;<strong>Juntos por el Cambio<\/strong>&nbsp;y que tambi\u00e9n amenaza al declinante&nbsp;<strong>Frente de Todos<\/strong>, incluso con sacarlo de la posibilidad de ir al ballotage. Sobre todo si el gobierno de&nbsp;<strong>Alberto Fern\u00e1ndez&nbsp;<\/strong>y&nbsp;<strong>Cristina Kirchner<\/strong>&nbsp;no consigue detener el derrumbe de una administraci\u00f3n espantosa.<\/p>\n\n\n\n<p>Por eso, es curioso como algunos de los pol\u00edticos tradicionales intentan alinearse en la oferta electoral que podr\u00eda estar buscando una sociedad enojada como la argentina. El caso m\u00e1s asombroso es el de Cristina, quien busca ocultar su pertenencia a la gesti\u00f3n tambaleante de Fern\u00e1ndez culpando al Fondo Monetario Internacional, a los errores del Gobierno anterior y a las grandes empresas argentinas de las cifras catastr\u00f3ficas que va consiguiendo su gobierno en todos los aspectos de la econom\u00eda.<\/p>\n\n\n\n<p>En la misma l\u00ednea y con el mismo m\u00e9todo,&nbsp;<strong>Cristina le adjudica a la oposici\u00f3n, a la Justicia y a la prensa la responsabilidad por su situaci\u00f3n judicial tan comprometida<\/strong>. El fiscal&nbsp;<strong>Diego Luciani<\/strong>&nbsp;le ha pedido 12 a\u00f1os de prisi\u00f3n por supuesto fraude al Estado en la causa Vialidad, y por integrar una supuesta asociaci\u00f3n il\u00edcita con sus ex colaboradores&nbsp;<strong>Julio De Vido<\/strong>, con el lanzador de bolsos con d\u00f3lares&nbsp;<strong>Jos\u00e9 L\u00f3pez<\/strong>, y con el constructor de rutas sin terminar&nbsp;<strong>L\u00e1zaro B\u00e1ez<\/strong>. A pesar de todo, Cristina tiene su plan electoral.<\/p>\n\n\n\n<p>La Vicepresidenta espera una victoria de Lula en Brasil el 30 de octubre para intentar alinearse en una&nbsp;<strong>ola regional de izquierda<\/strong>, detr\u00e1s de Boric, de Petro y del brasile\u00f1o. Cristina cree que puede volver al poder captando los votos de electores argentinos enojados con el FMI, con las empresas formadoras de precios y con las fuerzas del mal que se conjuraron para condenarla judicialmente. Hasta ahora, la mayor\u00eda de las encuestas la asocian al gobierno actual, le adjudican una imagen negativa superior al 70% y contradicen la hip\u00f3tesis de la ola regional.<\/p>\n\n\n\n<p>Sin embargo, esta semana hubo una encuestas de la consultora Tendencias (citada por el periodista Eduardo Paladini en el diario Clar\u00edn), que midi\u00f3 a Cristina y la ubica en uno de sus escenarios como ganadora de una elecci\u00f3n presidencial si su rival fuera Mauricio Macri. A ese sondeo, y a algunas mediciones propias, se aferran los kirchneristas para pronosticar que la Vicepresidenta podr\u00eda volver al poder en el caso de que su rival fuera el ex presidente. E insisten con la idea de los votantes enojados.<\/p>\n\n\n\n<p>En el complicado universo de la oposici\u00f3n, son varios los dirigentes que ven a Macri como el referente obligado de los votos enojados si Cristina llegara a ser la candidata presidencial del peronismo. El que m\u00e1s pol\u00e9mica ha generado es&nbsp;<strong>Miguel \u00c1ngel Pichetto<\/strong>, quien instal\u00f3 en la discusi\u00f3n la idea de que la elecci\u00f3n de 2023 debe ser una final\u00edsima entre los titulares.<\/p>\n\n\n\n<p>Con estilo futbolero, define a Cristina y a Macri como \u201ctitulares\u201d, y al resto de los candidatos (Rodr\u00edguez Larreta, Patricia Bullrich, Facundo Manes y Gerardo Morales) como \u201csuplentes\u201d. Para el experimentado Pichetto, la renovaci\u00f3n dirigencial puede esperar.<\/p>\n\n\n\n<p>Las apuestas de Cristina, Macri e incluso la de Patricia Bullrich, que tambi\u00e9n se dirige a potenciales votantes enojados (esta semana propuso entrar a las propiedades usurpadas de la Patagonia y combatir a los narcos de Rosario con tropas del Ej\u00e9rcito), conforman el escenario de una Argentina crispada.<\/p>\n\n\n\n<p>Si el a\u00f1o pr\u00f3ximo prevalece la furia en la sociedad argentina, cualquiera de ellos tendr\u00e1 ventaja sobre el resto de los adversarios internos. Tambi\u00e9n hay que anotar al libertario Milei en esta ecuaci\u00f3n. Barrer a la casta pol\u00edtica y quemar el Banco Central son propuestas que pueden maridar perfecto con un pa\u00eds de votantes enfurecidos y sedientos de soluciones rupturistas.<\/p>\n\n\n\n<p><strong>El incre\u00edble ejemplo de Grossi negociando consensos<\/strong><\/p>\n\n\n\n<p>El otro escenario, el de una sociedad preocupada por el presente y por el futuro sin llegar a demandar propuestas de ruptura, puede favorecer los planes de los candidatos m\u00e1s moderados. En la oposici\u00f3n, Rodr\u00edguez Larreta es el prototipo de esos dirigentes m\u00e1s atentos a la posibilidad del di\u00e1logo y a los acuerdos con otros sectores pol\u00edticos en busca de mayor gobernabilidad.<\/p>\n\n\n\n<p>Como Rodr\u00edguez Larreta, quienes est\u00e1n o estuvieron en la gesti\u00f3n pueden conectarse m\u00e1s naturalmente con votantes preocupados. Los radicales&nbsp;<strong>Gerardo Morales<\/strong>&nbsp;o&nbsp;<strong>Alfredo Cornejo<\/strong>, y la ex gobernadora&nbsp;<strong>Mar\u00eda Eugenia Vidal<\/strong>&nbsp;encajan con ese perfil. Y est\u00e1 el caso particular de Facundo Manes, que como Milei, apuesta a captar a votantes enojados o a los desencantados con la pol\u00edtica actual, pero que marca m\u00e1s las diferencias que tiene con Macri que las que lo separan de algunos peronistas.<\/p>\n\n\n\n<p>En la vereda del oficialismo, el \u00fanico dirigente que podr\u00eda proponerse competir por los votantes preocupados es&nbsp;<strong>Sergio Massa<\/strong>. El ministro de Econom\u00eda lleva adelante un ajuste parcial de las variables econ\u00f3micas para recomponer las reservas monetarias e intentar reducir en algo la inflaci\u00f3n que ya est\u00e1 en el umbral de los tres d\u00edgitos. Tambi\u00e9n es partidario de los acuerdos pol\u00edticos y la apuesta a la gobernabilidad, pero los tres a\u00f1os dentro del Frente de Todos deterioraron su imagen a un ritmo cercano al de Cristina y Alberto. Deber\u00e1 mostrar algunos logros que todav\u00eda parecen muy lejanos si es que quiere revertir los n\u00fameros negativos que hoy le muestran las encuestas.<\/p>\n\n\n\n<p>Una disputa entre Massa contra Rodr\u00edguez Larreta, o contra Bullrich o Morales, tambi\u00e9n mostrar\u00eda un escenario diferente de la Argentina, con dirigentes que apuestan a reemplazar los liderazgos que Cristina y Macri representaron hasta ahora en las dos coaliciones que se mantienen gobernando desde 2007.<\/p>\n\n\n\n<p>Lo cierto es que&nbsp;<strong>la mayor dificultad que muestra la Argentina para dirimir las candidaturas del a\u00f1o pr\u00f3ximo es que nadie quiere ceder espacios de poder<\/strong>. Y un buen ejemplo de esa debilidad criolla la da el Coloquio Empresario de IDEA, que se celebra esta semana. La convocatoria incluye la consigna \u201cCeder para crecer\u201d, en una apuesta al di\u00e1logo y al consenso como herramientas para recuperar la senda perdida del crecimiento.<\/p>\n\n\n\n<p>Quienes no cedieron, en primera instancia, fueron el gobernador Axel Kicillof y el ministro Wado de Pedro, que confirmaron ya que no asistir\u00e1n. Y lo m\u00e1s probable es que el presidente Alberto Fern\u00e1ndez siga por el mismo camino. Ya casi no hay expectativas de que acepte la invitaci\u00f3n y participe el viernes del cierre del Coloquio. La presencia oficial se limitar\u00e1 a un discurso grabado de Massa (porque se encuentra de viaje en Washington) y a la participaci\u00f3n en un debate del ministro de Producci\u00f3n, Jos\u00e9 de Mendiguren, en su doble condici\u00f3n de funcionario y empresario.<\/p>\n\n\n\n<p>Quiz\u00e1s a la dirigencia argentina le convenga prestar atenci\u00f3n a una gesti\u00f3n de consenso que est\u00e1 haciendo un compatriota en un escenario bastante m\u00e1s caliente que las elecciones de 2023.<\/p>\n\n\n\n<p>Se trata del argentino&nbsp;<strong>Rafael Grossi<\/strong>, el director de la&nbsp;<strong>Agencia Internacional de Energ\u00eda At\u00f3mica<\/strong>, quien en estos d\u00edas est\u00e1 llevando adelante conversaciones con los presidentes de Rusia, Vladimir Putin, y de Ucrania, Volodimir Zelenski, para convencerlos de que no bombardeen la central nuclear de Zaporiyia y provoquen una<strong>&nbsp;cat\u00e1strofe at\u00f3mica en Europa<\/strong>.<\/p>\n\n\n\n<p>El martes Grossi estuvo con Putin en San Petersburgo, mientras el pol\u00e9mico l\u00edder ordenaba que un centenar de misiles rusos destrozaran edificios, casas y calles de las ciudades ucranianas.<\/p>\n\n\n\n<p>Hay quienes creen, sin embargo, que sigue siendo m\u00e1s f\u00e1cil negociar con Putin en medio de los muertos de la guerra que lograr alg\u00fan oasis de consenso entre nuestros dirigentes para aminorar un poco la velocidad de la decadencia argentina.<\/p>\n","protected":false},"excerpt":{"rendered":"<p>La disputa entre los ex presidentes podr\u00eda darse en un pa\u00eds dominado por el enojo. El ministro de Econom\u00eda y el Jefe porte\u00f1o ser\u00edan apuestas de una sociedad preocupada, pero&hellip; <\/p>\n","protected":false},"author":7,"featured_media":10730,"comment_status":"closed","ping_status":"open","sticky":false,"template":"","format":"standard","meta":{"footnotes":""},"categories":[10],"tags":[],"class_list":["post-10729","post","type-post","status-publish","format-standard","has-post-thumbnail","hentry","category-nacionales"],"_links":{"self":[{"href":"https:\/\/corrientesdetarde.com\/index.php\/wp-json\/wp\/v2\/posts\/10729","targetHints":{"allow":["GET"]}}],"collection":[{"href":"https:\/\/corrientesdetarde.com\/index.php\/wp-json\/wp\/v2\/posts"}],"about":[{"href":"https:\/\/corrientesdetarde.com\/index.php\/wp-json\/wp\/v2\/types\/post"}],"author":[{"embeddable":true,"href":"https:\/\/corrientesdetarde.com\/index.php\/wp-json\/wp\/v2\/users\/7"}],"replies":[{"embeddable":true,"href":"https:\/\/corrientesdetarde.com\/index.php\/wp-json\/wp\/v2\/comments?post=10729"}],"version-history":[{"count":1,"href":"https:\/\/corrientesdetarde.com\/index.php\/wp-json\/wp\/v2\/posts\/10729\/revisions"}],"predecessor-version":[{"id":10731,"href":"https:\/\/corrientesdetarde.com\/index.php\/wp-json\/wp\/v2\/posts\/10729\/revisions\/10731"}],"wp:featuredmedia":[{"embeddable":true,"href":"https:\/\/corrientesdetarde.com\/index.php\/wp-json\/wp\/v2\/media\/10730"}],"wp:attachment":[{"href":"https:\/\/corrientesdetarde.com\/index.php\/wp-json\/wp\/v2\/media?parent=10729"}],"wp:term":[{"taxonomy":"category","embeddable":true,"href":"https:\/\/corrientesdetarde.com\/index.php\/wp-json\/wp\/v2\/categories?post=10729"},{"taxonomy":"post_tag","embeddable":true,"href":"https:\/\/corrientesdetarde.com\/index.php\/wp-json\/wp\/v2\/tags?post=10729"}],"curies":[{"name":"wp","href":"https:\/\/api.w.org\/{rel}","templated":true}]}}