{"id":107410,"date":"2023-12-04T10:32:29","date_gmt":"2023-12-04T13:32:29","guid":{"rendered":"https:\/\/corrientesdetarde.com\/?p=107410"},"modified":"2023-12-04T10:34:16","modified_gmt":"2023-12-04T13:34:16","slug":"javier-milei-confirmo-a-luis-petri-como-ministro-de-defensa","status":"publish","type":"post","link":"https:\/\/corrientesdetarde.com\/index.php\/politica\/javier-milei-confirmo-a-luis-petri-como-ministro-de-defensa\/","title":{"rendered":"Javier Milei confirm\u00f3 a Luis Petri como ministro de Defensa"},"content":{"rendered":"\n<p><strong>Luis Petri<\/strong>\u00a0ser\u00e1 el\u00a0<strong>ministro de Defensa<\/strong>\u00a0del gobierno que encabezar\u00e1 el presidente electo,\u00a0<strong>Javier Milei.<\/strong>\u00a0El anuncio se hizo a trav\u00e9s de un comunicado de la Oficina del presidente electo y fue ratificado por el designado vocero del presidente electo,\u00a0<strong>Manuel Adorni,\u00a0<\/strong>que se refiri\u00f3 al dirigente de la UCR como una \u201cextraordinaria persona y gran profesional\u201d.<\/p>\n\n\n\n<p>De esta manera Milei suma aotro integrante de\u00a0<strong>Juntos por el Cambio<\/strong>\u00a0a su futuro gabinete, ya que el dirigente mendocino fue compa\u00f1ero de f\u00f3rmula presidencial de\u00a0<strong>Patricia Bullrich,<\/strong>\u00a0que en el pr\u00f3ximo gobierno volver\u00e1 a estar a cargo de Seguridad, cargo que tuvo durante la gesti\u00f3n de\u00a0<strong>Mauricio Macri<\/strong>\u00a0al frente del Ejecutivo. En el comunicado se destac\u00f3: \u201cDe esta manera,\u00a0<strong>la f\u00f3rmula completa\u00a0<\/strong>de Juntos por el Cambioha quedado\u00a0<strong>integrada<\/strong>\u00a0al Gobierno de La Libertad Avanza\u201d.<\/p>\n\n\n\n<h2 class=\"wp-block-heading\">Qui\u00e9n es Luis Petri, el elegido ministro de Defensa de Javier Milei<\/h2>\n\n\n\n<ul class=\"wp-block-list\"><li><strong>Luis Petri,&nbsp;<\/strong>el designado ministro de Defensa de Milei, es un dirigente radical que fue compa\u00f1ero de f\u00f3rmula presidencial de Bullrich.<\/li><li>Fue diputado nacional durante dos mandatos, desde 2013 hasta 2021. En las \u00faltimas elecciones PASO de Mendoza fue precandidato a gobernador y perdi\u00f3 frente a&nbsp;<strong>Alfredo Cornejo.<\/strong>&nbsp;En la interna que perdi\u00f3 en Mendoza, arrim\u00f3 un 17% de votos, cifra que lo posicion\u00f3 de cara a las negociaciones nacionales.<\/li><li>Se lo considera un&nbsp;<strong>especialista en seguridad<\/strong>, algo en lo que coincide con la titular del PRO, que fue exministra de la Naci\u00f3n en ese \u00e1rea. En efecto, trabajaron juntos en proyectos que se trataron en la C\u00e1mara de Diputados, cuando Bullrich era funcionaria de Mauricio Macri.<\/li><li>Adem\u00e1s, Petri aporta a la mesa el apoyo del Grupo Malbec, que lideran los gobernadores radicales&nbsp;<strong>Gustavo Vald\u00e9s<\/strong>&nbsp;y&nbsp;<strong>Rodolfo Su\u00e1rez&nbsp;<\/strong>y que integra tambi\u00e9n Cornejo, Naidenoff y Carolina Losada.&nbsp;<strong>Alfredo Cornejo.<\/strong><\/li><li>Antes de su cargo en la C\u00e1mara Baja de la Naci\u00f3n, fue diputado provincial entre 2005 y 2013. Fue vicepresidente de la Juventud Radical de Mendoza entre 2003 y 2005. Luego, se desempe\u00f1\u00f3 como secretario legislativo de la C\u00e1mara de Senadores de Mendoza. Y entre 2006 y 2007, integr\u00f3 el Consejo de la Magistratura mendocina.<\/li><li>Tiene 46 a\u00f1os, es abogado y&nbsp;<strong>est\u00e1 en pareja con la periodista Cristina P\u00e9rez.&nbsp;<\/strong>Tiene un hijo que vive en Mendoza y al cual visita los fines de semana.<\/li><\/ul>\n\n\n\n<p><em><strong>Noticia que est\u00e1 siendo actualizada.-<\/strong><\/em><\/p>\n","protected":false},"excerpt":{"rendered":"<p>Luis Petri\u00a0ser\u00e1 el\u00a0ministro de Defensa\u00a0del gobierno que encabezar\u00e1 el presidente electo,\u00a0Javier Milei.\u00a0El anuncio se hizo a trav\u00e9s de un comunicado de la Oficina del presidente electo y fue ratificado por&hellip; <\/p>\n","protected":false},"author":12,"featured_media":107417,"comment_status":"closed","ping_status":"open","sticky":false,"template":"","format":"standard","meta":{"footnotes":""},"categories":[3],"tags":[],"class_list":["post-107410","post","type-post","status-publish","format-standard","has-post-thumbnail","hentry","category-politica"],"_links":{"self":[{"href":"https:\/\/corrientesdetarde.com\/index.php\/wp-json\/wp\/v2\/posts\/107410","targetHints":{"allow":["GET"]}}],"collection":[{"href":"https:\/\/corrientesdetarde.com\/index.php\/wp-json\/wp\/v2\/posts"}],"about":[{"href":"https:\/\/corrientesdetarde.com\/index.php\/wp-json\/wp\/v2\/types\/post"}],"author":[{"embeddable":true,"href":"https:\/\/corrientesdetarde.com\/index.php\/wp-json\/wp\/v2\/users\/12"}],"replies":[{"embeddable":true,"href":"https:\/\/corrientesdetarde.com\/index.php\/wp-json\/wp\/v2\/comments?post=107410"}],"version-history":[{"count":2,"href":"https:\/\/corrientesdetarde.com\/index.php\/wp-json\/wp\/v2\/posts\/107410\/revisions"}],"predecessor-version":[{"id":107419,"href":"https:\/\/corrientesdetarde.com\/index.php\/wp-json\/wp\/v2\/posts\/107410\/revisions\/107419"}],"wp:featuredmedia":[{"embeddable":true,"href":"https:\/\/corrientesdetarde.com\/index.php\/wp-json\/wp\/v2\/media\/107417"}],"wp:attachment":[{"href":"https:\/\/corrientesdetarde.com\/index.php\/wp-json\/wp\/v2\/media?parent=107410"}],"wp:term":[{"taxonomy":"category","embeddable":true,"href":"https:\/\/corrientesdetarde.com\/index.php\/wp-json\/wp\/v2\/categories?post=107410"},{"taxonomy":"post_tag","embeddable":true,"href":"https:\/\/corrientesdetarde.com\/index.php\/wp-json\/wp\/v2\/tags?post=107410"}],"curies":[{"name":"wp","href":"https:\/\/api.w.org\/{rel}","templated":true}]}}