{"id":107411,"date":"2023-12-04T10:30:03","date_gmt":"2023-12-04T13:30:03","guid":{"rendered":"https:\/\/corrientesdetarde.com\/?p=107411"},"modified":"2023-12-04T10:34:33","modified_gmt":"2023-12-04T13:34:33","slug":"whatsapp-profundizara-su-vinculo-con-instagram-el-detalle-de-la-fusion","status":"publish","type":"post","link":"https:\/\/corrientesdetarde.com\/index.php\/tecnologia\/whatsapp-profundizara-su-vinculo-con-instagram-el-detalle-de-la-fusion\/","title":{"rendered":"WhatsApp profundizar\u00e1 su v\u00ednculo con Instagram: el detalle de la fusi\u00f3n"},"content":{"rendered":"\n<p><strong>WhatsApp, Instagram y Facebook\u00a0<\/strong>operan bajo un mismo techo \u2014el del conglomerado estadounidense Meta\u2014 y por eso no sorprende que las plataformas se integren entre s\u00ed. Ahora nos enteramos de un paso m\u00e1s en esa direcci\u00f3n, con el desarrollo de una funci\u00f3n que profundizar\u00e1 los v\u00ednculos entre el mensajero y las mencionadas redes sociales. Con esta movida,<strong>\u00a0Historias y Estados se entrecruzar\u00e1n<\/strong>.<\/p>\n\n\n\n<h2 class=\"wp-block-heading\">WhatsApp compartir\u00e1 los Estados en Instagram<\/h2>\n\n\n\n<p>La opci\u00f3n de Difusi\u00f3n ya estaba disponible con Facebook. Revelado por el sitio\u00a0<em>WABetaInfo<\/em>, el cambio en el que trabaja Meta tambi\u00e9n involucrar\u00e1 a\u00a0Instagram. La fuente se\u00f1ala que\u00a0<strong>la nueva funci\u00f3n permitir\u00e1 que las plataformas compartan actualizaciones de Estados<\/strong>. As\u00ed, el alcance del contenido se expandir\u00e1 a un p\u00fablico m\u00e1s amplio.<\/p>\n\n\n\n<p>Tal como vemos en la captura de pantalla, el mensajero incluir\u00e1 opciones para&nbsp;<strong>compartir autom\u00e1ticamente los Estados<\/strong>&nbsp;no solo en Facebook, sino tambi\u00e9n en Instagram, en la secci\u00f3n de Historias.<\/p>\n\n\n\n<figure class=\"wp-block-image\"><img decoding=\"async\" src=\"https:\/\/tn.com.ar\/resizer\/Op1BuSSPItvRtNVsVE5B7i2n39c=\/767x0\/smart\/filters:format(webp)\/cloudfront-us-east-1.images.arcpublishing.com\/artear\/D4KEDOSVMBGETGMDCDQ2BCRL34.jpg\" alt=\"(Fuente: WABetaInfo)\"\/><figcaption>(Fuente: WABetaInfo)<\/figcaption><\/figure>\n\n\n\n<p>Para desprevenidos, aunque con diversos nombres, aquellos son contenidos con una propuesta en com\u00fan: pueden incluir textos, im\u00e1genes, audios y\/o videos, caracterizados por ser ef\u00edmeros ya que desaparecen luego de 24 horas de la publicaci\u00f3n.<\/p>\n\n\n\n<p>Con la nueva opci\u00f3n, se eliminar\u00e1 la necesidad de crear y publicar en forma manual las actualizaciones en forma separada, para cada plataforma. La clave es el ahorro de pasos. En ese orden, dice\u00a0<em>Engadge<\/em>t que \u201cen lugar de dedicar tiempo a crear y publicar actualizaciones id\u00e9nticas tanto en WhatsApp como en Instagram, los usuarios podr\u00e1n realizar esta tarea en un solo paso, optimizando su participaci\u00f3n en las redes sociales\u201d.<\/p>\n\n\n\n<p>Es importante mencionar que la&nbsp;<strong>integraci\u00f3n entre los Estados de WhatsApp y las Stories de Instagram&nbsp;<\/strong>ser\u00e1 opcional. Esto quiere decir que los usuarios podr\u00e1n elegir si quieren usarla o no. As\u00ed, tambi\u00e9n podr\u00e1n mantener separadas la actividad en los respectivos entornos.<\/p>\n\n\n\n<h2 class=\"wp-block-heading\">Estados de WhatsApp, Historias de Instagram: \u00bfcu\u00e1ndo se integrar\u00e1n?<\/h2>\n\n\n\n<p>De acuerdo al reporte de&nbsp;<em>WABI<\/em>, la funci\u00f3n en el mensajero se encuentra en desarrollo. Ha sido vista en una versi\u00f3n beta de WhatsApp para Android (la edici\u00f3n 2.23.25.20) y se despliega entre un grupo cerrado de testers. Como es habitual, se espera que luego de las pruebas se lance a nivel general, aunque a\u00fan no hay una fecha conformada para ello.<\/p>\n","protected":false},"excerpt":{"rendered":"<p>WhatsApp, Instagram y Facebook\u00a0operan bajo un mismo techo \u2014el del conglomerado estadounidense Meta\u2014 y por eso no sorprende que las plataformas se integren entre s\u00ed. Ahora nos enteramos de un&hellip; <\/p>\n","protected":false},"author":12,"featured_media":107415,"comment_status":"closed","ping_status":"open","sticky":false,"template":"","format":"standard","meta":{"footnotes":""},"categories":[24],"tags":[],"class_list":["post-107411","post","type-post","status-publish","format-standard","has-post-thumbnail","hentry","category-tecnologia"],"_links":{"self":[{"href":"https:\/\/corrientesdetarde.com\/index.php\/wp-json\/wp\/v2\/posts\/107411","targetHints":{"allow":["GET"]}}],"collection":[{"href":"https:\/\/corrientesdetarde.com\/index.php\/wp-json\/wp\/v2\/posts"}],"about":[{"href":"https:\/\/corrientesdetarde.com\/index.php\/wp-json\/wp\/v2\/types\/post"}],"author":[{"embeddable":true,"href":"https:\/\/corrientesdetarde.com\/index.php\/wp-json\/wp\/v2\/users\/12"}],"replies":[{"embeddable":true,"href":"https:\/\/corrientesdetarde.com\/index.php\/wp-json\/wp\/v2\/comments?post=107411"}],"version-history":[{"count":2,"href":"https:\/\/corrientesdetarde.com\/index.php\/wp-json\/wp\/v2\/posts\/107411\/revisions"}],"predecessor-version":[{"id":107420,"href":"https:\/\/corrientesdetarde.com\/index.php\/wp-json\/wp\/v2\/posts\/107411\/revisions\/107420"}],"wp:featuredmedia":[{"embeddable":true,"href":"https:\/\/corrientesdetarde.com\/index.php\/wp-json\/wp\/v2\/media\/107415"}],"wp:attachment":[{"href":"https:\/\/corrientesdetarde.com\/index.php\/wp-json\/wp\/v2\/media?parent=107411"}],"wp:term":[{"taxonomy":"category","embeddable":true,"href":"https:\/\/corrientesdetarde.com\/index.php\/wp-json\/wp\/v2\/categories?post=107411"},{"taxonomy":"post_tag","embeddable":true,"href":"https:\/\/corrientesdetarde.com\/index.php\/wp-json\/wp\/v2\/tags?post=107411"}],"curies":[{"name":"wp","href":"https:\/\/api.w.org\/{rel}","templated":true}]}}