{"id":107426,"date":"2023-12-04T10:40:58","date_gmt":"2023-12-04T13:40:58","guid":{"rendered":"https:\/\/corrientesdetarde.com\/?p=107426"},"modified":"2023-12-04T10:48:01","modified_gmt":"2023-12-04T13:48:01","slug":"juan-grabois-cruzo-a-alberto-fernandez-por-la-medicion-de-la-pobreza-y-estallo-la-crisis-interna","status":"publish","type":"post","link":"https:\/\/corrientesdetarde.com\/index.php\/politica\/juan-grabois-cruzo-a-alberto-fernandez-por-la-medicion-de-la-pobreza-y-estallo-la-crisis-interna\/","title":{"rendered":"Juan Grabois cruz\u00f3 a Alberto Fern\u00e1ndez por la medici\u00f3n de la pobreza y estall\u00f3 la crisis interna"},"content":{"rendered":"\n<p>El dirigente social\u00a0<strong>Juan Grabois<\/strong>\u00a0cruz\u00f3 al presidente\u00a0<strong>Alberto Fern\u00e1ndez<\/strong>\u00a0en las redes sociales luego de que en una entrevista deslizara que la\u00a0<strong>pobreza<\/strong>\u00a0en la Argentina \u201cesta mal medida\u201d y puso en duda que sea del 40% en el pa\u00eds ya que, si fuese as\u00ed, \u201cla Argentina estar\u00eda estallada\u201d.<\/p>\n\n\n\n<p>\u201cEst\u00e1 mal medida la pobreza.\u00a0<strong>Si hubiera semejante cantidad de pobreza, la Argentina estar\u00eda estallada<\/strong>. Yo no puedo entender c\u00f3mo se concilia que haya 40% de pobreza y al mismo tiempo llevemos 37 meses consecutivos de creaci\u00f3n de empleo registrado\u201d, hab\u00eda declarado el Presidente en la entrevista a Noticias Argentinas. \u201cSi le pregunt\u00e1s a una persona que tiene una familia qu\u00e9 ingreso tiene y te dice \u2018tengo un plan\u2019, de ah\u00ed en m\u00e1s empieza a mentir porque tiene miedo de que se lo quiten\u201d. hab\u00eda deslizado como justificaci\u00f3n.<\/p>\n\n\n\n<p>Un d\u00eda despu\u00e9s, Grabois le contest\u00f3 a Alberto Fern\u00e1ndez en una extensa carta que comparti\u00f3 en sus redes sociales, al mismo tiempo que&nbsp;<strong>manifest\u00f3 no querer \u201cparar de discusi\u00f3n interna<\/strong>&nbsp;de ning\u00fan tipo\u201d porque \u201cpersonalidad demasiado despolitiza\u201d.<\/p>\n\n\n\n<p>\u201cAlberto: durante la campa\u00f1a 2019 prometiste empezar por los \u00faltimos para llegar a todos y cuando comenz\u00f3 el mandato convocaste una mesa contra el hambre. En ese momento, las escandalosas cifras de pobreza que hab\u00eda dejado el presidente Macri, que asumi\u00f3 con la consigna \u201cPobreza 0\u2033, te sacaban l\u00e1grimas \u00bfte acord\u00e1s del ni\u00f1o que com\u00eda cart\u00f3n mojado en Moreno que te contaba el Gringo y tanto te conmovi\u00f3? \u00bfPens\u00e1s que ahora come carne, leche, frutas y verduras? Ten\u00edas raz\u00f3n en tu zozobra de entonces: los indicadores sociales de 2019 arrojaban un panorama desolador: 35,5% en pobreza y 8% en indigencia respectivamente. Fueron precisamente esos indicadores sociales los que me llevaron a m\u00ed y muchos compa\u00f1eros a pensar que con la lucha social no lleg\u00e1bamos a todos y ten\u00edamos que abordar la lucha pol\u00edtica; esas cifras nos llevaron a participar de la campa\u00f1a del 2019 en Frente de Todos y llevarte a la presidencia. Hoy, las cifras son objetivamente peores: pobreza 40,1% e indigencia al 9,3% (primer semestre), todo indica que para diciembre los n\u00fameros ser\u00e1n a\u00fan m\u00e1s alarmantes\u201d, expres\u00f3 Grabois.<\/p>\n\n\n\n<p>\u201cEl sistema de medici\u00f3n es exactamente el mismo.&nbsp;<strong>Esta es la realidad que es la \u00fanica verdad. Hay que hacerse cargo<\/strong>\u201d, continu\u00f3 el dirigente social. Y subray\u00f3: \u201c<strong>La Argentina s\u00ed est\u00e1 estallada,<\/strong>&nbsp;Alberto&#8230; solo que ya nos acostumbramos; no explota, implota. Hace menos ruido, pero la gente se desangra por dentro. Que no puedas explicarte las cifras de pobreza en un contexto de crecimiento del empleo, en una econom\u00eda con la mitad de su fuerza de trabajo informalizada o registrada bajo modalidades precarias como el monotributo, es realmente un problema grave de comprensi\u00f3n\u201d.<\/p>\n\n\n\n<p>\u201cEn primer lugar,&nbsp;<strong>hay una enorme cantidad de trabajadores que son pobres a\u00fan con empleo registrados de jornada completa<\/strong>: una injusticia nueva, grave e imperdonable porque resolverla est\u00e1 al alcance de este gobierno. Sin embargo, el hecho fundamental es que la estructura social, en particular la composici\u00f3n de la clase trabajadora, cambi\u00f3. Es precisamente este sector -los \u00faltimos por los que nos dijiste que iba a empezar, los que no tienen salario estable, convenio colectivo, paritarias, aguinaldo ni vacaciones- quienes sufrieron la m\u00e1s brutal reducci\u00f3n en su poder adquisitivo en los \u00faltimos a\u00f1os\u201d, reconoci\u00f3 Grabois.<\/p>\n\n\n\n<p>\u201cLa f\u00f3rmula es f\u00e1cil: inflaci\u00f3n sin paritarias ni aumentos indexados.<strong>&nbsp;Que adem\u00e1s digas que los \u00edndices de pobreza se explican porque los pobres subdeclaran sus ingresos ya me parece una bajeza gorila,<\/strong>&nbsp;cuando lo que en realidad sucede es que son los m\u00e1s ricos -entre ellos, no pocos pol\u00edticos, sus amigos empresarios, testaferros, etc, etc.- los que mienten en las declaraciones para no pagar impuestos o cosas peores. Esa mentalidad -los pobres mienten, los pobres compran d\u00f3lares, viajan en yate, reciben demasiado, las organizaciones sociales son un obst\u00e1culo- precisamente, explica en cierta medida porque aument\u00f3 el PBI y no se redujo la pobreza\u201d, lanz\u00f3 el dirigente del MTE y referente del Frente Patria Grande.<\/p>\n\n\n\n<figure class=\"wp-block-image\"><img decoding=\"async\" src=\"https:\/\/tn.com.ar\/resizer\/zjqGOa_jMFak2zawCS2NtMAE1vY=\/767x0\/smart\/filters:format(webp)\/cloudfront-us-east-1.images.arcpublishing.com\/artear\/DEO6WRTG3ZFP5JAVP5OGQHQHQM.jpg\" alt=\"Juan Grabois en el ciclo de entrevistas de TN. (Foto: TN \/ Agustina Rib\u00f3)\"\/><figcaption>Juan Grabois en el ciclo de entrevistas de TN. (Foto: TN \/ Agustina Rib\u00f3)<\/figcaption><\/figure>\n\n\n\n<p>M\u00e1s adelante en su discurso, Grabois reconoci\u00f3 que \u201cm\u00e1s all\u00e1 de esa consideraci\u00f3n personal, la realidad es que todos los que de una u otra forma participamos del Frente de Todos, hayamos tenido o no cargos p\u00fablicos,&nbsp;<strong>debemos asumir cierto grado de responsabilidad<\/strong>, sea por acci\u00f3n, sea por omisi\u00f3n, en la situaci\u00f3n actual de pobreza e indigencia. Ellos, ellas, sobre todo los ni\u00f1os, por los que \u00edbamos a empezar y siguen postergados, m\u00e1s postergados que antes, merecen que les pidamos perd\u00f3n, que hagamos una reflexi\u00f3n profunda para comprender que hicimos mal como conjunto, cada sector, cada dirigente, cada militante, para que nunca m\u00e1s se repita que un gobierno que se autopercibe y proclama popular y peronista, en un contexto de crecimiento del producto bruto y aumento de la actividad, tenga estos niveles de pobreza e indigencia\u201d.<\/p>\n\n\n\n<p>\u201cYo pido humildemente perd\u00f3n por la parte que me toca, sea grande o peque\u00f1a, Dios sabr\u00e1. \u00bfEsto quiere decir que se hizo todo mal?&#8230; no, hubo pol\u00edticas p\u00fablicas acertadas y posiciones adecuadas en algunos temas. Pero el balance general es p\u00e9simo y hay que hacerse cargo\u201d, expres\u00f3 Grabois.<\/p>\n\n\n\n<p>Luego continu\u00f3: \u201cCreo, Alberto, que c\u00f3mo m\u00e1xima autoridad del gobierno y del principal partido de la coalici\u00f3n deber\u00edas hacer lo mismo: sin excusas, sin anestesia, sin repetir lo que todos ya sabemos de la pandemia y la sequ\u00eda y la guerra y la mar en coche, sin volver a caer en la idiotez c\u00edclica de echarle la culpa a las mediciones por la realidad que miden\u201d.<\/p>\n\n\n\n<p>\u201cLos problemas no van a resolverse pidiendo perd\u00f3n, pero en alg\u00fan punto ser\u00eda reparador para la sociedad en su conjunto y para todos nosotros, los que vamos a quedarnos en Argentina, posiblemente perseguidos y seguramente demonizados en una proporci\u00f3n muy superior a nuestra responsabilidad personal en la situaci\u00f3n social y pol\u00edtica del pa\u00eds\u201d, anticipo el dirigente social.<\/p>\n\n\n\n<p>\u201cConvencidos de nuestros principios, vamos a dar el debate frente a los que los que quieren justificar en esta realidad trist\u00edsima un programa deshumanizado y antinacional, un dogma seg\u00fan el cual la justicia social es una aberraci\u00f3n y la redistribuci\u00f3n de la riqueza un factor de atrasa. Vamos a hacerlo, remando en dulce de leche; por eso, para todos nosotros y nosotras, que en 2019 votamos y llamamos a votar tu boleta, que integramos la coalici\u00f3n como simples militantes o altos funcionarios, a los que no pudiste liderar en un proceso de reconstrucci\u00f3n nacional, hacelo ahora pidiendo perd\u00f3n, en nombre de todos, a esos hombres y mujeres por los que \u00edbamos a empezar, a los pobres, que llegaron \u00faltimos, siguen \u00faltimos\u2026 y ahora son dos millones m\u00e1s\u201d, concluy\u00f3 Grabois.<\/p>\n\n\n\n<h2 class=\"wp-block-heading\">La dura respuesta del observatorio de la UCA a Alberto Fern\u00e1ndez<\/h2>\n\n\n\n<p>En su entrevista a Noticias Argentinas, Fern\u00e1ndez puntualiz\u00f3 en la inflaci\u00f3n y la falta de d\u00f3lares como dos de los grandes motivos por los que\u00a0Sergio Massa\u00a0no gan\u00f3 el balotaje presidencial. \u201cCuando la inflaci\u00f3n alcanza los niveles que alcanz\u00f3,\u00a0<strong>los bolsillos se deterioran, y no pudimos encontrar una respuesta a eso<\/strong>\u201d, explic\u00f3.<\/p>\n\n\n\n<p>A la hora de explicar la crisis econ\u00f3mica que sufri\u00f3 la Argentina, relativiz\u00f3 el \u00edndice de pobreza difundido por el Instituto Nacional de Estad\u00edsticas y Censos (INDEC), que en el primer semestre de 2023 fue del 40,1%.<\/p>\n\n\n\n<p>El director del Observatorio de la deuda social argentina de la Universidad Cat\u00f3lica Argentina (UCA), Agust\u00edn Salvia, sali\u00f3 al cruce de las declaraciones de Alberto Fern\u00e1ndez y expuso un dato impactante: dijo que sin planes sociales, la Argentina tendr\u00eda\u00a0m\u00e1s del 50% de pobreza.<\/p>\n\n\n\n<p>Salvia explic\u00f3 que la medici\u00f3n de la pobreza tomada de manera est\u00e1ndar \u201ces un term\u00f3metro que marca la temperatura\u201d, pero que no define \u201cel nivel de privaciones\u201d que tiene la sociedad<strong>. \u201cEs probable que las privaciones econ\u00f3micas, de salud y educaci\u00f3n afecten a m\u00e1s del 40% de la poblaci\u00f3n<\/strong>\u201d, se\u00f1al\u00f3.<\/p>\n\n\n\n<figure class=\"wp-block-image\"><img decoding=\"async\" src=\"https:\/\/tn.com.ar\/resizer\/29OGBlkl6O_Z8voVmBwXe-eE-k0=\/767x0\/smart\/filters:format(webp)\/cloudfront-us-east-1.images.arcpublishing.com\/artear\/UEHOUG3XPFBNJACFCZNBOLKQZI.jpg\" alt=\"Alberto Fern\u00e1ndez cuestion\u00f3 la medici\u00f3n de la pobreza (Foto: El Pa\u00eds). \"\/><figcaption>Alberto Fern\u00e1ndez cuestion\u00f3 la medici\u00f3n de la pobreza (Foto: El Pa\u00eds).<\/figcaption><\/figure>\n\n\n\n<p>En ese sentido, rebati\u00f3 la definici\u00f3n del Presidente: \u201cS\u00ed, hay m\u00e1s gente en el mercado de trabajo y m\u00e1s ocupada, pero con peores trabajos. Lo que ocurre es que esas remuneraciones han quedado devastadas por la inflaci\u00f3n\u201d.<\/p>\n\n\n\n<p>\u201cTenemos el doble de trabajadores pobres que el momento en que asume Alberto Fern\u00e1ndez. El 45% de la poblaci\u00f3n vive en hogares que reciben programas sociales. Casi el 40% de los hogares recibe un programa social. Esto compensa y hace que el nivel de pobreza no supere el 50%.<strong>&nbsp;Pero si los sac\u00e1ramos, la pobreza ser\u00eda del 50%\u201d,&nbsp;<\/strong>sentenci\u00f3 Salvia.<\/p>\n\n\n\n<p>En ese sentido, el director del observatorio de la UCA explic\u00f3 que el nivel de pobreza \u201cest\u00e1 contenido\u201d por un sistema que transfiere ingresos a los hogares con el fin de&nbsp;<strong>\u201cevitar un colapso social y pol\u00edtico.<\/strong><\/p>\n\n\n\n<p>Sin embargo, seg\u00fan detall\u00f3, esto resulta contraproducente: \u201cAl mismo tiempo no impide que las clases medias vayan cayendo en la pobreza y deteriorando las condiciones de vida.&nbsp;<strong>Este 43% esconde un deterioro mucho mayor en las capacidades del desarrollo humano de la sociedad.&nbsp;<\/strong>No crecen los buenos empleos y no hay trabajo para los sectores no calificados, o los trabajos que hay son de muy baja remuneraci\u00f3n\u201d.<\/p>\n\n\n\n<p>\u201cEn ese mercado de trabajo tan deteriorado que tenemos, con un nivel de inflaci\u00f3n desbordante, podemos decir que&nbsp;<strong>es poca la tasa de pobreza que tenemos frente a este escenario\u201d,<\/strong>&nbsp;complet\u00f3.<\/p>\n","protected":false},"excerpt":{"rendered":"<p>El dirigente social\u00a0Juan Grabois\u00a0cruz\u00f3 al presidente\u00a0Alberto Fern\u00e1ndez\u00a0en las redes sociales luego de que en una entrevista deslizara que la\u00a0pobreza\u00a0en la Argentina \u201cesta mal medida\u201d y puso en duda que sea&hellip; <\/p>\n","protected":false},"author":12,"featured_media":107427,"comment_status":"closed","ping_status":"open","sticky":false,"template":"","format":"standard","meta":{"footnotes":""},"categories":[3],"tags":[],"class_list":["post-107426","post","type-post","status-publish","format-standard","has-post-thumbnail","hentry","category-politica"],"_links":{"self":[{"href":"https:\/\/corrientesdetarde.com\/index.php\/wp-json\/wp\/v2\/posts\/107426","targetHints":{"allow":["GET"]}}],"collection":[{"href":"https:\/\/corrientesdetarde.com\/index.php\/wp-json\/wp\/v2\/posts"}],"about":[{"href":"https:\/\/corrientesdetarde.com\/index.php\/wp-json\/wp\/v2\/types\/post"}],"author":[{"embeddable":true,"href":"https:\/\/corrientesdetarde.com\/index.php\/wp-json\/wp\/v2\/users\/12"}],"replies":[{"embeddable":true,"href":"https:\/\/corrientesdetarde.com\/index.php\/wp-json\/wp\/v2\/comments?post=107426"}],"version-history":[{"count":2,"href":"https:\/\/corrientesdetarde.com\/index.php\/wp-json\/wp\/v2\/posts\/107426\/revisions"}],"predecessor-version":[{"id":107431,"href":"https:\/\/corrientesdetarde.com\/index.php\/wp-json\/wp\/v2\/posts\/107426\/revisions\/107431"}],"wp:featuredmedia":[{"embeddable":true,"href":"https:\/\/corrientesdetarde.com\/index.php\/wp-json\/wp\/v2\/media\/107427"}],"wp:attachment":[{"href":"https:\/\/corrientesdetarde.com\/index.php\/wp-json\/wp\/v2\/media?parent=107426"}],"wp:term":[{"taxonomy":"category","embeddable":true,"href":"https:\/\/corrientesdetarde.com\/index.php\/wp-json\/wp\/v2\/categories?post=107426"},{"taxonomy":"post_tag","embeddable":true,"href":"https:\/\/corrientesdetarde.com\/index.php\/wp-json\/wp\/v2\/tags?post=107426"}],"curies":[{"name":"wp","href":"https:\/\/api.w.org\/{rel}","templated":true}]}}