{"id":107433,"date":"2023-12-04T13:02:26","date_gmt":"2023-12-04T16:02:26","guid":{"rendered":"https:\/\/corrientesdetarde.com\/?p=107433"},"modified":"2023-12-04T16:35:32","modified_gmt":"2023-12-04T19:35:32","slug":"semana-de-la-gastronomia-mediterranea-en-corrientes-con-entrada-libre-y-gratuita","status":"publish","type":"post","link":"https:\/\/corrientesdetarde.com\/index.php\/informacion-general\/semana-de-la-gastronomia-mediterranea-en-corrientes-con-entrada-libre-y-gratuita\/","title":{"rendered":"Semana de la Gastronom\u00eda Mediterr\u00e1nea en Corrientes con entrada libre y gratuita"},"content":{"rendered":"\n<p>La Societ\u00e0 Dante Alighieri de Corrientes y la Sociedad Cultural Israelita \u201cScholem Aleijem\u201d de Corrientes invitan a participar de la &#8220;Semana de la Gastronom\u00eda Mediterr\u00e1nea&#8221;.<\/p>\n\n\n\n<p>Habr\u00e1 Especialistas en nutrici\u00f3n, acad\u00e9micos y representantes de C\u00e1maras de Comercio y Universidades ofrecer\u00e1n charlas sobre alimentaci\u00f3n saludable, exportaci\u00f3n de alimentos naturales y gastronom\u00eda mediterr\u00e1nea relacionada al territorio local.<\/p>\n\n\n\n<p>Tambi\u00e9n se presentar\u00e1 el proyecto MITA en la oferta de la Universidad de Parma.<\/p>\n\n\n\n<p>El cierre de la actividad ser\u00e1 con degustaci\u00f3n.<\/p>\n\n\n\n<p>Entrada libre y gratuita<br>Lunes 4 y jueves 7 de diciembre 16:30 horas<br>Sal\u00f3n de Reuniones de la Legislatura de Corrientes<\/p>\n\n\n\n<figure class=\"wp-block-image size-full is-resized\"><img loading=\"lazy\" decoding=\"async\" src=\"https:\/\/corrientesdetarde.com\/wp-content\/uploads\/2023\/12\/image-46.png\" alt=\"\" class=\"wp-image-107491\" width=\"235\" height=\"184\"\/><\/figure>\n","protected":false},"excerpt":{"rendered":"<p>La Societ\u00e0 Dante Alighieri de Corrientes y la Sociedad Cultural Israelita \u201cScholem Aleijem\u201d de Corrientes invitan a participar de la &#8220;Semana de la Gastronom\u00eda Mediterr\u00e1nea&#8221;. Habr\u00e1 Especialistas en nutrici\u00f3n, acad\u00e9micos&hellip; <\/p>\n","protected":false},"author":12,"featured_media":107493,"comment_status":"closed","ping_status":"open","sticky":false,"template":"","format":"standard","meta":{"footnotes":""},"categories":[1,8],"tags":[],"class_list":["post-107433","post","type-post","status-publish","format-standard","has-post-thumbnail","hentry","category-informacion-general","category-locales"],"_links":{"self":[{"href":"https:\/\/corrientesdetarde.com\/index.php\/wp-json\/wp\/v2\/posts\/107433","targetHints":{"allow":["GET"]}}],"collection":[{"href":"https:\/\/corrientesdetarde.com\/index.php\/wp-json\/wp\/v2\/posts"}],"about":[{"href":"https:\/\/corrientesdetarde.com\/index.php\/wp-json\/wp\/v2\/types\/post"}],"author":[{"embeddable":true,"href":"https:\/\/corrientesdetarde.com\/index.php\/wp-json\/wp\/v2\/users\/12"}],"replies":[{"embeddable":true,"href":"https:\/\/corrientesdetarde.com\/index.php\/wp-json\/wp\/v2\/comments?post=107433"}],"version-history":[{"count":2,"href":"https:\/\/corrientesdetarde.com\/index.php\/wp-json\/wp\/v2\/posts\/107433\/revisions"}],"predecessor-version":[{"id":107494,"href":"https:\/\/corrientesdetarde.com\/index.php\/wp-json\/wp\/v2\/posts\/107433\/revisions\/107494"}],"wp:featuredmedia":[{"embeddable":true,"href":"https:\/\/corrientesdetarde.com\/index.php\/wp-json\/wp\/v2\/media\/107493"}],"wp:attachment":[{"href":"https:\/\/corrientesdetarde.com\/index.php\/wp-json\/wp\/v2\/media?parent=107433"}],"wp:term":[{"taxonomy":"category","embeddable":true,"href":"https:\/\/corrientesdetarde.com\/index.php\/wp-json\/wp\/v2\/categories?post=107433"},{"taxonomy":"post_tag","embeddable":true,"href":"https:\/\/corrientesdetarde.com\/index.php\/wp-json\/wp\/v2\/tags?post=107433"}],"curies":[{"name":"wp","href":"https:\/\/api.w.org\/{rel}","templated":true}]}}