{"id":107436,"date":"2023-12-04T13:33:16","date_gmt":"2023-12-04T16:33:16","guid":{"rendered":"https:\/\/corrientesdetarde.com\/?p=107436"},"modified":"2023-12-04T13:33:20","modified_gmt":"2023-12-04T16:33:20","slug":"teatro-plastica-desfile-en-la-legislatura-provincial","status":"publish","type":"post","link":"https:\/\/corrientesdetarde.com\/index.php\/informacion-general\/teatro-plastica-desfile-en-la-legislatura-provincial\/","title":{"rendered":"\u201cTeatro. Pl\u00e1stica. Desfile\u201d en la Legislatura Provincial"},"content":{"rendered":"\n<p>Con invitaci\u00f3n del vicegobernador, Pedro Braillard Poccard, el pr\u00f3ximo mi\u00e9rcoles 6 de diciembre a las 20:30 horas, en el Palacio Legislativo provincial se realizar\u00e1 \u201cTeatro- Pl\u00e1stica \u2013 Desfile\u201d organizado por el \u00e1rea Cultura Senado.<\/p>\n\n\n\n<p>La velada, que contar\u00e1 con la conducci\u00f3n de Marcelo G\u00f3mez Brown, comenzar\u00e1 en el Sal\u00f3n de los Pasos Perdidos con la apertura de una muestra de alumnos del Profesorado de Bellas Artes del Instituto Superior \u201cJosefina Contte\u201d. Luego se realizar\u00e1 una obra de teatro por parte del Profesorado del Instituto Superior \u201cDr. Juan Gregorio Pujol\u201d.<\/p>\n\n\n\n<p>Asimismo se disfrutar\u00e1 del desfile de cierre de a\u00f1o del Grupo Fashion Top integrado por Adultos Mayores. Este grupo, creado en el 2022, demuestra a trav\u00e9s de las pasarelas que el estilo no tiene l\u00edmites ni edad.<\/p>\n\n\n\n<p>Los invitamos a acompa\u00f1arnos en una noche de variada propuesta cultural y a valorar nuestros talentos locales.<\/p>\n","protected":false},"excerpt":{"rendered":"<p>Con invitaci\u00f3n del vicegobernador, Pedro Braillard Poccard, el pr\u00f3ximo mi\u00e9rcoles 6 de diciembre a las 20:30 horas, en el Palacio Legislativo provincial se realizar\u00e1 \u201cTeatro- Pl\u00e1stica \u2013 Desfile\u201d organizado por&hellip; <\/p>\n","protected":false},"author":12,"featured_media":107434,"comment_status":"closed","ping_status":"open","sticky":false,"template":"","format":"standard","meta":{"footnotes":""},"categories":[1],"tags":[],"class_list":["post-107436","post","type-post","status-publish","format-standard","has-post-thumbnail","hentry","category-informacion-general"],"_links":{"self":[{"href":"https:\/\/corrientesdetarde.com\/index.php\/wp-json\/wp\/v2\/posts\/107436","targetHints":{"allow":["GET"]}}],"collection":[{"href":"https:\/\/corrientesdetarde.com\/index.php\/wp-json\/wp\/v2\/posts"}],"about":[{"href":"https:\/\/corrientesdetarde.com\/index.php\/wp-json\/wp\/v2\/types\/post"}],"author":[{"embeddable":true,"href":"https:\/\/corrientesdetarde.com\/index.php\/wp-json\/wp\/v2\/users\/12"}],"replies":[{"embeddable":true,"href":"https:\/\/corrientesdetarde.com\/index.php\/wp-json\/wp\/v2\/comments?post=107436"}],"version-history":[{"count":1,"href":"https:\/\/corrientesdetarde.com\/index.php\/wp-json\/wp\/v2\/posts\/107436\/revisions"}],"predecessor-version":[{"id":107437,"href":"https:\/\/corrientesdetarde.com\/index.php\/wp-json\/wp\/v2\/posts\/107436\/revisions\/107437"}],"wp:featuredmedia":[{"embeddable":true,"href":"https:\/\/corrientesdetarde.com\/index.php\/wp-json\/wp\/v2\/media\/107434"}],"wp:attachment":[{"href":"https:\/\/corrientesdetarde.com\/index.php\/wp-json\/wp\/v2\/media?parent=107436"}],"wp:term":[{"taxonomy":"category","embeddable":true,"href":"https:\/\/corrientesdetarde.com\/index.php\/wp-json\/wp\/v2\/categories?post=107436"},{"taxonomy":"post_tag","embeddable":true,"href":"https:\/\/corrientesdetarde.com\/index.php\/wp-json\/wp\/v2\/tags?post=107436"}],"curies":[{"name":"wp","href":"https:\/\/api.w.org\/{rel}","templated":true}]}}