{"id":107438,"date":"2023-12-04T14:19:47","date_gmt":"2023-12-04T17:19:47","guid":{"rendered":"https:\/\/corrientesdetarde.com\/?p=107438"},"modified":"2023-12-04T14:20:01","modified_gmt":"2023-12-04T17:20:01","slug":"centro-de-ecologia-aplicada-del-litoral","status":"publish","type":"post","link":"https:\/\/corrientesdetarde.com\/index.php\/locales\/centro-de-ecologia-aplicada-del-litoral\/","title":{"rendered":"Centro de Ecolog\u00eda Aplicada del Litoral"},"content":{"rendered":"\n<p>CECOAL: &#8220;50 a\u00f1os al servicio de la Naturaleza&#8221;<\/p>\n\n\n\n<p>El vicegobernador de la provincia, Dr. Pedro Braillard Poccard, encabez\u00f3 junto a la Secretaria General de Ciencia y T\u00e9cnica de la UNNE, Dra. Laura Leiva, la Directora del CCT Nordeste, Dra. Mar\u00eda Cristina \u00c1rea, el Director del CECOAL, Dr. Adri\u00e1n Di Giacomo el acto de celebraci\u00f3n del<br>50 aniversario del Centro de Ecolog\u00eda Aplicada del Litoral CECOAL, que tuvo lugar en la Facultad de Ingenier\u00eda de la UNNE.<\/p>\n\n\n\n<p>El Director DiGiacomo expres\u00f3 que el CECOAL es una \u201corganizaci\u00f3n al servicio de la naturaleza, que provee las bases de nuestra econom\u00eda. Tiene larga trayectoria de transferencia de conocimientos a la sociedad, asesoramientos a organismos privados como p\u00fablicos, a sectores educativos somos motivadores de educaci\u00f3n cient\u00edfica en los j\u00f3venes. Tiene formadores de recursos humanos en ciencia, e investigadores reconocidos a nivel mundial. Con el apoyo de las diversas instituciones y de la sociedad es que hoy cumplimos 50 a\u00f1os, siempre desarrollando la mejor ciencia posible reflejando nuestro compromiso con el pa\u00eds\u201d.<\/p>\n\n\n\n<p>Al dirigirse a los presentes Braillard Poccard agradeci\u00f3 la invitaci\u00f3n y expres\u00f3 \u201cel honor de acompa\u00f1ar esta conmemoraci\u00f3n que conozco y segu\u00ed muy de cerca la tarea de quienes integran este Centro. En una provincia que busca cuidar sus recursos naturales pero a veces las inclemencias del tiempo como la sequ\u00eda y los incendios requiere poner todo para el cuidado de la riqueza de nuestra mesopotamia. El CECOAL es de vital importancia por eso nuestro reconocimiento a tanta gente que ha aportado.<br>Si bien es dif\u00edcil la investigaci\u00f3n cient\u00edfica ante la escasez de recursos, brindamos nuestro apoyo y compromiso para que sigan aportando a nuestra sociedad y generaciones venideras, ya que somos custodios de lo que nos toca cuidar\u201d.<\/p>\n\n\n\n<p>Seguidamente el Vicegobernador hizo entrega de la Distinci\u00f3n de Honor Libertador Gral. San Mart\u00edn al Director de CECOAL, Dr. Adri\u00e1n DiGiacomo.<\/p>\n\n\n\n<p>Por otra parte, el Senador Di\u00f3genes Gonz\u00e1lez hizo entrega de una declaraci\u00f3n de inter\u00e9s legislativo reconociendo \u201cla labor incansable del CECOAL\u201d, que tiene una doble dependencia CONICET-UNNE.<\/p>\n\n\n\n<p>Tambi\u00e9n se destacaron las presencias del Senador Di\u00f3genes Gonz\u00e1lez, Diputada Albana Rotela, Decana de FaCENA, Mgter. Mar\u00eda Viviana Godoy Guglielmone.<br>Responsables de las distintas instituciones gubernamentales provinciales y municipales, instituciones no-gubernamentales, de los exdirectores del CECOAL, Dr. Juan Jos\u00e9 Neiff, Dr. Oscar Orfeo y Dr. Oscar Gallego, del Ex Vice Director de CECOAL, Dr. Alfredo Zurita; de directores\/as de Institutos del CONICET pertenecientes al Centro Cient\u00edfico-Tecnol\u00f3gico Nordeste, secretarios\/as y subsecretarios generales de la UNNE, Sra. Coordinadora de institutos de investigaci\u00f3n, Decanos\/as y Vicedecanos de distintas Unidades Acad\u00e9micas de la UNNE, secretarios\/as y subsecretarios de FaCENA, investigadores, becarios, estudiantes, personal de apoyo, personal de CECOAL acogido a la Jubilaci\u00f3n, familiares de quienes han pertenecido al CECOAL, p\u00fablico en general.<\/p>\n\n\n\n<figure class=\"wp-block-image size-large\"><img loading=\"lazy\" decoding=\"async\" width=\"1024\" height=\"683\" src=\"https:\/\/corrientesdetarde.com\/wp-content\/uploads\/2023\/12\/WhatsApp-Image-2023-12-04-at-13.51.17-1024x683.jpeg\" alt=\"\" class=\"wp-image-107439\" srcset=\"https:\/\/corrientesdetarde.com\/wp-content\/uploads\/2023\/12\/WhatsApp-Image-2023-12-04-at-13.51.17-1024x683.jpeg 1024w, https:\/\/corrientesdetarde.com\/wp-content\/uploads\/2023\/12\/WhatsApp-Image-2023-12-04-at-13.51.17-300x200.jpeg 300w, https:\/\/corrientesdetarde.com\/wp-content\/uploads\/2023\/12\/WhatsApp-Image-2023-12-04-at-13.51.17-768x512.jpeg 768w, https:\/\/corrientesdetarde.com\/wp-content\/uploads\/2023\/12\/WhatsApp-Image-2023-12-04-at-13.51.17-1536x1024.jpeg 1536w, https:\/\/corrientesdetarde.com\/wp-content\/uploads\/2023\/12\/WhatsApp-Image-2023-12-04-at-13.51.17.jpeg 1599w\" sizes=\"auto, (max-width: 1024px) 100vw, 1024px\" \/><\/figure>\n\n\n\n<figure class=\"wp-block-image size-large\"><img loading=\"lazy\" decoding=\"async\" width=\"1024\" height=\"683\" src=\"https:\/\/corrientesdetarde.com\/wp-content\/uploads\/2023\/12\/WhatsApp-Image-2023-12-04-at-13.51.16-1-1024x683.jpeg\" alt=\"\" class=\"wp-image-107440\" srcset=\"https:\/\/corrientesdetarde.com\/wp-content\/uploads\/2023\/12\/WhatsApp-Image-2023-12-04-at-13.51.16-1-1024x683.jpeg 1024w, https:\/\/corrientesdetarde.com\/wp-content\/uploads\/2023\/12\/WhatsApp-Image-2023-12-04-at-13.51.16-1-300x200.jpeg 300w, https:\/\/corrientesdetarde.com\/wp-content\/uploads\/2023\/12\/WhatsApp-Image-2023-12-04-at-13.51.16-1-768x512.jpeg 768w, https:\/\/corrientesdetarde.com\/wp-content\/uploads\/2023\/12\/WhatsApp-Image-2023-12-04-at-13.51.16-1-1536x1024.jpeg 1536w, https:\/\/corrientesdetarde.com\/wp-content\/uploads\/2023\/12\/WhatsApp-Image-2023-12-04-at-13.51.16-1.jpeg 1599w\" sizes=\"auto, (max-width: 1024px) 100vw, 1024px\" \/><\/figure>\n\n\n\n<figure class=\"wp-block-image size-large\"><img loading=\"lazy\" decoding=\"async\" width=\"1024\" height=\"683\" src=\"https:\/\/corrientesdetarde.com\/wp-content\/uploads\/2023\/12\/WhatsApp-Image-2023-12-04-at-13.51.16-1024x683.jpeg\" alt=\"\" class=\"wp-image-107442\" srcset=\"https:\/\/corrientesdetarde.com\/wp-content\/uploads\/2023\/12\/WhatsApp-Image-2023-12-04-at-13.51.16-1024x683.jpeg 1024w, https:\/\/corrientesdetarde.com\/wp-content\/uploads\/2023\/12\/WhatsApp-Image-2023-12-04-at-13.51.16-300x200.jpeg 300w, https:\/\/corrientesdetarde.com\/wp-content\/uploads\/2023\/12\/WhatsApp-Image-2023-12-04-at-13.51.16-768x512.jpeg 768w, https:\/\/corrientesdetarde.com\/wp-content\/uploads\/2023\/12\/WhatsApp-Image-2023-12-04-at-13.51.16-1536x1024.jpeg 1536w, https:\/\/corrientesdetarde.com\/wp-content\/uploads\/2023\/12\/WhatsApp-Image-2023-12-04-at-13.51.16.jpeg 1599w\" sizes=\"auto, (max-width: 1024px) 100vw, 1024px\" \/><\/figure>\n","protected":false},"excerpt":{"rendered":"<p>CECOAL: &#8220;50 a\u00f1os al servicio de la Naturaleza&#8221; El vicegobernador de la provincia, Dr. Pedro Braillard Poccard, encabez\u00f3 junto a la Secretaria General de Ciencia y T\u00e9cnica de la UNNE,&hellip; <\/p>\n","protected":false},"author":8,"featured_media":107441,"comment_status":"closed","ping_status":"open","sticky":false,"template":"","format":"standard","meta":{"footnotes":""},"categories":[8],"tags":[],"class_list":["post-107438","post","type-post","status-publish","format-standard","has-post-thumbnail","hentry","category-locales"],"_links":{"self":[{"href":"https:\/\/corrientesdetarde.com\/index.php\/wp-json\/wp\/v2\/posts\/107438","targetHints":{"allow":["GET"]}}],"collection":[{"href":"https:\/\/corrientesdetarde.com\/index.php\/wp-json\/wp\/v2\/posts"}],"about":[{"href":"https:\/\/corrientesdetarde.com\/index.php\/wp-json\/wp\/v2\/types\/post"}],"author":[{"embeddable":true,"href":"https:\/\/corrientesdetarde.com\/index.php\/wp-json\/wp\/v2\/users\/8"}],"replies":[{"embeddable":true,"href":"https:\/\/corrientesdetarde.com\/index.php\/wp-json\/wp\/v2\/comments?post=107438"}],"version-history":[{"count":1,"href":"https:\/\/corrientesdetarde.com\/index.php\/wp-json\/wp\/v2\/posts\/107438\/revisions"}],"predecessor-version":[{"id":107443,"href":"https:\/\/corrientesdetarde.com\/index.php\/wp-json\/wp\/v2\/posts\/107438\/revisions\/107443"}],"wp:featuredmedia":[{"embeddable":true,"href":"https:\/\/corrientesdetarde.com\/index.php\/wp-json\/wp\/v2\/media\/107441"}],"wp:attachment":[{"href":"https:\/\/corrientesdetarde.com\/index.php\/wp-json\/wp\/v2\/media?parent=107438"}],"wp:term":[{"taxonomy":"category","embeddable":true,"href":"https:\/\/corrientesdetarde.com\/index.php\/wp-json\/wp\/v2\/categories?post=107438"},{"taxonomy":"post_tag","embeddable":true,"href":"https:\/\/corrientesdetarde.com\/index.php\/wp-json\/wp\/v2\/tags?post=107438"}],"curies":[{"name":"wp","href":"https:\/\/api.w.org\/{rel}","templated":true}]}}