{"id":107451,"date":"2023-12-04T14:55:04","date_gmt":"2023-12-04T17:55:04","guid":{"rendered":"https:\/\/corrientesdetarde.com\/?p=107451"},"modified":"2023-12-04T14:57:52","modified_gmt":"2023-12-04T17:57:52","slug":"valdes-entrego-749-notebooks-y-garantizo-el-compromiso-de-apostar-a-la-educacion-publica","status":"publish","type":"post","link":"https:\/\/corrientesdetarde.com\/index.php\/destacados\/valdes-entrego-749-notebooks-y-garantizo-el-compromiso-de-apostar-a-la-educacion-publica\/","title":{"rendered":"Vald\u00e9s entreg\u00f3 749 Notebooks y garantiz\u00f3 el compromiso de apostar a la educaci\u00f3n p\u00fablica"},"content":{"rendered":"\n<p>Este lunes, 749 alumnos de distintos establecimientos secundarios de la Capital y zonas aleda\u00f1as recibieron notebooks del programa provincial \u201cIncluir Futuro\u201d. El acto fue presidido por el gobernador Gustavo Vald\u00e9s, quien ratific\u00f3 su compromiso con la educaci\u00f3n p\u00fablica en la provincia.<\/p>\n\n\n\n<p>El acto tuvo lugar en el CEF N\u00b01 donde se apuntal\u00f3 la importancia de dotar a los j\u00f3venes de esta herramienta fundamental que fomenta el conocimiento y la inclusi\u00f3n. De esta manera, se mantiene firme el objetivo de reducir la brecha digital y promover la igualdad educativa.<\/p>\n\n\n\n<p>Al dirigirse a los presentes, Vald\u00e9s dio cuenta, inicialmente, que el programa Incluir Futuro, m\u00e1s all\u00e1 de la entrega de las notebooks, consiste en &#8220;incluir al alumno en lo que se viene, y en la manera en c\u00f3mo transmitimos los contenidos espec\u00edficos para Corrientes&#8221;.<\/p>\n\n\n\n<p>En este marco, el gobernador recalc\u00f3 que, a trav\u00e9s de las plataformas de CorrientesPlay o EducaPlay, &#8220;podemos, por ejemplo,&nbsp; saber que nos vamos a convertir en uno o dos a\u00f1os en la principal generadora de biomasa&#8221;, ya que &#8220;salimos a generar el contenido necesario que educar a los alumnos sobre los temas de nuestra provincia&#8221;.&#8221;Este es el verdadero valor de Incluir Futuro: el conocimiento que estamos&nbsp;imprimiendo&nbsp;en nuestros alumnos&#8221;, ya que &#8220;la escuela&nbsp;p\u00fablica&nbsp;es el verdadero motor y&nbsp;generaci\u00f3n&nbsp;de conocimiento para las futuras generaciones&#8221;, a\u00f1adi\u00f3 el mismo mandatario.<\/p>\n\n\n\n<p>Por otra parte, Vald\u00e9s, adem\u00e1s, consider\u00f3 que los&nbsp;j\u00f3venes que logren acortar la brecha&nbsp;digital, tener acceso al&nbsp;conocimiento&nbsp;del mundo, y aprender a programar utilizando una computadora &#8220;tendr\u00e1n un futuro mejor&#8221;. &#8220;Todo lo que nosotros como&nbsp;padres&nbsp;podamos poner en el conocimiento de nuestros hijos ser\u00e1 un activo que vamos a tener para el futuro, para que ellos tengan la posibilidad de&nbsp;insertarse as\u00ed en el mundo&#8221;, agreg\u00f3 el mandatario, a modo de cierre.<\/p>\n\n\n\n<p><strong>Palabras de la Ministra<\/strong><\/p>\n\n\n\n<p>La titular de la cartera educativa, licenciada Pr\u00e1xedes L\u00f3pez expres\u00f3 su satisfacci\u00f3n por \u201ccumplir con uno de los objetivos de este a\u00f1o que nos encomend\u00f3 el gobernador de la provincia de entregar las computadoras y reci\u00e9n me dec\u00eda que no detenga la entrega para primer a\u00f1o de Capital, as\u00ed que tenemos una gran tarea para la semana que viene antes de terminar las clases\u201d y manifest\u00f3 su deseo que \u201csea realmente una herramienta valios\u00edsima para ustedes y esa puerta de acceso al conocimiento, a la innovaci\u00f3n a la trayectoria y esos contenidos que este programa brinda por iniciativa del gobierno de Corrientes para que sigan estudiando y capacit\u00e1ndose\u201d felicitando a todos los involucrados en el proceso educativo y augurando un fin de a\u00f1o excelente a los alumnos e inst\u00e1ndolos a seguir estudiando.<\/p>\n\n\n\n<p><strong>Presencias<\/strong><\/p>\n\n\n\n<p>Acompa\u00f1aron al Gobernador los ministros de Educaci\u00f3n, Praxedes L\u00f3pez, de Ciencia y Tecnolog\u00eda, Jorge G\u00f3mez, de Hacienda, Marcelo Piasentini, de Obras P\u00fablicas, Claudio Polich, de Seguridad, Buenaventura Duarte, de Turismo, Alejandra Eliciri, de Coordinaci\u00f3n, Miguel Olivieri, de Industria, Mariel Gabur, de Justicia, Juan Jos\u00e9 Desimoni, el viceintendente de la ciudad, Emilio Lanari, legisladores provinciales, secretarios y subsecretarios.<\/p>\n\n\n\n<figure class=\"wp-block-image size-large\"><img loading=\"lazy\" decoding=\"async\" width=\"1024\" height=\"676\" src=\"https:\/\/corrientesdetarde.com\/wp-content\/uploads\/2023\/12\/image-32-1024x676.png\" alt=\"\" class=\"wp-image-107454\" srcset=\"https:\/\/corrientesdetarde.com\/wp-content\/uploads\/2023\/12\/image-32-1024x676.png 1024w, https:\/\/corrientesdetarde.com\/wp-content\/uploads\/2023\/12\/image-32-300x198.png 300w, https:\/\/corrientesdetarde.com\/wp-content\/uploads\/2023\/12\/image-32-768x507.png 768w, https:\/\/corrientesdetarde.com\/wp-content\/uploads\/2023\/12\/image-32.png 1455w\" sizes=\"auto, (max-width: 1024px) 100vw, 1024px\" \/><\/figure>\n\n\n\n<figure class=\"wp-block-image size-large\"><img loading=\"lazy\" decoding=\"async\" width=\"1024\" height=\"769\" src=\"https:\/\/corrientesdetarde.com\/wp-content\/uploads\/2023\/12\/image-33-1024x769.png\" alt=\"\" class=\"wp-image-107455\" srcset=\"https:\/\/corrientesdetarde.com\/wp-content\/uploads\/2023\/12\/image-33-1024x769.png 1024w, https:\/\/corrientesdetarde.com\/wp-content\/uploads\/2023\/12\/image-33-300x225.png 300w, https:\/\/corrientesdetarde.com\/wp-content\/uploads\/2023\/12\/image-33-768x577.png 768w, https:\/\/corrientesdetarde.com\/wp-content\/uploads\/2023\/12\/image-33.png 1058w\" sizes=\"auto, (max-width: 1024px) 100vw, 1024px\" \/><\/figure>\n","protected":false},"excerpt":{"rendered":"<p>Este lunes, 749 alumnos de distintos establecimientos secundarios de la Capital y zonas aleda\u00f1as recibieron notebooks del programa provincial \u201cIncluir Futuro\u201d. El acto fue presidido por el gobernador Gustavo Vald\u00e9s,&hellip; <\/p>\n","protected":false},"author":8,"featured_media":107452,"comment_status":"closed","ping_status":"open","sticky":false,"template":"","format":"standard","meta":{"footnotes":""},"categories":[26,32],"tags":[],"class_list":["post-107451","post","type-post","status-publish","format-standard","has-post-thumbnail","hentry","category-destacados","category-educacion"],"_links":{"self":[{"href":"https:\/\/corrientesdetarde.com\/index.php\/wp-json\/wp\/v2\/posts\/107451","targetHints":{"allow":["GET"]}}],"collection":[{"href":"https:\/\/corrientesdetarde.com\/index.php\/wp-json\/wp\/v2\/posts"}],"about":[{"href":"https:\/\/corrientesdetarde.com\/index.php\/wp-json\/wp\/v2\/types\/post"}],"author":[{"embeddable":true,"href":"https:\/\/corrientesdetarde.com\/index.php\/wp-json\/wp\/v2\/users\/8"}],"replies":[{"embeddable":true,"href":"https:\/\/corrientesdetarde.com\/index.php\/wp-json\/wp\/v2\/comments?post=107451"}],"version-history":[{"count":1,"href":"https:\/\/corrientesdetarde.com\/index.php\/wp-json\/wp\/v2\/posts\/107451\/revisions"}],"predecessor-version":[{"id":107456,"href":"https:\/\/corrientesdetarde.com\/index.php\/wp-json\/wp\/v2\/posts\/107451\/revisions\/107456"}],"wp:featuredmedia":[{"embeddable":true,"href":"https:\/\/corrientesdetarde.com\/index.php\/wp-json\/wp\/v2\/media\/107452"}],"wp:attachment":[{"href":"https:\/\/corrientesdetarde.com\/index.php\/wp-json\/wp\/v2\/media?parent=107451"}],"wp:term":[{"taxonomy":"category","embeddable":true,"href":"https:\/\/corrientesdetarde.com\/index.php\/wp-json\/wp\/v2\/categories?post=107451"},{"taxonomy":"post_tag","embeddable":true,"href":"https:\/\/corrientesdetarde.com\/index.php\/wp-json\/wp\/v2\/tags?post=107451"}],"curies":[{"name":"wp","href":"https:\/\/api.w.org\/{rel}","templated":true}]}}