{"id":10756,"date":"2022-10-13T07:05:55","date_gmt":"2022-10-13T10:05:55","guid":{"rendered":"https:\/\/corrientesdetarde.com\/?p=10756"},"modified":"2022-10-13T07:05:58","modified_gmt":"2022-10-13T10:05:58","slug":"mica-viciconte-amenazo-con-abandonar-el-programa-de-ariel-rodriguez-palacios-el-insolito-motivo","status":"publish","type":"post","link":"https:\/\/corrientesdetarde.com\/index.php\/espectaculos\/mica-viciconte-amenazo-con-abandonar-el-programa-de-ariel-rodriguez-palacios-el-insolito-motivo\/","title":{"rendered":"<strong>Mica Viciconte amenaz\u00f3 con abandonar el programa de Ariel Rodr\u00edguez Palacios: el ins\u00f3lito motivo<\/strong>"},"content":{"rendered":"\n<p>La panelista entr\u00f3 en p\u00e1nico por la aparici\u00f3n de un bichito que entr\u00f3 en el estudio donde realizan el programa de las ma\u00f1anas de Telefe<\/p>\n\n\n\n<p><strong>Mica Viciconte<\/strong>&nbsp;sorprendi\u00f3 a todos con un peculiar comentario en vivo de&nbsp;<strong><em>Ariel en su salsa&nbsp;<\/em><\/strong>(Telefe), donde ella se desempe\u00f1a como panelista. Todo comenz\u00f3 cuando Ariel Rodr\u00edguez Palacios cocinaba una tarta de pera, cuando de pronto, la pareja de Fabi\u00e1n Cubero amenaz\u00f3 con abandonar el estudio por un curioso motivo: la presencia de una abeja.<\/p>\n\n\n\n<p><strong>\u201c\u00a1Voy a llorar! Entr\u00e9 en p\u00e1nico, estoy a un paso de irme a la mierda\u201d,<\/strong>&nbsp;comenz\u00f3 diciendo Mica al ver al insecto que hab\u00eda ingresado. \u201c\u00bfQu\u00e9 pas\u00f3, me perd\u00ed?\u201d, pregunt\u00f3 Rodr\u00edguez Palacios mientras se acercaba al lugar donde est\u00e1n Viciconte y Nicolas Perata. \u201cYo te explico, Ari. Hay un animalito volando y ella le tiene fobia\u201d, cont\u00f3 el periodista de espect\u00e1culos.<\/p>\n\n\n\n<p>Y ella sum\u00f3 aterrorizada: \u201cNunca me pic\u00f3 una abeja, pero le tengo fobia desde chica. A Fabi\u00e1n le pic\u00f3 una abeja pero yo no me puedo ni acercar. No s\u00e9 si le tengo alergia pero me dan p\u00e1nico. Si ven que me voy, solo sepan que fue por ese motivo\u201d.<\/p>\n\n\n\n<p>\u201cSi llega a venir a atacarte me pongo delante tuyo y te protejo,<strong>&nbsp;soy tu escudo humano\u201d<\/strong>, dijo Peralta mientras ella no paraba de temblar de los nervios. \u201cSi se acerca, me voy y no acepto jodas con eso\u201d, respondi\u00f3 Viciconte.<\/p>\n\n\n\n<p>\u201cLe tengo terror desde siempre. Una vez, en Combate hab\u00eda un juego que estaba por arrancar pero apareci\u00f3 una abeja y me levant\u00e9 y me fui sin jugar. No lo puedo controlar, es m\u00e1s fuerte que yo el p\u00e1nico. No s\u00e9 de d\u00f3nde viene, es un miedo que traigo de chiquita\u201d, explic\u00f3 Mica Viciconte en una conversaci\u00f3n conrevista&nbsp;<em>Pronto.<\/em><\/p>\n\n\n\n<p>Sobre la consulta de si alguna vez le pic\u00f3 una abeja, detall\u00f3 dando por finalizado el asunto:&nbsp;<strong>\u201cNo, nunca pero s\u00ed vi c\u00f3mo le picaron a familiares m\u00edos y a amigos. No lo puedo controlar, me largo a llorar\u201d.<\/strong><\/p>\n\n\n\n<p><strong>D\u00edas atr\u00e1s,&nbsp;<\/strong>el exfutbolista hab\u00eda sido uno de los eliminados de&nbsp;<strong><em>\u00bfQui\u00e9n es la m\u00e1scara?<\/em><\/strong>, el programa en donde diversas personalidades se esconden bajo distintos personajes y los investigadores deben adivinar su identidad. Al ser descubierto, confirm\u00f3 que solo Mica sab\u00eda sobre su incursi\u00f3n en el ciclo de&nbsp;<strong>Telefe<\/strong>: \u201cEn mi casa no sab\u00eda nadie, solo ella m\u00e1s que nada porque desaparezco tres o cuatro horas, pero las nenas (<strong>Allegra, Sienna&nbsp;<\/strong>e&nbsp;<strong>Indiana<\/strong>&nbsp;sus hijas con&nbsp;<strong>Nicole Neumann<\/strong>) no saben, lo van a ver ahora. Fue una experiencia nueva, con todo escondido, ven\u00eda en un remis con la m\u00e1scara puesta para que nadie viera\u201d.<\/p>\n\n\n\n<p>En tanto, en julio Mica y Fabi\u00e1n hab\u00edan debatido en vivo sobre la&nbsp;posibilidad de tener otro hijo. En esa ocasi\u00f3n, Viciconte aprovech\u00f3 la oportunidad para destacar que tanto Cubero como Rodr\u00edguez Palacios tienen cuatro hijos:.&nbsp;<strong>\u201c\u00bfVas a desempatar? \u00bfSe viene el quinto?\u201d<\/strong>, le pregunt\u00f3 el conductor a su invitado especial sobre la posibilidad de seguir agrandando su familia con Mica.<\/p>\n\n\n\n<p>De inmediato, el ex V\u00e9lez frunci\u00f3 el se\u00f1o haciendo un gesto m\u00e1s negativo que afirmativo. Lo que gener\u00f3 una r\u00e1pida reacci\u00f3n de su pareja, quien&nbsp;ha manifestado p\u00fablicamente que en un futuro le gustar\u00eda tener otro beb\u00e9.&nbsp;<strong>\u201cPens\u00e1 bien lo que vas a decir. No me expongas\u201d<\/strong>, le advirti\u00f3. Ambos coincidieron que \u201cahora no\u201d. \u201cNo, hoy no. En un futuro&#8230; -balbuce\u00f3 Cubero-.<strong>&nbsp;Tenemos cuatro hijos m\u00e1s dos perras, as\u00ed que&#8230;<\/strong>\u201d, asegur\u00f3, dejando la frase inconclusa y resaltando los integrantes de su familia. \u201c<strong>Y bueno, donde hay seis&#8230; uno m\u00e1s: siete. Por eso<\/strong>\u201d, sintetiz\u00f3 Mica.<\/p>\n\n\n\n<p>Por otra parte, hab\u00eda hablado sobre los primeros tiempos como madre primeriza: \u201cLos primeros 15 d\u00edas fueron ca\u00f3ticos, ten\u00eda muchos miedos. Ven\u00eda muy dolorida, y no dejaba que nadie lo toque. Despu\u00e9s me di cuenta que no estaba bien, ni para \u00e9l ni para m\u00ed. Yo estaba sacada. Me daba miedo no escucharlo, le tocaba el pulso, miraba si respiraba. Lo sigo haciendo, pero lo vas conociendo. Despu\u00e9s, ya me relaj\u00e9\u201d.<\/p>\n","protected":false},"excerpt":{"rendered":"<p>La panelista entr\u00f3 en p\u00e1nico por la aparici\u00f3n de un bichito que entr\u00f3 en el estudio donde realizan el programa de las ma\u00f1anas de Telefe Mica Viciconte&nbsp;sorprendi\u00f3 a todos con&hellip; <\/p>\n","protected":false},"author":7,"featured_media":10757,"comment_status":"closed","ping_status":"open","sticky":false,"template":"","format":"standard","meta":{"footnotes":""},"categories":[19],"tags":[],"class_list":["post-10756","post","type-post","status-publish","format-standard","has-post-thumbnail","hentry","category-espectaculos"],"_links":{"self":[{"href":"https:\/\/corrientesdetarde.com\/index.php\/wp-json\/wp\/v2\/posts\/10756","targetHints":{"allow":["GET"]}}],"collection":[{"href":"https:\/\/corrientesdetarde.com\/index.php\/wp-json\/wp\/v2\/posts"}],"about":[{"href":"https:\/\/corrientesdetarde.com\/index.php\/wp-json\/wp\/v2\/types\/post"}],"author":[{"embeddable":true,"href":"https:\/\/corrientesdetarde.com\/index.php\/wp-json\/wp\/v2\/users\/7"}],"replies":[{"embeddable":true,"href":"https:\/\/corrientesdetarde.com\/index.php\/wp-json\/wp\/v2\/comments?post=10756"}],"version-history":[{"count":1,"href":"https:\/\/corrientesdetarde.com\/index.php\/wp-json\/wp\/v2\/posts\/10756\/revisions"}],"predecessor-version":[{"id":10758,"href":"https:\/\/corrientesdetarde.com\/index.php\/wp-json\/wp\/v2\/posts\/10756\/revisions\/10758"}],"wp:featuredmedia":[{"embeddable":true,"href":"https:\/\/corrientesdetarde.com\/index.php\/wp-json\/wp\/v2\/media\/10757"}],"wp:attachment":[{"href":"https:\/\/corrientesdetarde.com\/index.php\/wp-json\/wp\/v2\/media?parent=10756"}],"wp:term":[{"taxonomy":"category","embeddable":true,"href":"https:\/\/corrientesdetarde.com\/index.php\/wp-json\/wp\/v2\/categories?post=10756"},{"taxonomy":"post_tag","embeddable":true,"href":"https:\/\/corrientesdetarde.com\/index.php\/wp-json\/wp\/v2\/tags?post=10756"}],"curies":[{"name":"wp","href":"https:\/\/api.w.org\/{rel}","templated":true}]}}