{"id":10759,"date":"2022-10-13T08:35:23","date_gmt":"2022-10-13T11:35:23","guid":{"rendered":"https:\/\/corrientesdetarde.com\/?p=10759"},"modified":"2022-10-13T08:35:26","modified_gmt":"2022-10-13T11:35:26","slug":"sigue-el-paro-de-colectivos-en-corrientes-por-reclamos-salariales-de-los-choferes","status":"publish","type":"post","link":"https:\/\/corrientesdetarde.com\/index.php\/locales\/sigue-el-paro-de-colectivos-en-corrientes-por-reclamos-salariales-de-los-choferes\/","title":{"rendered":"Sigue el paro de colectivos en Corrientes por reclamos salariales de los choferes"},"content":{"rendered":"\n<p>Los trabajadores del volante de todo el interior del pa\u00eds buscan cobrar lo mismo que sus compa\u00f1eros de Buenos Aires. Este jueves es el segundo d\u00eda de las medidas de fuerza anunciadas.<\/p>\n\n\n\n<p>Este jueves se desarrolla el segundo d\u00eda del paro de los colectiveros del interior del pa\u00eds y Corrientes sigue sufriendo los efectos. Durante el inicio de la ma\u00f1ana los trabajadores y estudiantes tuvieron que rebusc\u00e1rselas para trasladarse.<\/p>\n\n\n\n<p>Es que los colectiveros de Corrientes mantienen un paro de 48 horas buscando mejoras salariales. Exigen que la paritaria firmada para los de Buenos Aires se mantenga en todo el interior del pa\u00eds.<\/p>\n\n\n\n<p>El titular de la UTA Corrientes, Alejandro Quintana coment\u00f3 que convocaron al paro porque en exigen mejoras salariales. Tambi\u00e9n denuncian la disparidad en el reparto de los subsidios entre Buenos Aires y el Interior.<\/p>\n\n\n\n<p>Con el sueldo del mes de octubre un chofer que comienza a trabajar cobrar\u00e1 entre 150 mil y 165 mil pesos. En tanto que al siguiente esa cifra se elevar\u00e1 a 200 mil.<\/p>\n\n\n\n<p>&#8220;Queremos cobrar lo mismo porque hacemos el mismo trabajo&#8221;, dijo. Se esperan reuniones para intentar destrabar el conflicto durante este mi\u00e9rcoles.<\/p>\n\n\n\n<p>&#8220;Si no hay una propuesta completa tendremos un zoom para decidir los pasos a seguir, no descartan extender el paro&#8221;, asegur\u00f3 Quintana.&nbsp;<\/p>\n\n\n\n<p>&#8220;Nosotros tenemos relaci\u00f3n de dependencia con las empresa y los subsidios est\u00e1n para que los pasajes no se escapen y sean todav\u00eda m\u00e1s caros pero hay lugares donde ya pueden costar m\u00e1s de 100 pesos&#8221;, manifest\u00f3 el gremialista.&nbsp;<\/p>\n\n\n\n<p>Por otra parte, el colectivero dio a conocer que un coche en Corrientes est\u00e1 subsidiado por 320 mil pesos mientras que en Buenos Aires es de 1.200.000. &#8220;Hay una asimetr\u00eda que cada vez se hizo m\u00e1s ostencible&#8221;, denunci\u00f3.<\/p>\n\n\n\n<p>El viernes volver\u00eda a normalizarse el servicio y se desarrollar\u00eda una reuni\u00f3n clave para ver si se destraba el conflicto. Porque en caso de no obtener las respuestas esperadas, el paro podr\u00eda volver a convocarse en las pr\u00f3ximas semanas.<\/p>\n","protected":false},"excerpt":{"rendered":"<p>Los trabajadores del volante de todo el interior del pa\u00eds buscan cobrar lo mismo que sus compa\u00f1eros de Buenos Aires. Este jueves es el segundo d\u00eda de las medidas de&hellip; <\/p>\n","protected":false},"author":4,"featured_media":10764,"comment_status":"closed","ping_status":"open","sticky":false,"template":"","format":"standard","meta":{"footnotes":""},"categories":[8],"tags":[],"class_list":["post-10759","post","type-post","status-publish","format-standard","has-post-thumbnail","hentry","category-locales"],"_links":{"self":[{"href":"https:\/\/corrientesdetarde.com\/index.php\/wp-json\/wp\/v2\/posts\/10759","targetHints":{"allow":["GET"]}}],"collection":[{"href":"https:\/\/corrientesdetarde.com\/index.php\/wp-json\/wp\/v2\/posts"}],"about":[{"href":"https:\/\/corrientesdetarde.com\/index.php\/wp-json\/wp\/v2\/types\/post"}],"author":[{"embeddable":true,"href":"https:\/\/corrientesdetarde.com\/index.php\/wp-json\/wp\/v2\/users\/4"}],"replies":[{"embeddable":true,"href":"https:\/\/corrientesdetarde.com\/index.php\/wp-json\/wp\/v2\/comments?post=10759"}],"version-history":[{"count":1,"href":"https:\/\/corrientesdetarde.com\/index.php\/wp-json\/wp\/v2\/posts\/10759\/revisions"}],"predecessor-version":[{"id":10765,"href":"https:\/\/corrientesdetarde.com\/index.php\/wp-json\/wp\/v2\/posts\/10759\/revisions\/10765"}],"wp:featuredmedia":[{"embeddable":true,"href":"https:\/\/corrientesdetarde.com\/index.php\/wp-json\/wp\/v2\/media\/10764"}],"wp:attachment":[{"href":"https:\/\/corrientesdetarde.com\/index.php\/wp-json\/wp\/v2\/media?parent=10759"}],"wp:term":[{"taxonomy":"category","embeddable":true,"href":"https:\/\/corrientesdetarde.com\/index.php\/wp-json\/wp\/v2\/categories?post=10759"},{"taxonomy":"post_tag","embeddable":true,"href":"https:\/\/corrientesdetarde.com\/index.php\/wp-json\/wp\/v2\/tags?post=10759"}],"curies":[{"name":"wp","href":"https:\/\/api.w.org\/{rel}","templated":true}]}}