{"id":10763,"date":"2022-10-13T08:39:56","date_gmt":"2022-10-13T11:39:56","guid":{"rendered":"https:\/\/corrientesdetarde.com\/?p=10763"},"modified":"2022-10-13T08:39:59","modified_gmt":"2022-10-13T11:39:59","slug":"muralla-china-estamos-muy-cerca-de-abrir-la-exportacion-dijo-la-ministra-de-industria-de-corrientes","status":"publish","type":"post","link":"https:\/\/corrientesdetarde.com\/index.php\/locales\/muralla-china-estamos-muy-cerca-de-abrir-la-exportacion-dijo-la-ministra-de-industria-de-corrientes\/","title":{"rendered":"Muralla china: &#8220;Estamos muy cerca de abrir la exportaci\u00f3n&#8221;, dijo la Ministra de Industria de Corrientes"},"content":{"rendered":"\n<p>Tras una reuni\u00f3n que mantuvo con la titular de SENASA. Desde la Provincia buscan agilizar los tr\u00e1mites que permitan el funcionamiento de la planta instalada en Riachuelo y que emplea a 100 personas. Esperan la habilitaci\u00f3n desde el 2019.<\/p>\n\n\n\n<p>Mariel Gabur, ministra de Industria, Trabajo y Comercio de Corrientes, se reuni\u00f3 en las \u00faltimas horas con la titular del SENASA para avanzar con la habilitaci\u00f3n para exportar que necesita el frigor\u00edfico Muralla China.<\/p>\n\n\n\n<p>La empresa de capitales extranjeros e instalada en Riachuelo, aguarda desde el 2020 por la habilitaci\u00f3n del SENASA para poder abrirse al mercado internacional, tal como estaba previsto en sus planes de origen.<\/p>\n\n\n\n<p>A la fecha, la planta realiza una faena m\u00ednima pero aguarda la luz verde para la cuota de exportaci\u00f3n.<\/p>\n\n\n\n<p>Los tr\u00e1mites burocr\u00e1ticos dilatados a\u00fan m\u00e1s por la pandemia, postergan hasta la fecha un aspecto crucial de la f\u00e1brica que emplea a m\u00e1s de 100 personas.<\/p>\n\n\n\n<p>&#8220;Necesitamos de los organismos nacionales para que la industria funcione. Estas cuestiones siempre se dan, pero no dejamos de gestionar y donde encontramos una mano tendida siempre vamos a estar&#8221;, dijo Gabur tras su primer encuentro con Diana Guill\u00e9n.<\/p>\n\n\n\n<p>&#8220;El frigor\u00edfico es una fuente de trabajo del que dependen muchas personas a diario, por eso acompa\u00f1amos a los empresarios&#8221;, dijo la Ministra quien se mostr\u00f3 optimista respecto al resultado de la reuni\u00f3n con la titular de SENASA.<\/p>\n\n\n\n<p>&#8220;Hay muy buena voluntad de acompa\u00f1ar y buscar la forma de que esto se habilite, al menos para mercados que son m\u00e1s f\u00e1ciles&#8221;, se\u00f1al\u00f3 en detrimento de los requisitos de la Uni\u00f3n Europea.<\/p>\n\n\n\n<p>&#8220;Ellos est\u00e1n dispuestos a flexibilizar todo lo que se pueda para que se reactive el frigor\u00edfico, siempre dentro de las normas para cuidar la calidad&#8221;, dijo.<\/p>\n\n\n\n<p>&#8220;Estamos muy cerca a que se pueda abrir parte de la exportaci\u00f3n&#8221;, concluy\u00f3 Gabur.<\/p>\n","protected":false},"excerpt":{"rendered":"<p>Tras una reuni\u00f3n que mantuvo con la titular de SENASA. Desde la Provincia buscan agilizar los tr\u00e1mites que permitan el funcionamiento de la planta instalada en Riachuelo y que emplea&hellip; <\/p>\n","protected":false},"author":4,"featured_media":10766,"comment_status":"closed","ping_status":"open","sticky":false,"template":"","format":"standard","meta":{"footnotes":""},"categories":[8],"tags":[],"class_list":["post-10763","post","type-post","status-publish","format-standard","has-post-thumbnail","hentry","category-locales"],"_links":{"self":[{"href":"https:\/\/corrientesdetarde.com\/index.php\/wp-json\/wp\/v2\/posts\/10763","targetHints":{"allow":["GET"]}}],"collection":[{"href":"https:\/\/corrientesdetarde.com\/index.php\/wp-json\/wp\/v2\/posts"}],"about":[{"href":"https:\/\/corrientesdetarde.com\/index.php\/wp-json\/wp\/v2\/types\/post"}],"author":[{"embeddable":true,"href":"https:\/\/corrientesdetarde.com\/index.php\/wp-json\/wp\/v2\/users\/4"}],"replies":[{"embeddable":true,"href":"https:\/\/corrientesdetarde.com\/index.php\/wp-json\/wp\/v2\/comments?post=10763"}],"version-history":[{"count":1,"href":"https:\/\/corrientesdetarde.com\/index.php\/wp-json\/wp\/v2\/posts\/10763\/revisions"}],"predecessor-version":[{"id":10767,"href":"https:\/\/corrientesdetarde.com\/index.php\/wp-json\/wp\/v2\/posts\/10763\/revisions\/10767"}],"wp:featuredmedia":[{"embeddable":true,"href":"https:\/\/corrientesdetarde.com\/index.php\/wp-json\/wp\/v2\/media\/10766"}],"wp:attachment":[{"href":"https:\/\/corrientesdetarde.com\/index.php\/wp-json\/wp\/v2\/media?parent=10763"}],"wp:term":[{"taxonomy":"category","embeddable":true,"href":"https:\/\/corrientesdetarde.com\/index.php\/wp-json\/wp\/v2\/categories?post=10763"},{"taxonomy":"post_tag","embeddable":true,"href":"https:\/\/corrientesdetarde.com\/index.php\/wp-json\/wp\/v2\/tags?post=10763"}],"curies":[{"name":"wp","href":"https:\/\/api.w.org\/{rel}","templated":true}]}}