{"id":10768,"date":"2022-10-13T08:50:07","date_gmt":"2022-10-13T11:50:07","guid":{"rendered":"https:\/\/corrientesdetarde.com\/?p=10768"},"modified":"2022-10-13T08:50:12","modified_gmt":"2022-10-13T11:50:12","slug":"alberto-fernandez-le-toma-juramento-a-las-nuevas-ministras","status":"publish","type":"post","link":"https:\/\/corrientesdetarde.com\/index.php\/informacion-general\/alberto-fernandez-le-toma-juramento-a-las-nuevas-ministras\/","title":{"rendered":"Alberto Fern\u00e1ndez le toma juramento a las nuevas ministras"},"content":{"rendered":"\n<p>Victoria Tolosa Paz, Raquel &#8220;Kelly&#8221; Kismer de Olmos y Ayel\u00e9n Mazzina asumir\u00e1n en reemplazo de Juan Zabaleta, Claudio Moroni y Elizabeth G\u00f3mez Alcorta.<\/p>\n\n\n\n<p>El presidente Alberto Fern\u00e1ndez le tomar\u00e1 este jueves al mediod\u00eda juramento a las nuevas ministras de Desarrollo Social, Victoria Tolosa Paz; de Trabajo, Raquel &#8220;Kelly&#8221; Kismer de Olmos; y de Mujeres, G\u00e9nero y Diversidad, Ayel\u00e9n Mazzina.<\/p>\n\n\n\n<p>Seg\u00fan informaron, el acto se llevar\u00e1 a cabo en el Parque Col\u00f3n, espacio verde contiguo a la Casa Rosada, desde las 12, donde tambi\u00e9n asumir\u00e1 el cargo en el ministerio de Desarrollo Social la exdiputada Victoria Tolosa Paz.<\/p>\n\n\n\n<p>Este mi\u00e9rcoles por la tarde Fern\u00e1ndez se reuni\u00f3 con dos de las tres ministras designadas, a las que tomar\u00e1 juramento este juves al mediod\u00eda para los cargos titulares en las carteras de Mujeres, G\u00e9neros y Diversidad, Ayel\u00e9n Mazzina; y Trabajo, Raquel &#8220;Kelly&#8221; Olmos.<\/p>\n\n\n\n<p>Previo al encuentro, Mazzina agradeci\u00f3 al presidente Fern\u00e1ndez por su nombramiento al frente de esa cartera y expres\u00f3 que quiere llevar las distintas pol\u00edticas de g\u00e9nero que plasm\u00f3 en la provincia de San Luis a la Naci\u00f3n, en un acto realizado este mediod\u00eda en Terrazas del Portezuelo, la Casa de Gobierno de San Luis.<\/p>\n\n\n\n<figure class=\"wp-block-image\"><img decoding=\"async\" src=\"https:\/\/www.lt7noticias.com\/content\/bucket\/2\/34772w770h433c.jpg.webp\" alt=\"\"\/><\/figure>\n\n\n\n<p>En ese marco, Mazzina manifest\u00f3 que su nombramiento para integrar el Gabinete Nacional es un reconocimiento a las pol\u00edticas p\u00fablicas de San Luis y tiene como objetivo construir de manera colectiva con un gran trabajo interministerial.<\/p>\n\n\n\n<p>&#8220;Quiero trabajar en el Gobierno Nacional como lo hacemos en San Luis, desde la periferia al centro, abrazando a las m\u00e1s humildes, a las que est\u00e1n lejos, replicando el modelo San Luis en todo el pa\u00eds. Me siento capacitada porque tengo un equipo fuerte&#8221;, se\u00f1al\u00f3.<\/p>\n\n\n\n<p>Adem\u00e1s, destac\u00f3 que las pol\u00edticas llevadas a cabo por la secretar\u00eda a su cargo en la provincia que funcionaron, continuar\u00e1n, y las que no, se trabajar\u00e1n para fortalecerlas y enaltecerlas.<\/p>\n\n\n\n<p>Mazzina, de 32 a\u00f1os, se desempe\u00f1aba hasta ahora como secretaria de la Mujer, Diversidad e Igualdad del gobierno de la provincia de San Luis.<\/p>\n\n\n\n<p>En tanto, Fern\u00e1ndez recibi\u00f3 en Casa Rosada a la designada ministra de Trabajo para analizar y profundizar en las principales medidas que pondr\u00e1 en marcha la cartera laboral, seg\u00fan lo manifest\u00f3 Olmos en su cuenta de Twitter.<\/p>\n\n\n\n<figure class=\"wp-block-embed is-type-rich is-provider-twitter wp-block-embed-twitter\"><div class=\"wp-block-embed__wrapper\">\n<blockquote class=\"twitter-tweet\" data-width=\"550\" data-dnt=\"true\"><p lang=\"es\" dir=\"ltr\">Hoy me reun\u00ed con el presidente <a href=\"https:\/\/twitter.com\/alferdez?ref_src=twsrc%5Etfw\">@alferdez<\/a> y me ratific\u00f3 que la prioridad de nuestra gesti\u00f3n ser\u00e1 defender los puestos de trabajo y el poder adquisitivo del salario de las y los argentinos. <a href=\"https:\/\/t.co\/uHEYdYkGBy\">pic.twitter.com\/uHEYdYkGBy<\/a><\/p>&mdash; Kelly Olmos (@kellyolmos) <a href=\"https:\/\/twitter.com\/kellyolmos\/status\/1580325801907871744?ref_src=twsrc%5Etfw\">October 12, 2022<\/a><\/blockquote><script async src=\"https:\/\/platform.twitter.com\/widgets.js\" charset=\"utf-8\"><\/script>\n<\/div><\/figure>\n\n\n\n<p>&#8220;Hoy me reun\u00ed con el presidente Fern\u00e1ndez y me ratific\u00f3 que la prioridad de nuestra gesti\u00f3n ser\u00e1 defender los puestos de trabajo y el poder adquisitivo del salario de las y los argentinos&#8221;, escribi\u00f3.<\/p>\n\n\n\n<p>En declaraciones period\u00edsticas formuladas, Olmos consider\u00f3 que el principal desaf\u00edo de su administraci\u00f3n ser\u00e1 &#8220;frenar la inflaci\u00f3n sin que la variable de ajuste sean los trabajadores&#8221;, y dijo que lo que le pidi\u00f3 el Presidente es que &#8220;cuide de los puestos de trabajo y el salario de los trabajadoras de Argentina&#8221;.<\/p>\n\n\n\n<p>&#8220;Esa es mi principal misi\u00f3n&#8221;, a\u00f1adi\u00f3.<\/p>\n\n\n\n<p>Sostuvo, asimismo, que su responsabilidad desde el ministerio ser\u00e1 &#8220;estar junto a los trabajadores y sus organizaciones&#8221; porque &#8220;el tema de los ingresos es algo cr\u00edtico. Hay un sector muy golpeado que es el sector informal, que durante el macrismo perdi\u00f3 un 20% de su capacidad adquisitiva&#8221;.<\/p>\n\n\n\n<figure class=\"wp-block-image\"><img decoding=\"async\" src=\"https:\/\/www.lt7noticias.com\/content\/bucket\/1\/34771w770h433c.jpg.webp\" alt=\"\"\/><\/figure>\n\n\n\n<p>&#8220;Nuestro gobierno siempre ha intentado mantener y recuperar la capacidad adquisitiva&#8221;, se\u00f1al\u00f3 Olmos, y anticip\u00f3 que su m\u00e9todo de trabajo se basar\u00e1 en &#8220;el di\u00e1logo y el intercambio&#8221; con los distintos actores del mundo laboral.<br>Tolosa Paz asumir\u00e1 en lugar de Juan Zabaleta; Mazzina por Elizabeth G\u00f3mez Alcorta y Olmos por Claudio Moroni, los tres ministros que renunciaron durante el pasado fin de semana.<\/p>\n\n\n\n<p>Las tres funcionarias designadas comenzaron desde el martes las reuniones de transici\u00f3n en cada cartera.<\/p>\n\n\n\n<p>El saliente ministro Zabaleta y su reemplazante Tolosa Paz mantuvieron una reuni\u00f3n de trabajo con la que dieron inicio al proceso de transici\u00f3n en la gesti\u00f3n de las pol\u00edticas sociales del Gobierno, y analizaron los ejes prioritarios de las acciones impulsadas desde Desarrollo Social, con la idea de llevar adelante una &#8220;transici\u00f3n ordenada&#8221;.<\/p>\n\n\n\n<p>Por la noche, Tolosa Paz ratific\u00f3 la reuni\u00f3n a trav\u00e9s de su cuenta de Twitter: &#8220;No hay que perder un s\u00f3lo minuto, y por ese motivo nos reunimos con Juan Zabaleta en el ministerio de Desarrollo Social para llevar adelante una transici\u00f3n ordenada que nos permita continuar dando respuestas a las distintas demandas de nuestra sociedad&#8221;.<\/p>\n\n\n\n<figure class=\"wp-block-embed is-type-rich is-provider-twitter wp-block-embed-twitter\"><div class=\"wp-block-embed__wrapper\">\n<blockquote class=\"twitter-tweet\" data-width=\"550\" data-dnt=\"true\"><p lang=\"es\" dir=\"ltr\">Renuncio a mi banca de diputada nacional para asumir una enorme responsabilidad en el poder ejecutivo. Las convicciones son las mismas y el compromiso con el que asumo mi tarea pol\u00edtica y de gesti\u00f3n est\u00e1 intacto.<br>\u2b07\ufe0f <a href=\"https:\/\/t.co\/8sRJ16PYTf\">pic.twitter.com\/8sRJ16PYTf<\/a><\/p>&mdash; Victoria Tolosa Paz (@vtolosapaz) <a href=\"https:\/\/twitter.com\/vtolosapaz\/status\/1580256836909174784?ref_src=twsrc%5Etfw\">October 12, 2022<\/a><\/blockquote><script async src=\"https:\/\/platform.twitter.com\/widgets.js\" charset=\"utf-8\"><\/script>\n<\/div><\/figure>\n\n\n\n<p>En tanto, este mi\u00e9rcoles por la ma\u00f1ana, Tolosa Paz se reuni\u00f3 con el jefe de Gabinete, Juan Manzur, en su despacho de la Casa de Gobierno.<\/p>\n\n\n\n<p>&#8220;Bienvenida al gabinete, querida compa\u00f1era @vtolosapaz Hoy mantuvimos una reuni\u00f3n de trabajo en la que comenzamos a transitar la agenda de compromisos pol\u00edticos y sociales que debemos profundizar para seguir construyendo una patria m\u00e1s justa e igualitaria&#8221;, inform\u00f3 el ministro coordinador en su cuenta de Twitter.<\/p>\n\n\n\n<p>Seg\u00fan informaron desde Balcarce 50, con las nuevas incorporaciones al gabinete nacional, el Presidente decidi\u00f3 convocar a tres mujeres de &#8220;diferentes edades, procedencia geogr\u00e1fica y amplia trayectoria en sus temas de referencia a formar parte de su gabinete con el fin de profundizar la amplitud de miradas y la eficiencia en la gesti\u00f3n&#8221;.<\/p>\n\n\n\n<p>Tolosa Paz, bonaerense de 49 a\u00f1os de edad, es contadora p\u00fablica, y fue electa diputada nacional por la provincia de Buenos Aires en los comicios de 2021.<\/p>\n\n\n\n<p>Finalmente, Olmos -porte\u00f1a de 70 a\u00f1os- es licenciada en Econom\u00eda (Universidad de Buenos Aires), magister en Econom\u00eda Urbana (Universidad Torcuato Di Tella) y posgrado en Formulaci\u00f3n y Evaluaci\u00f3n de Proyectos de Inversi\u00f3n (INPE-OEA-Cepal).<\/p>\n\n\n\n<p>Tambi\u00e9n es directora del Banco de Inversi\u00f3n y Comercio Exterior (BICE), consejera nacional del Partido Justicialista (PJ) y coordinadora de la Comisi\u00f3n de Financiamiento del Desarrollo de los Equipos T\u00e9cnicos del PJ nacional.<\/p>\n","protected":false},"excerpt":{"rendered":"<p>Victoria Tolosa Paz, Raquel &#8220;Kelly&#8221; Kismer de Olmos y Ayel\u00e9n Mazzina asumir\u00e1n en reemplazo de Juan Zabaleta, Claudio Moroni y Elizabeth G\u00f3mez Alcorta. El presidente Alberto Fern\u00e1ndez le tomar\u00e1 este&hellip; <\/p>\n","protected":false},"author":4,"featured_media":10770,"comment_status":"closed","ping_status":"open","sticky":false,"template":"","format":"standard","meta":{"footnotes":""},"categories":[1],"tags":[],"class_list":["post-10768","post","type-post","status-publish","format-standard","has-post-thumbnail","hentry","category-informacion-general"],"_links":{"self":[{"href":"https:\/\/corrientesdetarde.com\/index.php\/wp-json\/wp\/v2\/posts\/10768","targetHints":{"allow":["GET"]}}],"collection":[{"href":"https:\/\/corrientesdetarde.com\/index.php\/wp-json\/wp\/v2\/posts"}],"about":[{"href":"https:\/\/corrientesdetarde.com\/index.php\/wp-json\/wp\/v2\/types\/post"}],"author":[{"embeddable":true,"href":"https:\/\/corrientesdetarde.com\/index.php\/wp-json\/wp\/v2\/users\/4"}],"replies":[{"embeddable":true,"href":"https:\/\/corrientesdetarde.com\/index.php\/wp-json\/wp\/v2\/comments?post=10768"}],"version-history":[{"count":1,"href":"https:\/\/corrientesdetarde.com\/index.php\/wp-json\/wp\/v2\/posts\/10768\/revisions"}],"predecessor-version":[{"id":10771,"href":"https:\/\/corrientesdetarde.com\/index.php\/wp-json\/wp\/v2\/posts\/10768\/revisions\/10771"}],"wp:featuredmedia":[{"embeddable":true,"href":"https:\/\/corrientesdetarde.com\/index.php\/wp-json\/wp\/v2\/media\/10770"}],"wp:attachment":[{"href":"https:\/\/corrientesdetarde.com\/index.php\/wp-json\/wp\/v2\/media?parent=10768"}],"wp:term":[{"taxonomy":"category","embeddable":true,"href":"https:\/\/corrientesdetarde.com\/index.php\/wp-json\/wp\/v2\/categories?post=10768"},{"taxonomy":"post_tag","embeddable":true,"href":"https:\/\/corrientesdetarde.com\/index.php\/wp-json\/wp\/v2\/tags?post=10768"}],"curies":[{"name":"wp","href":"https:\/\/api.w.org\/{rel}","templated":true}]}}