{"id":10769,"date":"2022-10-13T10:20:13","date_gmt":"2022-10-13T13:20:13","guid":{"rendered":"https:\/\/corrientesdetarde.com\/?p=10769"},"modified":"2022-10-13T10:22:02","modified_gmt":"2022-10-13T13:22:02","slug":"el-artista-rodolfo-insaurralde-expondra-en-la-legislatura-correntina","status":"publish","type":"post","link":"https:\/\/corrientesdetarde.com\/index.php\/politica\/el-artista-rodolfo-insaurralde-expondra-en-la-legislatura-correntina\/","title":{"rendered":"El artista Rodolfo Insaurralde expondr\u00e1 en la Legislatura correntina\u00a0\u00a0"},"content":{"rendered":"\n<p><strong>El acto de formal entrega de la distinci\u00f3n de Personalidad Destacada \u2013Ley 6609- ser\u00e1 el 1 de noviembre a las 10, oportunidad en que quedar\u00e1 inaugurada su exposici\u00f3n. El s\u00e1bado 5 brindar\u00e1 una charla sobre \u201ccolores\u201d y la t\u00e9cnica que emplea en sus obras. &nbsp;<\/strong><\/p>\n\n\n\n<figure class=\"wp-block-image size-large\"><img loading=\"lazy\" decoding=\"async\" width=\"1024\" height=\"1024\" src=\"https:\/\/corrientesdetarde.com\/wp-content\/uploads\/2022\/10\/INVITACION-INSAURRALDE-MEDIOS-1024x1024.jpg\" alt=\"\" class=\"wp-image-10842\" srcset=\"https:\/\/corrientesdetarde.com\/wp-content\/uploads\/2022\/10\/INVITACION-INSAURRALDE-MEDIOS-1024x1024.jpg 1024w, https:\/\/corrientesdetarde.com\/wp-content\/uploads\/2022\/10\/INVITACION-INSAURRALDE-MEDIOS-300x300.jpg 300w, https:\/\/corrientesdetarde.com\/wp-content\/uploads\/2022\/10\/INVITACION-INSAURRALDE-MEDIOS-150x150.jpg 150w, https:\/\/corrientesdetarde.com\/wp-content\/uploads\/2022\/10\/INVITACION-INSAURRALDE-MEDIOS-768x768.jpg 768w, https:\/\/corrientesdetarde.com\/wp-content\/uploads\/2022\/10\/INVITACION-INSAURRALDE-MEDIOS-375x375.jpg 375w, https:\/\/corrientesdetarde.com\/wp-content\/uploads\/2022\/10\/INVITACION-INSAURRALDE-MEDIOS.jpg 1280w\" sizes=\"auto, (max-width: 1024px) 100vw, 1024px\" \/><\/figure>\n\n\n\n<p>El artista pl\u00e1stico Rodolfo Insaurralde, declarado \u201cPersonalidad Destacada de la provincia de Corrientes\u201d, por Ley 6609 \u2013votada por unanimidad en ambas\u00a0c\u00e1maras legislativas este a\u00f1o-, expondr\u00e1 en el Sal\u00f3n de los Pasos Perdidos de la Legislatura Provincial en la primera semana de noviembre; siendo el acto central de entrega de dicha distinci\u00f3n el martes 1, a las 10 horas con la presencia de autoridades provinciales y municipales adem\u00e1s de invitados especiales. \u00a0<\/p>\n\n\n\n<p><\/p>\n\n\n\n<p>Entre el 31 de octubre al 5 de noviembre, desarrollar\u00e1 distintas actividades con estudiantes secundarios; incluyendo una charla\u00a0abierta a artistas y p\u00fablico en general sobre \u201cPsicolog\u00eda del Color\u201d el s\u00e1bado 5 por la ma\u00f1ana. \u00a0<\/p>\n\n\n\n<figure class=\"wp-block-image size-large\"><img loading=\"lazy\" decoding=\"async\" width=\"1024\" height=\"683\" src=\"https:\/\/corrientesdetarde.com\/wp-content\/uploads\/2022\/10\/Rodolfo-Insaurralde-1024x683.jpg\" alt=\"\" class=\"wp-image-10847\" srcset=\"https:\/\/corrientesdetarde.com\/wp-content\/uploads\/2022\/10\/Rodolfo-Insaurralde-1024x683.jpg 1024w, https:\/\/corrientesdetarde.com\/wp-content\/uploads\/2022\/10\/Rodolfo-Insaurralde-300x200.jpg 300w, https:\/\/corrientesdetarde.com\/wp-content\/uploads\/2022\/10\/Rodolfo-Insaurralde-768x512.jpg 768w, https:\/\/corrientesdetarde.com\/wp-content\/uploads\/2022\/10\/Rodolfo-Insaurralde-272x182.jpg 272w, https:\/\/corrientesdetarde.com\/wp-content\/uploads\/2022\/10\/Rodolfo-Insaurralde.jpg 1280w\" sizes=\"auto, (max-width: 1024px) 100vw, 1024px\" \/><\/figure>\n\n\n\n<p>Cabe destacar que al sancionarse la Ley 6609 el 10 de agosto de este 2022; los legisladores \u2013diputados primero, y senadores provinciales despu\u00e9s- reconocieron la lealtad y amor a esta provincia, de Rodolfo Insaurralde; oficiando desde hace mucho tiempo de \u201cembajador correntino y de Argentina, en cada punto del mundo que le toca visitar\u201d, tal cual sostiene los fundamentos de la iniciativa presentada por el presidente de Diputados Pedro Cassani.&nbsp;<\/p>\n\n\n\n<figure class=\"wp-block-image size-large\"><img loading=\"lazy\" decoding=\"async\" width=\"1024\" height=\"1024\" src=\"https:\/\/corrientesdetarde.com\/wp-content\/uploads\/2022\/10\/INVITACION-R-INSAURRALDE-MEDIOS-1024x1024.jpg\" alt=\"\" class=\"wp-image-10843\" srcset=\"https:\/\/corrientesdetarde.com\/wp-content\/uploads\/2022\/10\/INVITACION-R-INSAURRALDE-MEDIOS-1024x1024.jpg 1024w, https:\/\/corrientesdetarde.com\/wp-content\/uploads\/2022\/10\/INVITACION-R-INSAURRALDE-MEDIOS-300x300.jpg 300w, https:\/\/corrientesdetarde.com\/wp-content\/uploads\/2022\/10\/INVITACION-R-INSAURRALDE-MEDIOS-150x150.jpg 150w, https:\/\/corrientesdetarde.com\/wp-content\/uploads\/2022\/10\/INVITACION-R-INSAURRALDE-MEDIOS-768x768.jpg 768w, https:\/\/corrientesdetarde.com\/wp-content\/uploads\/2022\/10\/INVITACION-R-INSAURRALDE-MEDIOS-375x375.jpg 375w, https:\/\/corrientesdetarde.com\/wp-content\/uploads\/2022\/10\/INVITACION-R-INSAURRALDE-MEDIOS.jpg 1280w\" sizes=\"auto, (max-width: 1024px) 100vw, 1024px\" \/><\/figure>\n\n\n\n<p>La ley se aprob\u00f3, \u201cen m\u00e9rito a su intachable y extensa trayectoria, reconoci\u00e9ndolo como un ejemplo art\u00edstico para las generaciones presentes y futuras; resaltando, asimismo, su valioso aporte al crecimiento y difusi\u00f3n de la cultura de Corrientes en el mundo entero\u201d, se se\u00f1alaba en oportunidad de aprobarse en Diputados, en sesi\u00f3n especial desarrollada en Goya, el 4 de mayo \u00faltimo.&nbsp; &nbsp;<\/p>\n\n\n\n<p>El artista ha realizado exposiciones en numerosas ciudades de Argentina, Estados Unidos y Uruguay, y en el 2003 se present\u00f3 en la Embajada Argentina en Par\u00eds.&nbsp;&nbsp;<\/p>\n\n\n\n<p>Sus obras figuran en colecciones privadas de Marruecos, Francia, M\u00e9xico, Estados Unidos y Argentina. &nbsp;<\/p>\n\n\n\n<p>Pasada su terrible experiencia con el Covid-19, \u201cquiere devolver al pueblo correntino, todo el afecto recibido; con obras dise\u00f1adas especialmente para ellos\u201d, explicaron sus allegados. &nbsp;<\/p>\n\n\n\n<p>A fines de la organizaci\u00f3n, se solicita a las escuelas secundarias que deseen visitar la muestra \u2013y para poder dialogar con el artista-, inscribirse en el mail:&nbsp;<a href=\"mailto:muestrarodolfoinsaurralde@gmail.com\" rel=\"noreferrer noopener\" target=\"_blank\">muestrarodolfoinsaurralde@gmail.com<\/a>&nbsp;a fin de poder otorgarles un horario que permita su prolija recepci\u00f3n y atenci\u00f3n.&nbsp; &nbsp;<\/p>\n","protected":false},"excerpt":{"rendered":"<p>El acto de formal entrega de la distinci\u00f3n de Personalidad Destacada \u2013Ley 6609- ser\u00e1 el 1 de noviembre a las 10, oportunidad en que quedar\u00e1 inaugurada su exposici\u00f3n. El s\u00e1bado&hellip; <\/p>\n","protected":false},"author":4,"featured_media":10841,"comment_status":"closed","ping_status":"open","sticky":false,"template":"","format":"standard","meta":{"footnotes":""},"categories":[3],"tags":[],"class_list":["post-10769","post","type-post","status-publish","format-standard","has-post-thumbnail","hentry","category-politica"],"_links":{"self":[{"href":"https:\/\/corrientesdetarde.com\/index.php\/wp-json\/wp\/v2\/posts\/10769","targetHints":{"allow":["GET"]}}],"collection":[{"href":"https:\/\/corrientesdetarde.com\/index.php\/wp-json\/wp\/v2\/posts"}],"about":[{"href":"https:\/\/corrientesdetarde.com\/index.php\/wp-json\/wp\/v2\/types\/post"}],"author":[{"embeddable":true,"href":"https:\/\/corrientesdetarde.com\/index.php\/wp-json\/wp\/v2\/users\/4"}],"replies":[{"embeddable":true,"href":"https:\/\/corrientesdetarde.com\/index.php\/wp-json\/wp\/v2\/comments?post=10769"}],"version-history":[{"count":2,"href":"https:\/\/corrientesdetarde.com\/index.php\/wp-json\/wp\/v2\/posts\/10769\/revisions"}],"predecessor-version":[{"id":10848,"href":"https:\/\/corrientesdetarde.com\/index.php\/wp-json\/wp\/v2\/posts\/10769\/revisions\/10848"}],"wp:featuredmedia":[{"embeddable":true,"href":"https:\/\/corrientesdetarde.com\/index.php\/wp-json\/wp\/v2\/media\/10841"}],"wp:attachment":[{"href":"https:\/\/corrientesdetarde.com\/index.php\/wp-json\/wp\/v2\/media?parent=10769"}],"wp:term":[{"taxonomy":"category","embeddable":true,"href":"https:\/\/corrientesdetarde.com\/index.php\/wp-json\/wp\/v2\/categories?post=10769"},{"taxonomy":"post_tag","embeddable":true,"href":"https:\/\/corrientesdetarde.com\/index.php\/wp-json\/wp\/v2\/tags?post=10769"}],"curies":[{"name":"wp","href":"https:\/\/api.w.org\/{rel}","templated":true}]}}