{"id":10772,"date":"2022-10-13T08:52:27","date_gmt":"2022-10-13T11:52:27","guid":{"rendered":"https:\/\/corrientesdetarde.com\/?p=10772"},"modified":"2022-10-13T08:52:37","modified_gmt":"2022-10-13T11:52:37","slug":"el-espacio-marino-celebra-un-ano-mas-logramos-ser-una-casa-donde-contenemos-a-artistes-locales-y-emergentes","status":"publish","type":"post","link":"https:\/\/corrientesdetarde.com\/index.php\/cultura\/el-espacio-marino-celebra-un-ano-mas-logramos-ser-una-casa-donde-contenemos-a-artistes-locales-y-emergentes\/","title":{"rendered":"El Espacio Mari\u00f1o celebra un a\u00f1o m\u00e1s: &#8220;Logramos ser una casa donde contenemos a artistas locales y emergentes&#8221;"},"content":{"rendered":"\n<p>El Espacio Mari\u00f1o nuclea a la biblioteca, el teatro y el patio cultural que se encuentran en el hist\u00f3rico edificio de la Biblioteca Popular Jos\u00e9 R. Mari\u00f1o, ubicada en el coraz\u00f3n del centro capitalino. Mar\u00eda In\u00e9s Silvero y Jos\u00e9 Acevedo, gestores culturales correntinos expresaron como ha sido la evoluci\u00f3n de esta propuesta que busca el fomento y el desarrollo de la cultura local.\u00a0<\/p>\n\n\n\n<p>El Centro Cultural Espacio Mari\u00f1o ( Sta. Fe 847 en la Ciudad de Corrientes) celebra su s\u00e9ptimo aniversario y su presidente Jos\u00e9 Acevedo y la t\u00e9cnica en gesti\u00f3n y desarrollo cultural, Mar\u00eda In\u00e9s Silvero, dialogaron con LT7 respecto al crecimiento de esta propuesta que busca nuclear diferentes iniciativas y apostar a escena art\u00edstica local y emergente.<\/p>\n\n\n\n<p>&#8220;El espacio cumple siete a\u00f1os, desde el 2015, en realidad tenemos varios cumplea\u00f1os pero tratamos de unificarlos en el 12 de octubre por ser este el d\u00eda de la Diversidad Cultural, el cual carga con mucho peso a nivel cultural y social y nosotros desde el espacio buscamos eso, representar la diversidad art\u00edstica y que puedan todes sentirse parte de este espacio, eso es muy importante&#8221;, explic\u00f3 In\u00e9s.<\/p>\n\n\n\n<figure class=\"wp-block-image\"><img decoding=\"async\" src=\"https:\/\/www.lt7noticias.com\/content\/bucket\/9\/34739w380h252c.jpg.webp\" alt=\"\"\/><\/figure>\n\n\n\n<p>Cabe recordar que el edificio conocido como La Mari\u00f1o, comenz\u00f3 a funcionar como Biblioteca Popular en mayo de 1910, luego, en 1989 se incorpor\u00f3 el teatro, dando paso en el 2015 al inicio del Patio de la Mari\u00f1o, con la realizaci\u00f3n del primer Domingazo Patiero.<\/p>\n\n\n\n<p>&#8220;La gente identificaba a las \u00e1reas de manera espec\u00edfica, era la biblioteca, el patio, el teatro, entonces lo que decidimos fue nuclear y de manera estrat\u00e9gica comunicacional poder darle fuerza a todo lo que ocurre&#8221;, indic\u00f3 Jos\u00e9 al especificar el por qu\u00e9 hoy la propuesta lleva el nombre de Espacio Mari\u00f1o, conjugando a las iniciativas de las diferentes tem\u00e1ticas a fin de que la oferta pueda ser conocida por el p\u00fablico de una manera m\u00e1s amplia y homog\u00e9nea.<\/p>\n\n\n\n<p>&#8220;En esta fecha en particular, el 12 de octubre, se hab\u00eda creado el ciclo del Patio Cultural, que fue lo que gener\u00f3 todo esto de implementar el Espacio Mari\u00f1o que nuclee las diferentes iniciativas. Hay todo un trasfondo, pero esto que queremos celebrar es el haber logrado nuclear, visibilizar, crear el Espacio. Hay mucha gente que tuvo que ver para que el Espacios sea hoy lo que es&#8221;, destac\u00f3 el joven.<\/p>\n\n\n\n<figure class=\"wp-block-image\"><img decoding=\"async\" src=\"https:\/\/www.lt7noticias.com\/content\/bucket\/0\/34740w380h240c.jpg.webp\" alt=\"\"\/><\/figure>\n\n\n\n<p>&#8220;Todo se reform\u00f3 bastante, se trabaj\u00f3 mucho y hoy logramos ser un espacio, una casa art\u00edstica, donde buscamos contener a les artistes locales, emergentes. El a\u00f1o pasado inauguramos una nueva galer\u00eda de arte, El Vivero, para saldar una deuda con los artistas pl\u00e1sticos y fot\u00f3grafos que busquen exponer. El abanico de propuestas del Espacio Mari\u00f1o es muy amplio&#8221;, agreg\u00f3 In\u00e9s.<\/p>\n\n\n\n<p>En este sentido, al ser consultados respecto al modo de llevar adelante un proyecto de esta \u00edndole y la manera de mantener una agenda actualizada, los gestores culturales aseguraron: &#8220;Gestionarlo es dif\u00edcil, m\u00e1s all\u00e1 del espacio f\u00edsico, es un espacio grande que comprende Biblioteca, Teatro y el Patio. La realidad es que tenemos un grupo muy grande de personas, que es lo importante para poder llevar adelante todo acorde a las actividades. Hoy podemos decir que hay equipos de trabajo dedicados a diferentes \u00edtems, lo que nos ayuda a organizarnos, tener un orden y una estructura que permita llevar adelante las propuestas&#8221;.<\/p>\n\n\n\n<p>Sobre esto, remarcaron el cierre de espacios similares al de la Mari\u00f1o, lo que ha hecho que numerosos artistas busquen un lugar que los reciba, siendo ese sitio este: &#8220;Hay que tener en cuenta que, como vemos, se van cerrando espacios dedicados al \u00e1mbito cultural como sucedi\u00f3 recientemente con Lo de Mari, por lo que el Espacio Mari\u00f1o tiene una demanda muy importante por parte de quienes buscan un lugar donde poder actuar, poder participar de alg\u00fan evento y en ocasiones se ha hecho dif\u00edcil contener esto&#8221;.<\/p>\n\n\n\n<p>En cuanto a esto, la no rentabilidad de espacios o propuestas culturales, In\u00e9s realiz\u00f3 un paralelismo con regiones como Chaco, que cuentan con una cartera de opciones con acompa\u00f1amiento estatal, lo que fomenta tanto el crecimiento como la permanencia de este tipo de proyectos.<\/p>\n\n\n\n<figure class=\"wp-block-image\"><img decoding=\"async\" src=\"https:\/\/www.lt7noticias.com\/content\/bucket\/8\/34738w250h172c.jpg.webp\" alt=\"\"\/><\/figure>\n\n\n\n<p>&#8220;Un problema global que pudimos detectar es que Corrientes falta presencia del Estado, falta que el Estado mire a los espacios culturales y se d\u00e9 cuenta que hace mucho los espacios culturales autogestivos est\u00e1n y lo que hacen es resistir a todo lo que sucede, la pandemia, la inflaci\u00f3n, los aumentos. Hay una informalidad enorme en el sector cultural, no hay ley de gestores, no hay ley de mecenazgo implementada, lo que hace que todo lo que nosotros hagamos sea por amor al arte, pero falta acompa\u00f1amiento estatal y visibilizaci\u00f3n. Por supuesto, hay que destacar que en el \u00faltimo tiempo nuestra relaci\u00f3n con el municipio el Instituto de Cultura mejor\u00f3 bastante, pero que nosotros busquemos y hagamos esto no significa que los dem\u00e1s lo hagan, hay desigualdad en ese punto y es algo que cuesta. &nbsp;La informalidad hace que no seamos vistos como personas como tales con derechos a un salario, por ejemplo.<\/p>\n","protected":false},"excerpt":{"rendered":"<p>El Espacio Mari\u00f1o nuclea a la biblioteca, el teatro y el patio cultural que se encuentran en el hist\u00f3rico edificio de la Biblioteca Popular Jos\u00e9 R. Mari\u00f1o, ubicada en el&hellip; <\/p>\n","protected":false},"author":4,"featured_media":10773,"comment_status":"closed","ping_status":"open","sticky":false,"template":"","format":"standard","meta":{"footnotes":""},"categories":[15],"tags":[],"class_list":["post-10772","post","type-post","status-publish","format-standard","has-post-thumbnail","hentry","category-cultura"],"_links":{"self":[{"href":"https:\/\/corrientesdetarde.com\/index.php\/wp-json\/wp\/v2\/posts\/10772","targetHints":{"allow":["GET"]}}],"collection":[{"href":"https:\/\/corrientesdetarde.com\/index.php\/wp-json\/wp\/v2\/posts"}],"about":[{"href":"https:\/\/corrientesdetarde.com\/index.php\/wp-json\/wp\/v2\/types\/post"}],"author":[{"embeddable":true,"href":"https:\/\/corrientesdetarde.com\/index.php\/wp-json\/wp\/v2\/users\/4"}],"replies":[{"embeddable":true,"href":"https:\/\/corrientesdetarde.com\/index.php\/wp-json\/wp\/v2\/comments?post=10772"}],"version-history":[{"count":2,"href":"https:\/\/corrientesdetarde.com\/index.php\/wp-json\/wp\/v2\/posts\/10772\/revisions"}],"predecessor-version":[{"id":10775,"href":"https:\/\/corrientesdetarde.com\/index.php\/wp-json\/wp\/v2\/posts\/10772\/revisions\/10775"}],"wp:featuredmedia":[{"embeddable":true,"href":"https:\/\/corrientesdetarde.com\/index.php\/wp-json\/wp\/v2\/media\/10773"}],"wp:attachment":[{"href":"https:\/\/corrientesdetarde.com\/index.php\/wp-json\/wp\/v2\/media?parent=10772"}],"wp:term":[{"taxonomy":"category","embeddable":true,"href":"https:\/\/corrientesdetarde.com\/index.php\/wp-json\/wp\/v2\/categories?post=10772"},{"taxonomy":"post_tag","embeddable":true,"href":"https:\/\/corrientesdetarde.com\/index.php\/wp-json\/wp\/v2\/tags?post=10772"}],"curies":[{"name":"wp","href":"https:\/\/api.w.org\/{rel}","templated":true}]}}