{"id":107743,"date":"2023-12-05T13:23:05","date_gmt":"2023-12-05T16:23:05","guid":{"rendered":"https:\/\/corrientesdetarde.com\/?p=107743"},"modified":"2023-12-05T13:23:10","modified_gmt":"2023-12-05T16:23:10","slug":"evolucion-con-la-mirada-puesta-en-la-construccion-de-una-nueva-alternativa","status":"publish","type":"post","link":"https:\/\/corrientesdetarde.com\/index.php\/politica\/evolucion-con-la-mirada-puesta-en-la-construccion-de-una-nueva-alternativa\/","title":{"rendered":"EVOLUCION CON LA MIRADA PUESTA EN LA CONSTRUCCI\u00d3N DE UNA NUEVA ALTERNATIVA"},"content":{"rendered":"\n<p>Este s\u00e1bado 2 de diciembre se reunieron dirigentes de Evoluci\u00f3n de la 1ra secci\u00f3n electoral de la provincia de Buenos Aires con los militantes en su local de Tigre, La Usina, en un encuentro en el que no faltaron las decisiones pol\u00edticas de alto calibre.<\/p>\n\n\n\n<p>Juan Nosiglia abri\u00f3 la jornada hablando de \u201cla necesidad de unidad partidaria en tiempos en los que la fragmentaci\u00f3n pol\u00edtica del peronismo, el Pro y la salida de muchos actores pol\u00edticos de LLA generan lo imprescindible que es una opci\u00f3n racional y democr\u00e1tica\u201d<\/p>\n\n\n\n<p>A Continuaci\u00f3n el Diputado Provincial Pablo Domenichini sostuvo \u201cla urgencia imperiosa de defender la educaci\u00f3n p\u00fablica como motor de la movilidad social ascendente e igualadora de oprtunidades en lugar del sistema de bouchers \u201c<\/p>\n\n\n\n<p>Seguidamente expresaron su situaci\u00f3n local respecto de la UCR y el a\u00f1o electoral, Jorge Quiroga (Tigre), Alexis Pellagatta (Luj\u00e1n), Daniel Estigarribia (Pilar), Juan Blanco (Moreno), Carolina Olmedo (3 de Febrero), Alejandro Totito Gonz\u00e1lez (Vicente L\u00f3pez), Rom\u00e1n Reynoso (Malvinas Argentinas), Carolina Sosa (Hurlingham), Diego Granzurger (Mor\u00f3n), Agust\u00edn Olalla (Escobar), entre otros.<\/p>\n\n\n\n<p>Adem\u00e1s se present\u00f3 un documento conteniendo un an\u00e1lisis y la posici\u00f3n pol\u00edtica de la agrupaci\u00f3n de la 1ra secci\u00f3n, cuyo sugestivo t\u00edtulo era \u201c40 a\u00f1os despu\u00e9s, \u00bfa d\u00f3nde vamos?\u201d, en una clara alusi\u00f3n al a\u00f1o en que se recuerda el triunfo de Ra\u00fal Alfons\u00edn en 1983 y el retorno de la democracia. Dami\u00e1n Gonz\u00e1lez Farah (Tigre), explic\u00f3 el documenti , expresandi que \u201ctuvo como eje de contenido, la necesidad de que el espacio elija a sus mejores exponentes, sosteniendo que la organizaci\u00f3n pol\u00edtica sea un instrumento que impulse a la UCR en la direcci\u00f3n de construir ideas y valores en lugar de mimetizarse con el kirchnerismo que solo representa una maquinaria electoral que se alimenta de cargos en el estado y se potencia con el clientelismo pobrista.\u201d<\/p>\n\n\n\n<p>Por la tarde la Diputada Provincial Mar\u00eda Bel\u00e9n Malaisi, resalt\u00f3 \u201c lo necesario de volver a la calle prontamente para hablar y contener a la gente, que hoy la pasa mal, pero que posiblemente en poco tiempo est\u00e9 peor\u201d, haciendo clara alusi\u00f3n a las pol\u00edticas anunciadas por el presidente electo Javier Milei.<\/p>\n\n\n\n<p>Finalmente, cerr\u00f3 el encuentro el Diputado Nacional Mart\u00edn Tetaz, quien se refiri\u00f3 a \u201cJuntos Por el Cambio como un espacio pol\u00edtico que ya hab\u00eda cumplido su objetivo y cuyo ciclo se hab\u00eda terminado\u201d. Agreg\u00f3 que, \u201chay dirigentes del Pro que deber\u00e1n hacerse cargo de querer cogobernar con Milei y el radicalismo deber\u00e1 impulsar una nueva coalici\u00f3n, poni\u00e9ndose a la cabeza de una alternativa pol\u00edtica con mirada humanista y de futuro\u201d<\/p>\n\n\n\n<p>Los integrantes de Evoluci\u00f3n, as\u00ed como los invitados presentes de otras l\u00edneas internas radicales y partidos vecinalistas, se fueron entusiasmados y se preparar\u00e1n en cada localidad, para representar a los\/as vecinos\/as, entendiendo que se inicia una nueva etapa, en la que tendr\u00e1n candidatos competitivos en el \u00e1mbito nacional, provincial y local, quienes asumir\u00e1n la responsabilidad de comunicar a la sociedad que la alternativa ser\u00e1 una nueva coalici\u00f3n, que tenga como eje a la igualdad de oportunidades, la libertad y la transparencia.<\/p>\n","protected":false},"excerpt":{"rendered":"<p>Este s\u00e1bado 2 de diciembre se reunieron dirigentes de Evoluci\u00f3n de la 1ra secci\u00f3n electoral de la provincia de Buenos Aires con los militantes en su local de Tigre, La&hellip; <\/p>\n","protected":false},"author":11,"featured_media":107744,"comment_status":"closed","ping_status":"open","sticky":false,"template":"","format":"standard","meta":{"footnotes":""},"categories":[3],"tags":[813,1250],"class_list":["post-107743","post","type-post","status-publish","format-standard","has-post-thumbnail","hentry","category-politica","tag-evolucion","tag-lusteau"],"_links":{"self":[{"href":"https:\/\/corrientesdetarde.com\/index.php\/wp-json\/wp\/v2\/posts\/107743","targetHints":{"allow":["GET"]}}],"collection":[{"href":"https:\/\/corrientesdetarde.com\/index.php\/wp-json\/wp\/v2\/posts"}],"about":[{"href":"https:\/\/corrientesdetarde.com\/index.php\/wp-json\/wp\/v2\/types\/post"}],"author":[{"embeddable":true,"href":"https:\/\/corrientesdetarde.com\/index.php\/wp-json\/wp\/v2\/users\/11"}],"replies":[{"embeddable":true,"href":"https:\/\/corrientesdetarde.com\/index.php\/wp-json\/wp\/v2\/comments?post=107743"}],"version-history":[{"count":1,"href":"https:\/\/corrientesdetarde.com\/index.php\/wp-json\/wp\/v2\/posts\/107743\/revisions"}],"predecessor-version":[{"id":107745,"href":"https:\/\/corrientesdetarde.com\/index.php\/wp-json\/wp\/v2\/posts\/107743\/revisions\/107745"}],"wp:featuredmedia":[{"embeddable":true,"href":"https:\/\/corrientesdetarde.com\/index.php\/wp-json\/wp\/v2\/media\/107744"}],"wp:attachment":[{"href":"https:\/\/corrientesdetarde.com\/index.php\/wp-json\/wp\/v2\/media?parent=107743"}],"wp:term":[{"taxonomy":"category","embeddable":true,"href":"https:\/\/corrientesdetarde.com\/index.php\/wp-json\/wp\/v2\/categories?post=107743"},{"taxonomy":"post_tag","embeddable":true,"href":"https:\/\/corrientesdetarde.com\/index.php\/wp-json\/wp\/v2\/tags?post=107743"}],"curies":[{"name":"wp","href":"https:\/\/api.w.org\/{rel}","templated":true}]}}