{"id":107746,"date":"2023-12-05T14:04:48","date_gmt":"2023-12-05T17:04:48","guid":{"rendered":"https:\/\/corrientesdetarde.com\/?p=107746"},"modified":"2023-12-05T14:04:59","modified_gmt":"2023-12-05T17:04:59","slug":"futbol-7-pc-cristian-billordo-se-destaco-con-la-seleccion-argentina-en-los-juegos-parapanamericanos-de-chile-2023","status":"publish","type":"post","link":"https:\/\/corrientesdetarde.com\/index.php\/deportes\/futbol-7-pc-cristian-billordo-se-destaco-con-la-seleccion-argentina-en-los-juegos-parapanamericanos-de-chile-2023\/","title":{"rendered":"F\u00fatbol 7 PC: Cristian Billordo se destac\u00f3 con la Selecci\u00f3n Argentina en los Juegos Parapanamericanos de Chile 2023"},"content":{"rendered":"\n<p>El jugador correntino, Cristian Billordo, integrante de la Selecci\u00f3n Argentina de f\u00fatbol 7 PC (Par\u00e1lisis Cerebral), fue recibido este martes por el secretario de Deportes de la Provincia, Jorge Terrile.&nbsp;En ese marco, el joven de 23 a\u00f1os y oriundo de la ciudad Capital, coment\u00f3 sobre sus logros y proyecciones a futuro como deportista, y a cerca de su reciente participaci\u00f3n en los Juegos Parapanamericanos 2023 que tuvo lugar en Chile, en donde fue parte del combinado nacional, desempe\u00f1\u00e1ndose&nbsp;en la posici\u00f3n de enganche.<\/p>\n\n\n\n<p>&#8220;Entreno desde que soy chico y tuve mucho trabajo de rehabilitaci\u00f3n por mi condici\u00f3n f\u00edsica&#8221;, cont\u00f3. &#8220;Fui convocado por la Selecci\u00f3n Argentina \u00b4Los Tigres\u00b4, cuando particip\u00e9 de un torneo nacional&#8221;, relat\u00f3 el jugador.<\/p>\n\n\n\n<p>&#8220;El nivel es exigente y estoy entrenando con la Selecci\u00f3n desde el 2019&#8221;, coment\u00f3 en su paso por la Secretar\u00eda de Deportes. En los Juegos Parapanamericanos de Chile 2023, Billordo fue parte del equipo nacional de F\u00fatbol PC,&nbsp;d\u00f3nde el seleccionado albiceleste cay\u00f3 en la final ante Brasil por 1 a 0, qued\u00e1ndose con la medalla de plata.<\/p>\n\n\n\n<p>Para el 2024 adelant\u00f3 que seguir\u00e1 participando con la Selecci\u00f3n de cara al mundial de F\u00fatbol PC que se jugar\u00e1 en Espa\u00f1a; y luego la Copa Am\u00e9rica.&nbsp;<\/p>\n","protected":false},"excerpt":{"rendered":"<p>El jugador correntino, Cristian Billordo, integrante de la Selecci\u00f3n Argentina de f\u00fatbol 7 PC (Par\u00e1lisis Cerebral), fue recibido este martes por el secretario de Deportes de la Provincia, Jorge Terrile.&nbsp;En&hellip; <\/p>\n","protected":false},"author":8,"featured_media":107747,"comment_status":"closed","ping_status":"open","sticky":false,"template":"","format":"standard","meta":{"footnotes":""},"categories":[4],"tags":[],"class_list":["post-107746","post","type-post","status-publish","format-standard","has-post-thumbnail","hentry","category-deportes"],"_links":{"self":[{"href":"https:\/\/corrientesdetarde.com\/index.php\/wp-json\/wp\/v2\/posts\/107746","targetHints":{"allow":["GET"]}}],"collection":[{"href":"https:\/\/corrientesdetarde.com\/index.php\/wp-json\/wp\/v2\/posts"}],"about":[{"href":"https:\/\/corrientesdetarde.com\/index.php\/wp-json\/wp\/v2\/types\/post"}],"author":[{"embeddable":true,"href":"https:\/\/corrientesdetarde.com\/index.php\/wp-json\/wp\/v2\/users\/8"}],"replies":[{"embeddable":true,"href":"https:\/\/corrientesdetarde.com\/index.php\/wp-json\/wp\/v2\/comments?post=107746"}],"version-history":[{"count":1,"href":"https:\/\/corrientesdetarde.com\/index.php\/wp-json\/wp\/v2\/posts\/107746\/revisions"}],"predecessor-version":[{"id":107748,"href":"https:\/\/corrientesdetarde.com\/index.php\/wp-json\/wp\/v2\/posts\/107746\/revisions\/107748"}],"wp:featuredmedia":[{"embeddable":true,"href":"https:\/\/corrientesdetarde.com\/index.php\/wp-json\/wp\/v2\/media\/107747"}],"wp:attachment":[{"href":"https:\/\/corrientesdetarde.com\/index.php\/wp-json\/wp\/v2\/media?parent=107746"}],"wp:term":[{"taxonomy":"category","embeddable":true,"href":"https:\/\/corrientesdetarde.com\/index.php\/wp-json\/wp\/v2\/categories?post=107746"},{"taxonomy":"post_tag","embeddable":true,"href":"https:\/\/corrientesdetarde.com\/index.php\/wp-json\/wp\/v2\/tags?post=107746"}],"curies":[{"name":"wp","href":"https:\/\/api.w.org\/{rel}","templated":true}]}}