{"id":107758,"date":"2023-12-05T14:10:44","date_gmt":"2023-12-05T17:10:44","guid":{"rendered":"https:\/\/corrientesdetarde.com\/?p=107758"},"modified":"2023-12-05T14:10:55","modified_gmt":"2023-12-05T17:10:55","slug":"tassano-convoco-a-extraordinarias-2","status":"publish","type":"post","link":"https:\/\/corrientesdetarde.com\/index.php\/politica\/tassano-convoco-a-extraordinarias-2\/","title":{"rendered":"Tassano convoc\u00f3 a extraordinarias"},"content":{"rendered":"\n<p><em>El intendente llam\u00f3 a un per\u00edodo extraordinario de sesiones del Concejo Deliberante capitalino, que inicia este jueves 7 de diciembre y se extender\u00e1 hasta el 31 del mismo mes. Algunas de las iniciativas que figuran en el temario son las referidas al Presupuesto y la Tarifaria 2024. Tambi\u00e9n la Cuenta de Inversi\u00f3n ejercicio 2022 y pr\u00f3rroga de la intervenci\u00f3n de la Caja Municipal de Pr\u00e9stamos;&nbsp;al igual que el proyecto de plan de regularizaci\u00f3n de habilitaciones comerciales y el plan de urbanizaci\u00f3n de predios en Santa Catalina.<\/em><\/p>\n\n\n\n<p>El intendente Eduardo Tassano convoc\u00f3 al per\u00edodo extraordinario de sesiones en el Concejo Deliberante, que inicia este jueves 7 de diciembre y se extender\u00e1 hasta el 31 de este mes.<br>De esta manera, el intendente pretende avanzar en diversos temas que considera prioritarios para el desarrollo de la gesti\u00f3n municipal y, consecuentemente, contar con herramientas que le permitan continuar con el camino en la b\u00fasqueda de mejoras en la Capital, convirti\u00e9ndola en una ciudad moderna, amigable, sustentable y de oportunidades.<br>As\u00ed, haciendo uso de las atribuciones conferidas por la Carta Org\u00e1nica Municipal (art\u00edculo 46 &#8211; inciso 7), el titular del Departamento Ejecutivo Municipal (DEM), a trav\u00e9s de la resoluci\u00f3n N\u00ba 5126, con fecha de este martes 5 de diciembre, convoc\u00f3 a un per\u00edodo extraordinario de sesiones. El expediente enviado por el DEM fue rubricado por el intendente Eduardo Tassano y refrendado por el secretario de Coordinaci\u00f3n de Gobierno, Hugo Calvano.<\/p>\n\n\n\n<p>TEMAS PREVISTOS<br>En la resoluci\u00f3n, el titular del Ejecutivo municipal estableci\u00f3 el temario de asuntos a tratar en este lapso, entre los cuales se encuentran los proyectos de ordenanza Tarifaria, que ya tiene aprobaci\u00f3n en primera lectura, y el de Presupuesto ejercicio fiscal 2024. Tambi\u00e9n est\u00e1 en agenda la Cuenta de Inversi\u00f3n ejercicio 2022.<br>Asimismo, se plantea el tratamiento de la intervenci\u00f3n de la Caja Municipal de Pr\u00e9stamos, con pr\u00f3rroga anual De igual manera, la pr\u00f3rroga del proyecto de plan de regularizaci\u00f3n de habilitaciones comerciales.<br>En materia de obras se buscar\u00e1 avanzar en el plan especial tercera etapa de urbanizaci\u00f3n de predios Santa Catalina en su norma general; y la tercera etapa de urbanizaci\u00f3n de predios de Santa Catalina espec\u00edficamente del plan Sector 2, \u00e1rea residencial suburbana y de actividades agroproductivas y recreativas.<br>Finalmente, integra el temario un proyecto de compensaci\u00f3n, afectaci\u00f3n y desafectaci\u00f3n del dominio p\u00fablico; un expediente de la Secretar\u00eda de Movilidad Urbana y un proyecto para crear el programa Banda Soporte en la Municipalidad de la ciudad de Corrientes.<\/p>\n\n\n\n<figure class=\"wp-block-image size-full\"><img loading=\"lazy\" decoding=\"async\" width=\"946\" height=\"634\" src=\"https:\/\/corrientesdetarde.com\/wp-content\/uploads\/2023\/12\/image-72.png\" alt=\"\" class=\"wp-image-107759\" srcset=\"https:\/\/corrientesdetarde.com\/wp-content\/uploads\/2023\/12\/image-72.png 946w, https:\/\/corrientesdetarde.com\/wp-content\/uploads\/2023\/12\/image-72-300x201.png 300w, https:\/\/corrientesdetarde.com\/wp-content\/uploads\/2023\/12\/image-72-768x515.png 768w\" sizes=\"auto, (max-width: 946px) 100vw, 946px\" \/><\/figure>\n","protected":false},"excerpt":{"rendered":"<p>El intendente llam\u00f3 a un per\u00edodo extraordinario de sesiones del Concejo Deliberante capitalino, que inicia este jueves 7 de diciembre y se extender\u00e1 hasta el 31 del mismo mes. Algunas&hellip; <\/p>\n","protected":false},"author":8,"featured_media":107760,"comment_status":"closed","ping_status":"open","sticky":false,"template":"","format":"standard","meta":{"footnotes":""},"categories":[3],"tags":[],"class_list":["post-107758","post","type-post","status-publish","format-standard","has-post-thumbnail","hentry","category-politica"],"_links":{"self":[{"href":"https:\/\/corrientesdetarde.com\/index.php\/wp-json\/wp\/v2\/posts\/107758","targetHints":{"allow":["GET"]}}],"collection":[{"href":"https:\/\/corrientesdetarde.com\/index.php\/wp-json\/wp\/v2\/posts"}],"about":[{"href":"https:\/\/corrientesdetarde.com\/index.php\/wp-json\/wp\/v2\/types\/post"}],"author":[{"embeddable":true,"href":"https:\/\/corrientesdetarde.com\/index.php\/wp-json\/wp\/v2\/users\/8"}],"replies":[{"embeddable":true,"href":"https:\/\/corrientesdetarde.com\/index.php\/wp-json\/wp\/v2\/comments?post=107758"}],"version-history":[{"count":1,"href":"https:\/\/corrientesdetarde.com\/index.php\/wp-json\/wp\/v2\/posts\/107758\/revisions"}],"predecessor-version":[{"id":107761,"href":"https:\/\/corrientesdetarde.com\/index.php\/wp-json\/wp\/v2\/posts\/107758\/revisions\/107761"}],"wp:featuredmedia":[{"embeddable":true,"href":"https:\/\/corrientesdetarde.com\/index.php\/wp-json\/wp\/v2\/media\/107760"}],"wp:attachment":[{"href":"https:\/\/corrientesdetarde.com\/index.php\/wp-json\/wp\/v2\/media?parent=107758"}],"wp:term":[{"taxonomy":"category","embeddable":true,"href":"https:\/\/corrientesdetarde.com\/index.php\/wp-json\/wp\/v2\/categories?post=107758"},{"taxonomy":"post_tag","embeddable":true,"href":"https:\/\/corrientesdetarde.com\/index.php\/wp-json\/wp\/v2\/tags?post=107758"}],"curies":[{"name":"wp","href":"https:\/\/api.w.org\/{rel}","templated":true}]}}