{"id":10776,"date":"2022-10-13T08:56:18","date_gmt":"2022-10-13T11:56:18","guid":{"rendered":"https:\/\/corrientesdetarde.com\/?p=10776"},"modified":"2022-10-13T08:56:21","modified_gmt":"2022-10-13T11:56:21","slug":"gestores-culturales-remarcan-la-necesidad-de-implementar-la-ley-de-mecenazgo","status":"publish","type":"post","link":"https:\/\/corrientesdetarde.com\/index.php\/informacion-general\/gestores-culturales-remarcan-la-necesidad-de-implementar-la-ley-de-mecenazgo\/","title":{"rendered":"Gestores culturales remarcan la necesidad de implementar la Ley de Mecenazgo"},"content":{"rendered":"\n<p>La t\u00e9cnica en gesti\u00f3n y desarrollo cultural, Mar\u00eda In\u00e9s Silvero, quien forma parte del equipo de trabajo del Espacio Mari\u00f1o dialog\u00f3 respecto a la situaci\u00f3n del sector y la urgencia de marcos legales que garanticen un amparo concreto. &#8220;La informalidad hace que no seamos vistos como personas como tales con derecho a un salario, por ejemplo&#8221;, afirm\u00f3.<\/p>\n\n\n\n<p>Mar\u00eda In\u00e9s Silvero, t\u00e9cnica en gesti\u00f3n y desarrollo cultural e integrante del Espacio Mari\u00f1o expres\u00f3 a LTSiesta cu\u00e1les son los puntos, en cuanto a materia legislativa y estatal, que a su consideraci\u00f3n y de sus colegas, deben ponerse en agenda a fin de lograr brindar a los gestores culturales un mejor escenario laboral. En este sentido, hizo referencia a lo que se conoce como Ley de Mecenazgo, normativa que a\u00fan no se encuentra implementada en la provincia.<\/p>\n\n\n\n<figure class=\"wp-block-image\"><img decoding=\"async\" src=\"https:\/\/www.lt7noticias.com\/content\/bucket\/3\/34743w380h235c.jpg.webp\" alt=\"\"\/><\/figure>\n\n\n\n<p>&#8220;La Ley de Mecenazgo est\u00e1, pero falta su implementaci\u00f3n. Para los trabajadores de la cultura ser\u00eda un logro m\u00e1ximo, porque no nos quitar\u00eda la autogesti\u00f3n pero si nos permitir\u00eda trabajar mejor y m\u00e1s c\u00f3modos en el \u00e1mbito en el que estamos. Espero que esto alcance a las futuras generaciones y por qu\u00e9 no, a m\u00ed tambi\u00e9n, que podamos hoy estar en mejores condiciones&#8221;.<\/p>\n\n\n\n<p>Cabe recordar que el Gobierno de la Provincia, a trav\u00e9s del Instituto de Cultura de Corrientes, tras su aprobaci\u00f3n y promulgaci\u00f3n, present\u00f3 el 26 de mayo en el Sal\u00f3n Amarillo de Casa de Gobierno la Ley de Mecenazgo.<\/p>\n\n\n\n<p>El r\u00e9gimen de mecenazgo (instituido por la Ley 6333) permite a los contribuyentes que tributan en la provincia de Corrientes destinar parte de lo que pagan un concepto del Impuesto sobre los Ingresos Brutos a proyectos culturales declarados de inter\u00e9s y aprobados por el Instituto de Cultura de la Provincia. De esta manera los creadores de la provincia reciben el apoyo econ\u00f3mico para sus emprendimientos.<\/p>\n\n\n\n<p>De acuerdo a lo informado en ese momento, mediante esta normativa ser\u00eda posible articular entre el empresario privado y las organizaciones no gubernamentales, asociaciones, fundaciones y tambi\u00e9n particulares independientes que puedan desarrollar programas culturales que aporten al desarrollo de la provincia.<\/p>\n\n\n\n<p>As\u00ed mismo, In\u00e9s apunto a la importancia de discutir el Proyecto de Ley de Cine de Corrientes, legislaci\u00f3n que tiene como fin regular las condiciones para la producci\u00f3n audiovisual en la provincia. El texto fue redactado en clave coral, mediante una comisi\u00f3n integrada por colectivos, asociaciones, instituciones y sectores involucrados en esta industria local.<\/p>\n\n\n\n<figure class=\"wp-block-image\"><img decoding=\"async\" src=\"https:\/\/www.lt7noticias.com\/content\/bucket\/2\/34742w380h224c.jpg.webp\" alt=\"\"\/><\/figure>\n\n\n\n<p>Este proyecto de ley pretende ser representativo, con base en los derechos humanos y con principios culturales, sociales y creativos que garanticen la accesibilidad, territorialidad y diversidad cultural, ling\u00fc\u00edstica, de g\u00e9nero y sexual.<\/p>\n\n\n\n<p>Por otro lado, teniendo esto en cuenta, y la no rentabilidad de espacios o propuestas culturales en nuestra provincia, In\u00e9s realiz\u00f3 un paralelismo con regiones como Chaco, que cuentan con una cartera de opciones con acompa\u00f1amiento estatal, lo que fomenta tanto el crecimiento como la permanencia de este tipo de proyectos.<\/p>\n\n\n\n<p>&#8220;Un problema global que pudimos detectar es que Corrientes falta presencia del Estado, falta que el Estado mire a los espacios culturales y se d\u00e9 cuenta que hace mucho los espacios culturales autogestivos est\u00e1n y lo que hacen es resistir a todo lo que sucede, la pandemia, la inflaci\u00f3n, los aumentos. Hay una informalidad enorme en el sector cultural, no hay ley de gestores, no hay ley de mecenazgo implementada, lo que hace que todo lo que nosotros hagamos sea por amor al arte, pero falta acompa\u00f1amiento estatal y visibilizaci\u00f3n. Por supuesto, hay que destacar que en el \u00faltimo tiempo nuestra relaci\u00f3n con el municipio el Instituto de Cultura mejor\u00f3 bastante, pero que nosotros busquemos y hagamos esto no significa que los dem\u00e1s lo hagan, hay desigualdad en ese punto y es algo que cuesta. &nbsp;La informalidad hace que no seamos vistos como personas como tales con derechos a un salario, por ejemplo&#8221;, asever\u00f3.<\/p>\n","protected":false},"excerpt":{"rendered":"<p>La t\u00e9cnica en gesti\u00f3n y desarrollo cultural, Mar\u00eda In\u00e9s Silvero, quien forma parte del equipo de trabajo del Espacio Mari\u00f1o dialog\u00f3 respecto a la situaci\u00f3n del sector y la urgencia&hellip; <\/p>\n","protected":false},"author":4,"featured_media":10778,"comment_status":"closed","ping_status":"open","sticky":false,"template":"","format":"standard","meta":{"footnotes":""},"categories":[1],"tags":[],"class_list":["post-10776","post","type-post","status-publish","format-standard","has-post-thumbnail","hentry","category-informacion-general"],"_links":{"self":[{"href":"https:\/\/corrientesdetarde.com\/index.php\/wp-json\/wp\/v2\/posts\/10776","targetHints":{"allow":["GET"]}}],"collection":[{"href":"https:\/\/corrientesdetarde.com\/index.php\/wp-json\/wp\/v2\/posts"}],"about":[{"href":"https:\/\/corrientesdetarde.com\/index.php\/wp-json\/wp\/v2\/types\/post"}],"author":[{"embeddable":true,"href":"https:\/\/corrientesdetarde.com\/index.php\/wp-json\/wp\/v2\/users\/4"}],"replies":[{"embeddable":true,"href":"https:\/\/corrientesdetarde.com\/index.php\/wp-json\/wp\/v2\/comments?post=10776"}],"version-history":[{"count":1,"href":"https:\/\/corrientesdetarde.com\/index.php\/wp-json\/wp\/v2\/posts\/10776\/revisions"}],"predecessor-version":[{"id":10779,"href":"https:\/\/corrientesdetarde.com\/index.php\/wp-json\/wp\/v2\/posts\/10776\/revisions\/10779"}],"wp:featuredmedia":[{"embeddable":true,"href":"https:\/\/corrientesdetarde.com\/index.php\/wp-json\/wp\/v2\/media\/10778"}],"wp:attachment":[{"href":"https:\/\/corrientesdetarde.com\/index.php\/wp-json\/wp\/v2\/media?parent=10776"}],"wp:term":[{"taxonomy":"category","embeddable":true,"href":"https:\/\/corrientesdetarde.com\/index.php\/wp-json\/wp\/v2\/categories?post=10776"},{"taxonomy":"post_tag","embeddable":true,"href":"https:\/\/corrientesdetarde.com\/index.php\/wp-json\/wp\/v2\/tags?post=10776"}],"curies":[{"name":"wp","href":"https:\/\/api.w.org\/{rel}","templated":true}]}}