{"id":107762,"date":"2023-12-05T14:15:34","date_gmt":"2023-12-05T17:15:34","guid":{"rendered":"https:\/\/corrientesdetarde.com\/?p=107762"},"modified":"2023-12-05T14:15:46","modified_gmt":"2023-12-05T17:15:46","slug":"secuestraron-animales-vacunos-faenados-y-de-dudosa-procedencia","status":"publish","type":"post","link":"https:\/\/corrientesdetarde.com\/index.php\/crimen-y-justicia\/secuestraron-animales-vacunos-faenados-y-de-dudosa-procedencia\/","title":{"rendered":"secuestraron animales vacunos faenados y de dudosa procedencia"},"content":{"rendered":"\n<p>Personal de la Polic\u00eda de Seguridad Rural y Ecol\u00f3gica de Virasoro, durante la jornada del<br>pasado 03-12-23, en circunstancias en que se hallaban realizando operativos de contralor<br>dentro del contexto del \u201cPlan Integral de Seguridad Vial y Prevenci\u00f3n del Abigeato, diagramado<br>por el Ministerio de Seguridad y la Jefatura de Polic\u00eda e implementado en el \u00e1mbito de toda la<br>provincia, aprehendieron a una persona que conduc\u00eda un veh\u00edculo automotor, en el cual<br>trasportaba 04 animales vacunos, faenados y de dudosa procedencia.<br>El procedimiento, lo llevaron a cabo en horas de la noche, en inmediaciones de las calles<br>Carlos Farina y Mburucuya, del Barrio Presidente Ra\u00fal Alfons\u00edn, zona urbana de esa ciudad,<br>lugar donde en circunstancias en que se hallaban realizando sus labores espec\u00edficas de<br>contralor, detuvieron la marcha de una camioneta-Chevrolet S-10; conducida por un hombre<br>mayor de edad y quien, trasportaba en la parte trasera del rodado, un total de (04) animales<br>vacunos faenados, aparentemente categor\u00eda novillo, de aproximadamente 200 kilos cada<br>animal, de lo cual al momento del procedimiento, no pudo justificar fehacientemente la<br>propiedad y\/o la procedencia.<br>Ante tal situaci\u00f3n y adem\u00e1s, al no contar con las medidas sanitarias vigentes para su<br>traslado, se dio intervenci\u00f3n a la unidad fiscal correspondiente, procedieron al secuestro de los<br>animales; del rodado y a la aprehensi\u00f3n de este hombre mientras que, al respecto se prosiguen<br>con las diligencias y tramites del caso.<\/p>\n","protected":false},"excerpt":{"rendered":"<p>Personal de la Polic\u00eda de Seguridad Rural y Ecol\u00f3gica de Virasoro, durante la jornada delpasado 03-12-23, en circunstancias en que se hallaban realizando operativos de contralordentro del contexto del \u201cPlan&hellip; <\/p>\n","protected":false},"author":8,"featured_media":107763,"comment_status":"closed","ping_status":"open","sticky":false,"template":"","format":"standard","meta":{"footnotes":""},"categories":[5],"tags":[],"class_list":["post-107762","post","type-post","status-publish","format-standard","has-post-thumbnail","hentry","category-crimen-y-justicia"],"_links":{"self":[{"href":"https:\/\/corrientesdetarde.com\/index.php\/wp-json\/wp\/v2\/posts\/107762","targetHints":{"allow":["GET"]}}],"collection":[{"href":"https:\/\/corrientesdetarde.com\/index.php\/wp-json\/wp\/v2\/posts"}],"about":[{"href":"https:\/\/corrientesdetarde.com\/index.php\/wp-json\/wp\/v2\/types\/post"}],"author":[{"embeddable":true,"href":"https:\/\/corrientesdetarde.com\/index.php\/wp-json\/wp\/v2\/users\/8"}],"replies":[{"embeddable":true,"href":"https:\/\/corrientesdetarde.com\/index.php\/wp-json\/wp\/v2\/comments?post=107762"}],"version-history":[{"count":1,"href":"https:\/\/corrientesdetarde.com\/index.php\/wp-json\/wp\/v2\/posts\/107762\/revisions"}],"predecessor-version":[{"id":107764,"href":"https:\/\/corrientesdetarde.com\/index.php\/wp-json\/wp\/v2\/posts\/107762\/revisions\/107764"}],"wp:featuredmedia":[{"embeddable":true,"href":"https:\/\/corrientesdetarde.com\/index.php\/wp-json\/wp\/v2\/media\/107763"}],"wp:attachment":[{"href":"https:\/\/corrientesdetarde.com\/index.php\/wp-json\/wp\/v2\/media?parent=107762"}],"wp:term":[{"taxonomy":"category","embeddable":true,"href":"https:\/\/corrientesdetarde.com\/index.php\/wp-json\/wp\/v2\/categories?post=107762"},{"taxonomy":"post_tag","embeddable":true,"href":"https:\/\/corrientesdetarde.com\/index.php\/wp-json\/wp\/v2\/tags?post=107762"}],"curies":[{"name":"wp","href":"https:\/\/api.w.org\/{rel}","templated":true}]}}